{"id":597,"date":"2020-07-20T14:52:24","date_gmt":"2020-07-20T12:52:24","guid":{"rendered":"http:\/\/www.pedagogie.ac-nice.fr\/doc-azur\/?p=597"},"modified":"2020-07-20T14:52:56","modified_gmt":"2020-07-20T12:52:56","slug":"traam-emi-ludification-et-co-creation-inter-degres","status":"publish","type":"post","link":"https:\/\/www.pedagogie.ac-nice.fr\/doc-azur\/2020\/07\/20\/traam-emi-ludification-et-co-creation-inter-degres\/","title":{"rendered":"TRAAM EMI : Ludification et co-cr\u00e9ation inter-degr\u00e9s"},"content":{"rendered":"<p style=\"text-align: center;\"><img loading=\"lazy\" decoding=\"async\" class=\"alignnone size-full wp-image-172\" src=\"https:\/\/www.pedagogie.ac-nice.fr\/doc-azur\/wp-content\/uploads\/sites\/40\/2020\/07\/traam.jpg\" alt=\"\" width=\"192\" height=\"74\" \/><\/p>\n<p>Le passage de l&rsquo;\u00e9cole au coll\u00e8ge est une \u00e9tape importante dans la scolarit\u00e9 de nos \u00e9l\u00e8ves.<\/p>\n<p>A cet \u00e9gard, les liaisons inter-degr\u00e9s constituent des dispositifs privil\u00e9gi\u00e9s pour favoriser l&rsquo;accueil des \u00e9l\u00e8ves et leur accompagnement. Les conseils \u00e9cole-coll\u00e8ge, temps d&rsquo;\u00e9changes et de concertation entre enseignants des premier et second degr\u00e9s ont vocation \u00e0 assurer la continuit\u00e9 p\u00e9dagogique.<\/p>\n<p>Alors que l&rsquo;\u00e9cole a pour vocation de donner le go\u00fbt du travail aux \u00e9l\u00e8ves et de former les citoyens de demain, on peut se demander en quoi la p\u00e9dagogie par le jeu constitue un levier pour d\u00e9velopper la coop\u00e9ration inter-degr\u00e9s ?<\/p>\n<p>Notre travail, r\u00e9alis\u00e9 avec l&rsquo;outil Genial.ly, objet de la collaboration entre les acad\u00e9mies de Dijon (Alexis Pelte) et Nice (Karine Labrousse), tentera d&rsquo;apporter des \u00e9l\u00e9ments de r\u00e9ponse \u00e0 cette probl\u00e9matique.<\/p>\n<p>Lien vers l&rsquo;infographie : <a href=\"https:\/\/view.genial.ly\/5cebca3145e5b70f66ea5127\/horizontal-infographic-review-traam-emi\">https:\/\/view.genial.ly\/5cebca3145e5b70f66ea5127\/horizontal-infographic-review-traam-emi<\/a><\/p>\n<p>Auteur : Karine Labrousse<\/p>\n","protected":false},"excerpt":{"rendered":"<p>Le passage de l&rsquo;\u00e9cole au coll\u00e8ge est une \u00e9tape importante dans la scolarit\u00e9 de nos \u00e9l\u00e8ves. A cet \u00e9gard, les liaisons inter-degr\u00e9s constituent des dispositifs privil\u00e9gi\u00e9s pour favoriser l&rsquo;accueil des \u00e9l\u00e8ves et leur accompagnement. Les conseils \u00e9cole-coll\u00e8ge, temps d&rsquo;\u00e9changes et de concertation entre enseignants des premier et second degr\u00e9s ont [&hellip;]<\/p>\n","protected":false},"author":237,"featured_media":0,"comment_status":"closed","ping_status":"closed","sticky":false,"template":"","format":"standard","meta":{"ngg_post_thumbnail":0,"footnotes":""},"categories":[28,40,11],"tags":[],"class_list":["post-597","post","type-post","status-publish","format-standard","hentry","category-liaison-cycle-3","category-ludification","category-traam-emi"],"rttpg_featured_image_url":null,"rttpg_author":{"display_name":"docazur","author_link":"https:\/\/www.pedagogie.ac-nice.fr\/doc-azur\/author\/docazur\/"},"rttpg_comment":0,"rttpg_category":"<a href=\"https:\/\/www.pedagogie.ac-nice.fr\/doc-azur\/category\/liaison-cycle-3\/\" rel=\"category tag\">Liaison Cycle 3<\/a> <a href=\"https:\/\/www.pedagogie.ac-nice.fr\/doc-azur\/category\/ludification\/\" rel=\"category tag\">Ludification<\/a> <a href=\"https:\/\/www.pedagogie.ac-nice.fr\/doc-azur\/category\/traam-emi\/\" rel=\"category tag\">TRAAM EMI<\/a>","rttpg_excerpt":"Le passage de l&rsquo;\u00e9cole au coll\u00e8ge est une \u00e9tape importante dans la scolarit\u00e9 de nos \u00e9l\u00e8ves. A cet \u00e9gard, les liaisons inter-degr\u00e9s constituent des dispositifs privil\u00e9gi\u00e9s pour favoriser l&rsquo;accueil des \u00e9l\u00e8ves et leur accompagnement. Les conseils \u00e9cole-coll\u00e8ge, temps d&rsquo;\u00e9changes et de concertation entre enseignants des premier et second degr\u00e9s ont [&hellip;]","post_mailing_queue_ids":[],"_links":{"self":[{"href":"https:\/\/www.pedagogie.ac-nice.fr\/doc-azur\/wp-json\/wp\/v2\/posts\/597","targetHints":{"allow":["GET"]}}],"collection":[{"href":"https:\/\/www.pedagogie.ac-nice.fr\/doc-azur\/wp-json\/wp\/v2\/posts"}],"about":[{"href":"https:\/\/www.pedagogie.ac-nice.fr\/doc-azur\/wp-json\/wp\/v2\/types\/post"}],"author":[{"embeddable":true,"href":"https:\/\/www.pedagogie.ac-nice.fr\/doc-azur\/wp-json\/wp\/v2\/users\/237"}],"replies":[{"embeddable":true,"href":"https:\/\/www.pedagogie.ac-nice.fr\/doc-azur\/wp-json\/wp\/v2\/comments?post=597"}],"version-history":[{"count":1,"href":"https:\/\/www.pedagogie.ac-nice.fr\/doc-azur\/wp-json\/wp\/v2\/posts\/597\/revisions"}],"predecessor-version":[{"id":598,"href":"https:\/\/www.pedagogie.ac-nice.fr\/doc-azur\/wp-json\/wp\/v2\/posts\/597\/revisions\/598"}],"wp:attachment":[{"href":"https:\/\/www.pedagogie.ac-nice.fr\/doc-azur\/wp-json\/wp\/v2\/media?parent=597"}],"wp:term":[{"taxonomy":"category","embeddable":true,"href":"https:\/\/www.pedagogie.ac-nice.fr\/doc-azur\/wp-json\/wp\/v2\/categories?post=597"},{"taxonomy":"post_tag","embeddable":true,"href":"https:\/\/www.pedagogie.ac-nice.fr\/doc-azur\/wp-json\/wp\/v2\/tags?post=597"}],"curies":[{"name":"wp","href":"https:\/\/api.w.org\/{rel}","templated":true}]}}