{"id":716,"date":"2020-07-22T12:34:24","date_gmt":"2020-07-22T10:34:24","guid":{"rendered":"http:\/\/www.pedagogie.ac-nice.fr\/doc-azur\/?p=716"},"modified":"2020-07-22T12:34:24","modified_gmt":"2020-07-22T10:34:24","slug":"propriete-intellectuelle-et-propriete-artistique","status":"publish","type":"post","link":"https:\/\/www.pedagogie.ac-nice.fr\/doc-azur\/2020\/07\/22\/propriete-intellectuelle-et-propriete-artistique\/","title":{"rendered":"Propri\u00e9t\u00e9 intellectuelle et propri\u00e9t\u00e9 artistique"},"content":{"rendered":"<h3><strong>Dans sa lettre d&rsquo;information n\u00ba125 du 11 Juin 2010,<\/strong> l&rsquo; ESEN (\u00c9cole sup\u00e9rieure de l&rsquo;Education Nationale) signale deux dossiers :<\/h3>\n<ul>\n<li><strong>Propri\u00e9t\u00e9 litt\u00e9raire et artistique et protection des donn\u00e9es : guide juridique.<\/strong> <em>\u00ab\u00a0Informations pratiques pour l&rsquo;utilisation d&rsquo;oeuvres de l&rsquo;esprit telles que les textes, les photographies, les oeuvres musicales, les oeuvres audiovisuelles et les logiciels.\u00a0\u00bb<\/em><\/li>\n<\/ul>\n<p style=\"margin-left: 40px;\">Sur savoirsCDI : <a href=\"http:\/\/www.savoirscdi.cndp.fr\/index.php?id=1524\">http:\/\/www.savoirscdi.cndp.fr\/index.php?id=1524<\/a><\/p>\n<ul>\n<li><strong>Propri\u00e9t\u00e9 intellectuelle : 14 questions \u00e0 propos des nouveaux textes relatifs \u00e0 l&rsquo;exception dite p\u00e9dagogique.<\/strong><\/li>\n<\/ul>\n<p style=\"margin-left: 40px;\">Sur le site acad\u00e9mique de documentation d&rsquo;Orl\u00e9ans -Tour : <a href=\"http:\/\/documentation.tice.ac -orleans -tours.fr\/php5\/\/index.php?option=com_content&amp;task=view&amp;id=496&amp;Itemid=65\">http:\/\/documentation.tice.ac -orleans -tours.fr\/php5\/\/index.php?option=com_content&amp;task=view&amp;id=496&amp;Itemid=65<\/a><\/p>\n<p>Pour consulter la lettre compl\u00e8te (on y trouvera d&rsquo;autres informations utiles telles que des <strong>fiches concernant les diff\u00e9rents dispositifs p\u00e9dagogiques<\/strong>) :<\/p>\n<p><a href=\"http:\/\/www.esen.education.fr\/fr\/lettre -d -information\/?lettre=1374&amp;cHash=a650148744\">http:\/\/www.esen.education.fr\/fr\/lettre -d -information\/?lettre=1374&amp;cHash=a650148744<\/a><\/p>\n","protected":false},"excerpt":{"rendered":"<p>Dans sa lettre d&rsquo;information n\u00ba125 du 11 Juin 2010, l&rsquo; ESEN (\u00c9cole sup\u00e9rieure de l&rsquo;Education Nationale) signale deux dossiers : Propri\u00e9t\u00e9 litt\u00e9raire et artistique et protection des donn\u00e9es : guide juridique. \u00ab\u00a0Informations pratiques pour l&rsquo;utilisation d&rsquo;oeuvres de l&rsquo;esprit telles que les textes, les photographies, les oeuvres musicales, les oeuvres audiovisuelles [&hellip;]<\/p>\n","protected":false},"author":237,"featured_media":0,"comment_status":"closed","ping_status":"closed","sticky":false,"template":"","format":"standard","meta":{"ngg_post_thumbnail":0,"footnotes":""},"categories":[47],"tags":[],"class_list":["post-716","post","type-post","status-publish","format-standard","hentry","category-propriete-intellectuelle"],"rttpg_featured_image_url":null,"rttpg_author":{"display_name":"docazur","author_link":"https:\/\/www.pedagogie.ac-nice.fr\/doc-azur\/author\/docazur\/"},"rttpg_comment":0,"rttpg_category":"<a href=\"https:\/\/www.pedagogie.ac-nice.fr\/doc-azur\/category\/propriete-intellectuelle\/\" rel=\"category tag\">Propri\u00e9t\u00e9 intellectuelle<\/a>","rttpg_excerpt":"Dans sa lettre d&rsquo;information n\u00ba125 du 11 Juin 2010, l&rsquo; ESEN (\u00c9cole sup\u00e9rieure de l&rsquo;Education Nationale) signale deux dossiers : Propri\u00e9t\u00e9 litt\u00e9raire et artistique et protection des donn\u00e9es : guide juridique. \u00ab\u00a0Informations pratiques pour l&rsquo;utilisation d&rsquo;oeuvres de l&rsquo;esprit telles que les textes, les photographies, les oeuvres musicales, les oeuvres audiovisuelles [&hellip;]","post_mailing_queue_ids":[],"_links":{"self":[{"href":"https:\/\/www.pedagogie.ac-nice.fr\/doc-azur\/wp-json\/wp\/v2\/posts\/716","targetHints":{"allow":["GET"]}}],"collection":[{"href":"https:\/\/www.pedagogie.ac-nice.fr\/doc-azur\/wp-json\/wp\/v2\/posts"}],"about":[{"href":"https:\/\/www.pedagogie.ac-nice.fr\/doc-azur\/wp-json\/wp\/v2\/types\/post"}],"author":[{"embeddable":true,"href":"https:\/\/www.pedagogie.ac-nice.fr\/doc-azur\/wp-json\/wp\/v2\/users\/237"}],"replies":[{"embeddable":true,"href":"https:\/\/www.pedagogie.ac-nice.fr\/doc-azur\/wp-json\/wp\/v2\/comments?post=716"}],"version-history":[{"count":1,"href":"https:\/\/www.pedagogie.ac-nice.fr\/doc-azur\/wp-json\/wp\/v2\/posts\/716\/revisions"}],"predecessor-version":[{"id":717,"href":"https:\/\/www.pedagogie.ac-nice.fr\/doc-azur\/wp-json\/wp\/v2\/posts\/716\/revisions\/717"}],"wp:attachment":[{"href":"https:\/\/www.pedagogie.ac-nice.fr\/doc-azur\/wp-json\/wp\/v2\/media?parent=716"}],"wp:term":[{"taxonomy":"category","embeddable":true,"href":"https:\/\/www.pedagogie.ac-nice.fr\/doc-azur\/wp-json\/wp\/v2\/categories?post=716"},{"taxonomy":"post_tag","embeddable":true,"href":"https:\/\/www.pedagogie.ac-nice.fr\/doc-azur\/wp-json\/wp\/v2\/tags?post=716"}],"curies":[{"name":"wp","href":"https:\/\/api.w.org\/{rel}","templated":true}]}}