{"id":729,"date":"2020-07-22T12:47:49","date_gmt":"2020-07-22T10:47:49","guid":{"rendered":"http:\/\/www.pedagogie.ac-nice.fr\/doc-azur\/?p=729"},"modified":"2020-07-22T12:47:49","modified_gmt":"2020-07-22T10:47:49","slug":"utilisation-doeuvres-protegees-dans-lenseignement","status":"publish","type":"post","link":"https:\/\/www.pedagogie.ac-nice.fr\/doc-azur\/2020\/07\/22\/utilisation-doeuvres-protegees-dans-lenseignement\/","title":{"rendered":"Utilisation d\u2019\u0153uvres prot\u00e9g\u00e9es dans l&rsquo;enseignement"},"content":{"rendered":"<p>Les textes \u00ab\u00a0<a href=\"http:\/\/www.education.gouv.fr\/cid50451\/menj0901120x.html\" target=\"_blank\" rel=\"noopener noreferrer\">Accord sur l&rsquo;utilisation des \u0153uvres cin\u00e9matographiques et audiovisuelles \u00e0 des fins d&rsquo;illustration des activit\u00e9s d&rsquo;enseignement et de recherche<\/a>\u00a0\u00bb et \u00ab\u00a0<a href=\"http:\/\/www.education.gouv.fr\/cid50450\/menj0901121x.html\" target=\"_blank\" rel=\"noopener noreferrer\">Accord sur l&rsquo;interpr\u00e9tation vivante d&rsquo;\u0153uvres musicales, l&rsquo;utilisation d&rsquo;enregistrements sonores d&rsquo;\u0153uvres musicales et l&rsquo;utilisation de vid\u00e9o -musiques \u00e0 des fins d&rsquo;illustration des activit\u00e9s d&rsquo;enseignement et de recherche<\/a>\u00a0\u00bb sont parus au <em>B.O.<\/em> n\u00b0 5 du 04 f\u00e9vrier 2010.<\/p>\n<p>Ces accords s&rsquo;inscrivent dans le prolongement des pr\u00e9c\u00e9dents accords mais prennent en compte \u00ab\u00a0<span class=\"nor_contenu\">l&rsquo;exception au droit d&rsquo;auteur et aux droits voisins, sp\u00e9cifique \u00e0 l&rsquo;enseignement et \u00e0 la recherche (dite \u00ab exception p\u00e9dagogique \u00bb)<\/span>\u00ab\u00a0. Ils sont conclus pour une dur\u00e9e de 3 ans (2009 -2011).<\/p>\n<p>Les deux textes rappellent ce qu&rsquo;est l&rsquo;exception p\u00e9dagogique, d\u00e9finissent la notion d&rsquo;extrait et pr\u00e9cisent la nature et les conditions d&rsquo;utilisation possibles des oeuvres cin\u00e9matographiques et audiovisuelles.<\/p>\n","protected":false},"excerpt":{"rendered":"<p>Les textes \u00ab\u00a0Accord sur l&rsquo;utilisation des \u0153uvres cin\u00e9matographiques et audiovisuelles \u00e0 des fins d&rsquo;illustration des activit\u00e9s d&rsquo;enseignement et de recherche\u00a0\u00bb et \u00ab\u00a0Accord sur l&rsquo;interpr\u00e9tation vivante d&rsquo;\u0153uvres musicales, l&rsquo;utilisation d&rsquo;enregistrements sonores d&rsquo;\u0153uvres musicales et l&rsquo;utilisation de vid\u00e9o -musiques \u00e0 des fins d&rsquo;illustration des activit\u00e9s d&rsquo;enseignement et de recherche\u00a0\u00bb sont parus au [&hellip;]<\/p>\n","protected":false},"author":237,"featured_media":0,"comment_status":"closed","ping_status":"closed","sticky":false,"template":"","format":"standard","meta":{"ngg_post_thumbnail":0,"footnotes":""},"categories":[31,48,47],"tags":[],"class_list":["post-729","post","type-post","status-publish","format-standard","hentry","category-droits-dauteur","category-droits-de-copie","category-propriete-intellectuelle"],"rttpg_featured_image_url":null,"rttpg_author":{"display_name":"docazur","author_link":"https:\/\/www.pedagogie.ac-nice.fr\/doc-azur\/author\/docazur\/"},"rttpg_comment":0,"rttpg_category":"<a href=\"https:\/\/www.pedagogie.ac-nice.fr\/doc-azur\/category\/droits-dauteur\/\" rel=\"category tag\">Droits d'auteur<\/a> <a href=\"https:\/\/www.pedagogie.ac-nice.fr\/doc-azur\/category\/droits-de-copie\/\" rel=\"category tag\">Droits de copie<\/a> <a href=\"https:\/\/www.pedagogie.ac-nice.fr\/doc-azur\/category\/propriete-intellectuelle\/\" rel=\"category tag\">Propri\u00e9t\u00e9 intellectuelle<\/a>","rttpg_excerpt":"Les textes \u00ab\u00a0Accord sur l&rsquo;utilisation des \u0153uvres cin\u00e9matographiques et audiovisuelles \u00e0 des fins d&rsquo;illustration des activit\u00e9s d&rsquo;enseignement et de recherche\u00a0\u00bb et \u00ab\u00a0Accord sur l&rsquo;interpr\u00e9tation vivante d&rsquo;\u0153uvres musicales, l&rsquo;utilisation d&rsquo;enregistrements sonores d&rsquo;\u0153uvres musicales et l&rsquo;utilisation de vid\u00e9o -musiques \u00e0 des fins d&rsquo;illustration des activit\u00e9s d&rsquo;enseignement et de recherche\u00a0\u00bb sont parus au [&hellip;]","post_mailing_queue_ids":[],"_links":{"self":[{"href":"https:\/\/www.pedagogie.ac-nice.fr\/doc-azur\/wp-json\/wp\/v2\/posts\/729","targetHints":{"allow":["GET"]}}],"collection":[{"href":"https:\/\/www.pedagogie.ac-nice.fr\/doc-azur\/wp-json\/wp\/v2\/posts"}],"about":[{"href":"https:\/\/www.pedagogie.ac-nice.fr\/doc-azur\/wp-json\/wp\/v2\/types\/post"}],"author":[{"embeddable":true,"href":"https:\/\/www.pedagogie.ac-nice.fr\/doc-azur\/wp-json\/wp\/v2\/users\/237"}],"replies":[{"embeddable":true,"href":"https:\/\/www.pedagogie.ac-nice.fr\/doc-azur\/wp-json\/wp\/v2\/comments?post=729"}],"version-history":[{"count":1,"href":"https:\/\/www.pedagogie.ac-nice.fr\/doc-azur\/wp-json\/wp\/v2\/posts\/729\/revisions"}],"predecessor-version":[{"id":730,"href":"https:\/\/www.pedagogie.ac-nice.fr\/doc-azur\/wp-json\/wp\/v2\/posts\/729\/revisions\/730"}],"wp:attachment":[{"href":"https:\/\/www.pedagogie.ac-nice.fr\/doc-azur\/wp-json\/wp\/v2\/media?parent=729"}],"wp:term":[{"taxonomy":"category","embeddable":true,"href":"https:\/\/www.pedagogie.ac-nice.fr\/doc-azur\/wp-json\/wp\/v2\/categories?post=729"},{"taxonomy":"post_tag","embeddable":true,"href":"https:\/\/www.pedagogie.ac-nice.fr\/doc-azur\/wp-json\/wp\/v2\/tags?post=729"}],"curies":[{"name":"wp","href":"https:\/\/api.w.org\/{rel}","templated":true}]}}