{"id":821,"date":"2020-07-24T08:10:59","date_gmt":"2020-07-24T06:10:59","guid":{"rendered":"http:\/\/www.pedagogie.ac-nice.fr\/doc-azur\/?p=821"},"modified":"2020-07-24T08:10:59","modified_gmt":"2020-07-24T06:10:59","slug":"cannes-grasse-14-11-2019","status":"publish","type":"post","link":"https:\/\/www.pedagogie.ac-nice.fr\/doc-azur\/2020\/07\/24\/cannes-grasse-14-11-2019\/","title":{"rendered":"Cannes Grasse 14\/11\/2019"},"content":{"rendered":"<p align=\"CENTER\"><b>R\u00e9union de bassin 2019-2020<\/b><\/p>\n<p align=\"CENTER\"><b>jeudi 14 novembre au coll\u00e8ge Albert Camus, Mandelieu<\/b><\/p>\n<p align=\"CENTER\"><b>______<\/b><\/p>\n<p align=\"CENTER\">\n<p align=\"CENTER\"><b>Pr\u00e9sentation des nouveaux professeurs documentalistes du bassin <\/b><\/p>\n<p align=\"CENTER\"><b>Compte rendu r\u00e9union avec les IPR par Evelyne THIERY, Charg\u00e9e de Mission<\/b><\/p>\n<p style=\"background: white; margin: 0cm 0cm 7.5pt 0cm;\"><b><span style=\"font-family: 'Verdana',sans-serif; color: #353e6e;\">Les r\u00e9sultats aux examens :<\/span><\/b><\/p>\n<p style=\"background: white; font-variant-ligatures: normal; font-variant-caps: normal; orphans: 2; widows: 2; -webkit-text-stroke-width: 0px; text-decoration-style: initial; text-decoration-color: initial; word-spacing: 0px; margin: 0cm 0cm 7.5pt 0cm;\"><span style=\"font-size: small;\"><span style=\"font-family: 'Verdana',sans-serif; color: #353e6e;\">&#8211; DNB : 21003 candidats admis donc 86,7 % de r\u00e9ussite (l\u00e9g\u00e8rement au dessus de la moyenne nationale)<\/span><\/span><\/p>\n<p style=\"background: white; font-variant-ligatures: normal; font-variant-caps: normal; orphans: 2; widows: 2; -webkit-text-stroke-width: 0px; text-decoration-style: initial; text-decoration-color: initial; word-spacing: 0px; margin: 0cm 0cm 7.5pt 0cm;\"><span style=\"font-size: small;\"><span style=\"font-family: 'Verdana',sans-serif; color: #353e6e;\">&#8211; CAP \u2013 BEP : r\u00e9ussite en hausse \u00e9galement (l\u00e9g\u00e8rement au dessus de la moyenne nationale aussi)<\/span><\/span><\/p>\n<p style=\"background: white; font-variant-ligatures: normal; font-variant-caps: normal; orphans: 2; widows: 2; -webkit-text-stroke-width: 0px; text-decoration-style: initial; text-decoration-color: initial; word-spacing: 0px; margin: 0cm 0cm 7.5pt 0cm;\"><span style=\"font-size: small;\"><span style=\"font-family: 'Verdana',sans-serif; color: #353e6e;\">&#8211; BAC : taux de r\u00e9ussite globale 89,2 % (1 point au dessus de la moyenne nationale)<\/span><\/span><\/p>\n<p style=\"background: white; font-variant-ligatures: normal; font-variant-caps: normal; orphans: 2; widows: 2; -webkit-text-stroke-width: 0px; text-decoration-style: initial; text-decoration-color: initial; word-spacing: 0px; margin: 0cm 0cm 7.5pt 0cm;\"><span style=\"font-size: small;\"><span style=\"font-family: 'Verdana',sans-serif; color: #353e6e;\">R\u00e9sultats homog\u00e8nes d\u2019un d\u00e9partement \u00e0 un autre.<\/span><\/span><\/p>\n<p style=\"background: white; font-variant-ligatures: normal; font-variant-caps: normal; orphans: 2; widows: 2; -webkit-text-stroke-width: 0px; text-decoration-style: initial; text-decoration-color: initial; word-spacing: 0px; margin: 0cm 0cm 7.5pt 0cm;\"><span style=\"font-size: small;\"><span style=\"font-family: Symbol;\"><span style=\"font-family: Symbol; color: #353e6e;\">\u00ae<\/span> <\/span><b><span style=\"font-family: 'Verdana',sans-serif; color: #353e6e;\">L\u2019orientation<\/span><\/b><\/span><\/p>\n<p style=\"background: white; font-variant-ligatures: normal; font-variant-caps: normal; orphans: 2; widows: 2; -webkit-text-stroke-width: 0px; text-decoration-style: initial; text-decoration-color: initial; word-spacing: 0px; margin: 0cm 0cm 7.5pt 0cm;\"><span style=\"font-size: small;\"><span style=\"font-family: 'Verdana',sans-serif; color: #353e6e;\">&#8211; Meilleur taux d\u2019acc\u00e8s post 3<\/span><sup><span style=\"font-size: 7.5pt; font-family: 'Verdana',sans-serif; color: #353e6e;\">e<\/span><\/sup><span style=\"font-family: 'Verdana',sans-serif; color: #353e6e;\"> et post seconde par rapport au taux national<\/span><\/span><\/p>\n<p style=\"background: white; font-variant-ligatures: normal; font-variant-caps: normal; orphans: 2; widows: 2; -webkit-text-stroke-width: 0px; text-decoration-style: initial; text-decoration-color: initial; word-spacing: 0px; margin: 0cm 0cm 7.5pt 0cm;\"><span style=\"font-size: small;\"><span style=\"font-family: 'Verdana',sans-serif; color: #353e6e;\">&#8211; Palier 3<\/span><sup><span style=\"font-size: 7.5pt; font-family: 'Verdana',sans-serif; color: #353e6e;\">e<\/span><\/sup><span style=\"font-family: 'Verdana',sans-serif; color: #353e6e;\"> vers voie pro : 77,3 des demandes ont \u00e9t\u00e9 accept\u00e9es<\/span><\/span><\/p>\n<p style=\"background: white; font-variant-ligatures: normal; font-variant-caps: normal; orphans: 2; widows: 2; -webkit-text-stroke-width: 0px; text-decoration-style: initial; text-decoration-color: initial; word-spacing: 0px; margin: 0cm 0cm 7.5pt 0cm;\"><span style=\"font-size: small;\"><span style=\"font-family: 'Verdana',sans-serif; color: #353e6e;\">&#8211; Taux de places rest\u00e9 vacant vers seconde pro reste stable.<\/span><\/span><\/p>\n<p style=\"background: white; font-variant-ligatures: normal; font-variant-caps: normal; orphans: 2; widows: 2; -webkit-text-stroke-width: 0px; text-decoration-style: initial; text-decoration-color: initial; word-spacing: 0px; margin: 0cm 0cm 7.5pt 0cm;\"><span style=\"font-size: small;\"><span style=\"font-family: Wingdings;\"><span style=\"font-family: Wingdings; color: #353e6e;\">\u00f0<\/span> <\/span><span style=\"font-family: 'Verdana',sans-serif; color: #353e6e;\">Chiffres positifs signifient que le travail dans les \u00e9tablissements est positif et efficace.<\/span><\/span><\/p>\n<p style=\"background: white; font-variant-ligatures: normal; font-variant-caps: normal; orphans: 2; widows: 2; -webkit-text-stroke-width: 0px; text-decoration-style: initial; text-decoration-color: initial; word-spacing: 0px; margin: 0cm 0cm 7.5pt 0cm;\"><span style=\"font-size: small;\"><span style=\"font-family: Symbol;\"><span style=\"font-family: Symbol; color: #353e6e;\">\u00ae<\/span> <\/span><b><span style=\"font-family: 'Verdana',sans-serif; color: #353e6e;\">R\u00e9forme du lyc\u00e9e et voie professionnelle avec les familles de m\u00e9tiers :<\/span><\/b><span style=\"font-family: 'Verdana',sans-serif; color: #353e6e;\"> contrairement \u00e0 ce qu\u2019on aurait pu penser, les \u00e9l\u00e8ves n\u2019ont pas fait des choix qui pourraient recr\u00e9er des fili\u00e8res.<\/span><\/span><\/p>\n<p style=\"background: white; font-variant-ligatures: normal; font-variant-caps: normal; orphans: 2; widows: 2; -webkit-text-stroke-width: 0px; text-decoration-style: initial; text-decoration-color: initial; word-spacing: 0px; margin: 0cm 0cm 7.5pt 0cm;\"><span style=\"font-size: small;\"><span style=\"font-family: 'Verdana',sans-serif; color: #353e6e;\">En lyc\u00e9e, le professeur documentaliste doit se repositionner par rapport aux enseignements de sp\u00e9cialit\u00e9, \u00e0 l\u2019orientation, l\u2019oral. L\u2019oral fait l\u2019objet d\u2019une formation au PAF.<\/span><\/span><\/p>\n<p><strong>D\u00e9veloppement durable : circulaire nationale de la fin du mois d\u2019ao\u00fbt<\/strong><\/p>\n<p>Dans le cadre du CVC ou CVL : par classe, \u00e9lection d\u2019un bin\u00f4me d\u2019\u00e9co-d\u00e9l\u00e9gu\u00e9s.<\/p>\n<p>Infographie : Les 8 gestes pour une \u00e9ducation au d\u00e9veloppement durable<\/p>\n<p><a href=\"https:\/\/www.education.gouv.fr\/cid144421\/une-ecole-engagee-pour-le-developpement-durable-et-la-transition-ecologique.html\">https:\/\/www.education.gouv.fr\/cid144421\/une-ecole-engagee-pour-le-developpement-durable-et-la-transition-ecologique.html<\/a><\/p>\n<p>\u00ae <strong>D\u00e9crochage scolaire<\/strong><\/p>\n<p>&#8211; Porter attention aux \u00e9l\u00e8ves<\/p>\n<p>&#8211; Devoirs faits (3<sup>e<\/sup> ann\u00e9e) : apr\u00e8s l\u2019aspect organisationnel maintenant il faut r\u00e9fl\u00e9chir \u00e0 l\u2019efficacit\u00e9.<\/p>\n<p>&#8211; Indicateurs quantitatifs : pas assez d\u2019\u00e9l\u00e8ves inscrits actuellement<\/p>\n<p>&#8211; Indicateurs qualitatifs : on peut observer du changement dans le comportement de l\u2019\u00e9l\u00e8ve et aussi dans son parcours scolaire, ses r\u00e9sultats.<\/p>\n<p>\u00ae <strong>Lutte contre les discriminations<\/strong><\/p>\n<p>&#8211; Harc\u00e8lement<\/p>\n<p>&#8211; La la\u00efcit\u00e9 : guide de la la\u00efcit\u00e9 r\u00e9\u00e9dit\u00e9<\/p>\n<p>&#8211; Les diff\u00e9rents prix : \u00ab Tous unis contre le harc\u00e8lement \u00bb, etc.<\/p>\n<p>\u00ae <strong>D\u00e9veloppement de la culture informationnelle<\/strong><\/p>\n<p>D\u00e9veloppement de l\u2019esprit critique : traces et identit\u00e9s num\u00e9riques, r\u00e9seaux sociaux, th\u00e9ories du complot.<\/p>\n<p>Certification <strong><u>Pix <\/u><\/strong>: voir arr\u00eat\u00e9 du 30 ao\u00fbt 2019.<\/p>\n<p>\u00ae <strong>\u00c9ducation artistique et culturelle (dispositif \u00ab 100% EAC)<\/strong><\/p>\n<p>Quart d\u2019heure de lecture &#8230;<\/p>\n<p><strong>\u00ae <\/strong><strong>Projet acad\u00e9mique<\/strong><\/p>\n<p>D\u00e8s janvier 2020, le projet acad\u00e9mique devrait \u00eatre publi\u00e9.<\/p>\n<p>Politique documentaire : politique d\u2019acc\u00e8s aux ressources et formation des \u00e9l\u00e8ves.<\/p>\n<p>Le Recteur en fera une pr\u00e9sentation en janvier 2020.<\/p>\n<p><u>4 axes se dessinent :<\/u><\/p>\n<p>&#8211; Parcours des \u00e9l\u00e8ves (orientation, choix)<\/p>\n<p>&#8211; Engagement des \u00e9l\u00e8ves (quel type d\u2019activit\u00e9 pour favoriser l\u2019engagement des \u00e9l\u00e8ves)<\/p>\n<p>&#8211; Am\u00e9lioration des r\u00e9sultats (p\u00e9dagogie)<\/p>\n<p>&#8211; D\u00e9veloppement professionnel<\/p>\n<p><strong>\u00ae <\/strong><strong>Internats : nouveau projet<\/strong><\/p>\n<p>Apr\u00e8s les Internats de la r\u00e9ussite, nouvelle r\u00e9flexion : des internats th\u00e9matiques (sportifs, culturels, etc.) o\u00f9 le projet p\u00e9dagogique doit \u00eatre fort (plut\u00f4t coll\u00e8ge, territoire de montagne, rural) ET les internats d\u2019excellence (quartiers politique de la ville). Soutien et accompagnement fort des \u00e9l\u00e8ves. Madame Galena est l&rsquo;inspectrice r\u00e9f\u00e9rente pour la mission Internat.<\/p>\n<p><strong>\u00ae <\/strong><strong>Innovation p\u00e9dagogique<\/strong><\/p>\n<p><strong>&#8211; <\/strong>Appel \u00e0 projet PASIE transmis \u00e0 tous les chefs d\u2019\u00e9tablissements.<\/p>\n<p>&#8211; <strong><u>TRAAM EMI<\/u><\/strong><\/p>\n<p>Travail avec acad\u00e9mies de Lille, Grenoble, Reims.<\/p>\n<p>Recherche visuelle, \u00e9valuation de l\u2019information, structuration visuelle, etc\u2026.<\/p>\n<p>&#8211; La place de l\u2019interface orale dans les pratiques de recherche d\u2019information<\/p>\n<p>&#8211; \u00c9valuation de l\u2019information<\/p>\n<p>&#8211; Gisement de donn\u00e9es num\u00e9riques ouvertes<\/p>\n<p>Voir les fiches sur EduBases et CR sur Doc@azur. Tout est publi\u00e9 sous licence Creative Commons.<\/p>\n<p><strong>\u00ae STAGIAIRES <\/strong><\/p>\n<p>5 stagiaires professeurs documentalistes dans l\u2019Acad\u00e9mie dont une temps plein.<\/p>\n<p><strong>\u00ae <\/strong><strong>Campagnes PPCR : d\u00e9lai d\u2019information des personnels a \u00e9t\u00e9 r\u00e9duit \u00e0 15 jours.<\/strong><\/p>\n<p>\u00ab Observation d\u2019une situation professionnelle \u00bb : c\u2019est-\u00e0-dire avec un groupe d\u2019\u00e9l\u00e8ves (pas forc\u00e9ment une s\u00e9ance p\u00e9dagogique classique, un cours, mais \u00e7a peut \u00eatre dans le cadre d\u2019un club, devoirs faits, etc\u2026).<\/p>\n<div align=\"RIGHT\"><\/div>\n<p style=\"text-align: center;\"><span style=\"text-decoration: underline;\"><b>D\u00e9marche et organisation pour faire intervenir un auteur (r\u00e9mun\u00e9ration, contact&#8230;)<\/b> <\/span><\/p>\n<p><u><b>BUDGET<\/b><\/u><u> <\/u>:<\/p>\n<ul>\n<li>Subvention DAAC<\/li>\n<li>CDI<\/li>\n<li>Faire participer le Foyer Socio-Educatif<\/li>\n<li>Partenariat avec les m\u00e9diath\u00e8ques<\/li>\n<li>Travailler avec les municipalit\u00e9s. Budget tripartite<\/li>\n<li>Subvention de la maison du livre et de l&rsquo;\u00e9crivain<\/li>\n<\/ul>\n<p><u><b>CONTACT :<\/b><\/u><\/p>\n<table border=\"1\" width=\"100%\" cellspacing=\"0\" cellpadding=\"4\">\n<tbody>\n<tr>\n<td valign=\"TOP\" width=\"100%\">Brigitte Broc : Poetesse.<\/p>\n<p>400 euros\/journ\u00e9e. 4h d&rsquo;intervention.<\/p>\n<p>Fait \u00e9crire des po\u00e8mes \/ atelier d&rsquo;\u00e9criture \/ S\u00e9quence po\u00e9sie<\/p>\n<p><i>06.62.38.19.26<br \/>\n<a href=\"http:\/\/fileusedelune.over-blog.com\/\">fileusedelune.over-blog.com<\/a><\/i><\/td>\n<\/tr>\n<\/tbody>\n<\/table>\n<table border=\"1\" width=\"100%\" cellspacing=\"0\" cellpadding=\"4\">\n<tbody>\n<tr>\n<td valign=\"TOP\" width=\"100%\">Lenia Major : auteure<\/p>\n<p><a href=\"http:\/\/www.blog.leniamajor.com\/\">http:\/\/www.blog.leniamajor.com\/ <\/a><\/td>\n<\/tr>\n<\/tbody>\n<\/table>\n<table border=\"1\" width=\"100%\" cellspacing=\"0\" cellpadding=\"4\">\n<tbody>\n<tr>\n<td valign=\"TOP\" width=\"100%\">Susie Morgenstern : auteure litt\u00e9rature jeunesse<\/p>\n<p>Intervient 3h. Tarif li\u00e9 \u00e0 la <a href=\"http:\/\/la-charte.fr\/le-metier\/rencontres\/article\/la-remuneration-des-rencontres-et\">charte des auteurs<\/a>.<\/p>\n<p><a href=\"https:\/\/susiemorgenstern.com\/\">https:\/\/susiemorgenstern.com\/ <\/a><\/td>\n<\/tr>\n<\/tbody>\n<\/table>\n<p align=\"CENTER\"><span style=\"text-decoration: underline;\"><b>Projet \u00ab Palm&rsquo;Book \u00bb<\/b><\/span><\/p>\n<p>Pr\u00e9sentation du projet.<\/p>\n<p>On le poursuit avec les m\u00eames conditions que l&rsquo;ann\u00e9e derni\u00e8re :<\/p>\n<p>&#8211; 2 cat\u00e9gories possibles : booktube \/ booktrailer<\/p>\n<p>&#8211; 2 videos peuvent repr\u00e9senter un \u00e9tablissement<\/p>\n<p>&#8211; Participation de 20 euros par \u00e9tablissement (cartes cadeaux)<\/p>\n<p>&#8211; Il serait souhaitable de faire, \u00e0 nouveau, la c\u00e9r\u00e9monie de remise de prix dans un cin\u00e9ma. Sinon certains \u00e9tablissements peuvent nous accueillir (Fenelon, Carnot, Croisset, Rouret, G. Philipe, Tocqueville)<\/p>\n<p>&#8211; Calendrier \u00e0 d\u00e9finir<\/p>\n<p style=\"text-align: center;\"><span style=\"text-decoration: underline;\"><b>Mise en place des manuels scolaires num\u00e9riques ; r\u00e9forme lyc\u00e9e<\/b> <\/span><\/p>\n<p>86% des lyc\u00e9es ont accept\u00e9.<\/p>\n<p>La distribution a \u00e9t\u00e9 g\u00e9r\u00e9e surtout par les services informatiques et le personnel des CDI.<\/p>\n<p>Probl\u00e8me avec les licences. 2 ans.<\/p>\n<p>Probl\u00e8me de t\u00e9l\u00e9chargement.<\/p>\n<p>Il n&rsquo;y a plus de budget pour les manuels papiers.<\/p>\n<p align=\"CENTER\"><b>Intervention d&rsquo;ERIC DE BACKER <\/b><\/p>\n<p align=\"CENTER\"><b>Pr\u00e9sentation du portail des savoirs et du futur site \u00abRegards de coll\u00e9giens \u00bb<\/b><\/p>\n<table border=\"1\" width=\"100%\" cellspacing=\"0\" cellpadding=\"4\">\n<tbody>\n<tr>\n<td valign=\"TOP\" width=\"100%\"><span style=\"font-family: 'Times New Roman', serif;\"><span style=\"font-size: medium;\"><u>Portail des savoirs :<\/u><\/span><\/span><\/p>\n<p><span style=\"font-family: 'Times New Roman', serif;\"><span style=\"font-size: medium;\">&#8211; Depuis 2018, l&rsquo;acc\u00e8s est pour tous.<\/span><\/span><\/p>\n<p><span style=\"font-family: 'Times New Roman', serif;\"><span style=\"font-size: medium;\">&#8211; Ressources li\u00e9es \u00e0 l&rsquo;histoire des Alpes-Maritimes<\/span><\/span><\/p>\n<p><span style=\"font-family: 'Times New Roman', serif;\"><span style=\"font-size: medium;\">&#8211; R\u00e9guli\u00e8rement enrichi<\/span><\/span><\/p>\n<p><span style=\"font-family: 'Times New Roman', serif;\"><span style=\"font-size: medium;\">&#8211; Nouvelle fiche sur les \u00eeles de Lerins<\/span><\/span><\/p>\n<p><span style=\"font-family: 'Times New Roman', serif;\"><span style=\"font-size: medium;\">&#8211; Cat\u00e9gorisation des fiches. 160 fiches<\/span><\/span><\/p>\n<p><span style=\"font-family: 'Times New Roman', serif;\"><span style=\"font-size: medium;\">&#8211; 10 videos disponibles pour le moment<\/span><\/span><\/p>\n<p><span style=\"font-family: 'Times New Roman', serif;\"><span style=\"font-size: medium;\">&#8211; Exemple de <a href=\"http:\/\/www.savoirs-alpesmaritimes.fr\/Periodes-historiques\/Prehistoire\/Le-musee-departemental-des-Merveilles-Tende\">fiche avec des ressources \u00ab pour enseignant \u00bb et \u00ab pour \u00e9l\u00e8ve \u00bb<\/a><\/span><\/span><\/td>\n<\/tr>\n<\/tbody>\n<\/table>\n<table border=\"1\" width=\"100%\" cellspacing=\"0\" cellpadding=\"4\">\n<tbody>\n<tr>\n<td valign=\"TOP\" width=\"100%\"><span style=\"font-family: 'Times New Roman', serif;\"><span style=\"font-size: medium;\"><u>Regards de coll\u00e9giens :<\/u><\/span><\/span><\/p>\n<p><span style=\"font-family: 'Times New Roman', serif;\"><span style=\"font-size: medium;\">&#8211; Mise en place d\u00e9but d&rsquo;ann\u00e9e 2020<\/span><\/span><\/p>\n<p><span style=\"font-family: 'Times New Roman', serif;\"><span style=\"font-size: medium;\">&#8211; Centraliser les videos p\u00e9dagogiques faites et construites par les \u00e9l\u00e8ves avec l&rsquo;accompagnement d&rsquo;enseignants.<\/span><\/span><\/p>\n<p><span style=\"font-family: 'Times New Roman', serif;\"><span style=\"font-size: medium;\">&#8211; Chaque video sera li\u00e9e \u00e0 une fiche du portail des savoirs<\/span><\/span><\/p>\n<p><span style=\"font-family: 'Times New Roman', serif;\"><span style=\"font-size: medium;\">&#8211; L&rsquo;utiliser comme r\u00e9cit historique<\/span><\/span><\/p>\n<p><span style=\"font-family: 'Times New Roman', serif;\"><span style=\"font-size: medium;\">&#8211; Une \u00ab autorisation de diffusion sur internet \u00bb type doit \u00eatre remplie par les parents de chaque enfant participant au projet video. (fiche communiqu\u00e9e ult\u00e9rieurement)<\/span><\/span><\/p>\n<p><span style=\"font-family: 'Times New Roman', serif;\"><span style=\"font-size: medium;\">&#8211; Li\u00e9 \u00e0 Acamedia. Vous pouvez demander \u00e0 ce qu&rsquo;une cha\u00eene \u00e9tablissement soit cr\u00e9\u00e9e<\/span><\/span><\/p>\n<p><span style=\"font-family: 'Times New Roman', serif;\"><span style=\"font-size: medium;\">&#8211; Pas de restriction dans la forme<\/span><\/span><\/p>\n<p><span style=\"font-family: 'Times New Roman', serif;\"><span style=\"font-size: medium;\">&#8211; Chaque video sera accompagn\u00e9e d&rsquo;un questionnaire<\/span><\/span><\/p>\n<p><span style=\"font-family: 'Times New Roman', serif;\"><span style=\"font-size: medium;\">&#8211; Elle sera incluse dans une cat\u00e9gorie (D\u00e9veloppement durable, art visuel, fiction, spectacle, musique&#8230;)<\/span><\/span><\/p>\n<p><span style=\"font-family: 'Times New Roman', serif;\"><span style=\"font-size: medium;\">&#8211; Cat\u00e9gorie \u00ab type de video \u00bb : Court m\u00e9trage, reportage, fiction, animation, Vlog<\/span><\/span><\/td>\n<\/tr>\n<\/tbody>\n<\/table>\n<p><span style=\"color: #000000;\"><span style=\"font-family: 'Times New Roman', serif;\"><span style=\"font-size: medium;\"><u><b>VOUS POUVEZ D\u00c9J\u00c0 ENVOYER DES VIDEOS \u00e0 M. DE BACKER.<\/b><\/u><\/span><\/span><\/span><\/p>\n<p><span style=\"color: #000000;\"><span style=\"font-family: 'Times New Roman', serif;\"><span style=\"font-size: medium;\"><i>Charg\u00e9 de mission &#8211; Service de l\u2019\u00c9ducation<\/i><\/span><\/span><\/span><\/p>\n<p><span style=\"color: #000000;\"><span style=\"font-family: 'Times New Roman', serif;\"><span style=\"font-size: medium;\"><i>D\u00e9partement des Alpes-Maritimes<\/i><\/span><\/span><\/span><\/p>\n<p><span style=\"color: #000000;\"><span style=\"font-family: 'Times New Roman', serif;\"><span style=\"font-size: medium;\"><i><a href=\"mailto:edebacker@departement06.fr\">edebacker@departement06.fr<\/a> <\/i><\/span><\/span><\/span><\/p>\n<p><span style=\"color: #000000;\"><span style=\"font-family: 'Times New Roman', serif;\"><span style=\"font-size: medium;\"><i>06 64 04 21 74<\/i><\/span><\/span><\/span><\/p>\n<p align=\"CENTER\"><span style=\"color: #000000;\"><span style=\"font-family: 'Times New Roman', serif;\"><span style=\"font-size: medium;\"><i><b>Pr\u00e9sentation d&rsquo;ouvrages <\/b><\/i><\/span><\/span><\/span><\/p>\n<table border=\"0\" width=\"100%\" cellspacing=\"0\" cellpadding=\"4\">\n<tbody>\n<tr valign=\"TOP\">\n<td width=\"25%\"><img decoding=\"async\" src=\"images\/41gTaA7WldL_SX195_.jpg\" \/><\/td>\n<td width=\"25%\"><img decoding=\"async\" src=\"images\/41xX8G9rwfL_SX195_.jpg\" \/><\/td>\n<td width=\"25%\"><img decoding=\"async\" src=\"images\/97828189149080-5555668.jpg\" \/><\/td>\n<td width=\"25%\"><img decoding=\"async\" src=\"images\/97828189360230-3395588.jpg\" \/><\/td>\n<\/tr>\n<tr valign=\"TOP\">\n<td width=\"25%\"><img decoding=\"async\" src=\"images\/9782211222815_0-2703715.jpg\" \/><\/td>\n<td width=\"25%\"><img decoding=\"async\" src=\"images\/9782203195806_0-5995939.jpg\" \/><\/td>\n<td width=\"25%\"><img decoding=\"async\" src=\"images\/9782075122832_0-5698477_1.jpg\" \/><\/td>\n<td width=\"25%\"><img decoding=\"async\" src=\"images\/97823654925600-4150652.jpg\" \/><\/td>\n<\/tr>\n<tr valign=\"TOP\">\n<td width=\"25%\"><img decoding=\"async\" src=\"images\/97910347320430-5125534.jpg\" \/><\/td>\n<td width=\"25%\"><img decoding=\"async\" src=\"images\/9791091516112_0-5466267.jpg\" \/><\/td>\n<td width=\"25%\"><img decoding=\"async\" src=\"images\/97828126164710-5210295.jpg\" \/><\/td>\n<td width=\"25%\"><img decoding=\"async\" src=\"images\/les-zola.jpg\" \/><\/td>\n<\/tr>\n<tr valign=\"TOP\">\n<td width=\"25%\"><img decoding=\"async\" src=\"images\/97828222221670-5312364.jpg\" \/><\/td>\n<td width=\"25%\"><img decoding=\"async\" src=\"images\/9782818941621_0-4091889.jpg\" \/><\/td>\n<td width=\"25%\"><img decoding=\"async\" src=\"images\/9782818966044_0-5740645.jpg\" \/><\/td>\n<td width=\"25%\"><img decoding=\"async\" src=\"images\/97827002738160-6049608.jpg\" \/><\/td>\n<\/tr>\n<tr valign=\"TOP\">\n<td width=\"25%\"><img decoding=\"async\" src=\"images\/9782344035962_0-5822164.jpg\" \/><\/td>\n<td width=\"25%\"><img decoding=\"async\" src=\"images\/9782354886370_0-5177147.jpg\" \/><\/td>\n<td width=\"25%\"><\/td>\n<td width=\"25%\"><\/td>\n<\/tr>\n<\/tbody>\n<\/table>\n<p><b>Une cat\u00e9gorie \u00abEx. commande CDI \u00bb sera mutualis\u00e9e.<\/b><\/p>\n<p><b>Mutualisation \u2013 Echange \u2013 Politique d&rsquo;acquisition.<\/b><\/p>\n<p align=\"CENTER\"><span style=\"text-decoration: underline;\"><b>Intervention de LIONEL CLARY autour du RGPD <\/b><\/span><\/p>\n<p><span style=\"color: #000000;\"><span style=\"font-family: 'Times New Roman', serif;\"><span style=\"font-size: medium;\"><u>Documents utiles :<\/u><\/span><\/span><\/span><\/p>\n<ul>\n<li><span style=\"color: #000000;\"><span style=\"font-family: 'Times New Roman', serif;\"><span style=\"font-size: medium;\"><a href=\"https:\/\/www.cnil.fr\/fr\/le-rgpd-cest-maintenant-les-changements-retenir-et-les-outils-pour-bien-se-preparer\">https:\/\/www.cnil.fr\/fr\/le-rgpd-cest-maintenant-les-changements-retenir-et-les-outils-pour-bien-se-preparer<\/a> <\/span><\/span><\/span><\/li>\n<li><a href=\"https:\/\/www.legifrance.gouv.fr\/eli\/loi\/2018\/6\/20\/JUSC1732261L\/jo\/texte\">Loi du 20 juin 2018<\/a><\/li>\n<li>Film \u00ab The Great Hack \u00bb recommand\u00e9 par M. Clary<\/li>\n<\/ul>\n<p><span style=\"color: #000000;\"><span style=\"font-family: 'Times New Roman', serif;\"><span style=\"font-size: medium;\"><i>D\u00e9l\u00e9gu\u00e9 \u00e0 la Protection des Donn\u00e9es<\/i><\/span><\/span><\/span><\/p>\n<p><span style=\"color: #000000;\"><span style=\"font-family: 'Times New Roman', serif;\"><span style=\"font-size: medium;\"><i>Rectorat Acad\u00e9mie de Nice<br \/>\n04 93 53 71 45 &#8211; 06 29 61 98 50<\/i><\/span><\/span><\/span><\/p>\n<p>Auteur : Audrey Cali<\/p>\n","protected":false},"excerpt":{"rendered":"<p>R\u00e9union de bassin 2019-2020 jeudi 14 novembre au coll\u00e8ge Albert Camus, Mandelieu ______ Pr\u00e9sentation des nouveaux professeurs documentalistes du bassin Compte rendu r\u00e9union avec les IPR par Evelyne THIERY, Charg\u00e9e de Mission Les r\u00e9sultats aux examens : &#8211; DNB : 21003 candidats admis donc 86,7 % de r\u00e9ussite (l\u00e9g\u00e8rement au [&hellip;]<\/p>\n","protected":false},"author":237,"featured_media":0,"comment_status":"closed","ping_status":"closed","sticky":false,"template":"","format":"standard","meta":{"ngg_post_thumbnail":0,"footnotes":""},"categories":[50],"tags":[],"class_list":["post-821","post","type-post","status-publish","format-standard","hentry","category-reseau-cannes-grasse"],"rttpg_featured_image_url":null,"rttpg_author":{"display_name":"docazur","author_link":"https:\/\/www.pedagogie.ac-nice.fr\/doc-azur\/author\/docazur\/"},"rttpg_comment":0,"rttpg_category":"<a href=\"https:\/\/www.pedagogie.ac-nice.fr\/doc-azur\/category\/reseau-cannes-grasse\/\" rel=\"category tag\">R\u00e9seau Cannes Grasse<\/a>","rttpg_excerpt":"R\u00e9union de bassin 2019-2020 jeudi 14 novembre au coll\u00e8ge Albert Camus, Mandelieu ______ Pr\u00e9sentation des nouveaux professeurs documentalistes du bassin Compte rendu r\u00e9union avec les IPR par Evelyne THIERY, Charg\u00e9e de Mission Les r\u00e9sultats aux examens : &#8211; DNB : 21003 candidats admis donc 86,7 % de r\u00e9ussite (l\u00e9g\u00e8rement au [&hellip;]","post_mailing_queue_ids":[],"_links":{"self":[{"href":"https:\/\/www.pedagogie.ac-nice.fr\/doc-azur\/wp-json\/wp\/v2\/posts\/821","targetHints":{"allow":["GET"]}}],"collection":[{"href":"https:\/\/www.pedagogie.ac-nice.fr\/doc-azur\/wp-json\/wp\/v2\/posts"}],"about":[{"href":"https:\/\/www.pedagogie.ac-nice.fr\/doc-azur\/wp-json\/wp\/v2\/types\/post"}],"author":[{"embeddable":true,"href":"https:\/\/www.pedagogie.ac-nice.fr\/doc-azur\/wp-json\/wp\/v2\/users\/237"}],"replies":[{"embeddable":true,"href":"https:\/\/www.pedagogie.ac-nice.fr\/doc-azur\/wp-json\/wp\/v2\/comments?post=821"}],"version-history":[{"count":1,"href":"https:\/\/www.pedagogie.ac-nice.fr\/doc-azur\/wp-json\/wp\/v2\/posts\/821\/revisions"}],"predecessor-version":[{"id":823,"href":"https:\/\/www.pedagogie.ac-nice.fr\/doc-azur\/wp-json\/wp\/v2\/posts\/821\/revisions\/823"}],"wp:attachment":[{"href":"https:\/\/www.pedagogie.ac-nice.fr\/doc-azur\/wp-json\/wp\/v2\/media?parent=821"}],"wp:term":[{"taxonomy":"category","embeddable":true,"href":"https:\/\/www.pedagogie.ac-nice.fr\/doc-azur\/wp-json\/wp\/v2\/categories?post=821"},{"taxonomy":"post_tag","embeddable":true,"href":"https:\/\/www.pedagogie.ac-nice.fr\/doc-azur\/wp-json\/wp\/v2\/tags?post=821"}],"curies":[{"name":"wp","href":"https:\/\/api.w.org\/{rel}","templated":true}]}}