{"id":998,"date":"2020-07-25T16:03:24","date_gmt":"2020-07-25T14:03:24","guid":{"rendered":"http:\/\/www.pedagogie.ac-nice.fr\/doc-azur\/?p=998"},"modified":"2020-07-25T16:03:24","modified_gmt":"2020-07-25T14:03:24","slug":"copy-party-quest-ce-que-cest","status":"publish","type":"post","link":"https:\/\/www.pedagogie.ac-nice.fr\/doc-azur\/2020\/07\/25\/copy-party-quest-ce-que-cest\/","title":{"rendered":"\u00ab\u00a0Copy Party\u00a0\u00bb : qu&rsquo;est-ce que c&rsquo;est ?"},"content":{"rendered":"<p>Le 7 mars aura lieu la premi\u00e8re<strong><a href=\"http:\/\/blogs.iutlaroche.univ -nantes.fr\/copy -party\/\"> \u00ab\u00a0copy party\u00a0\u00bb \u00e0 la Biblioth\u00e8que Universitaire de la Roche sur Yon.<\/a><\/strong><\/p>\n<p>De quoi s&rsquo;agit -il ?<\/p>\n<p>D&rsquo;une action symbolique visant \u00e0 sensibiliser le grand public aux notions de circulation des oeuvres \u00e0 l&rsquo;\u00e8re num\u00e9rique et de droit d&rsquo;auteur.<\/p>\n<p>Comment ?<\/p>\n<p>Les biblioth\u00e9caires invitent leur usagers \u00e0 copier dans un cadre l\u00e9gal les documents de la biblioth\u00e8que.<\/p>\n<p>Quelle base l\u00e9gale ?<\/p>\n<p>La \u00ab\u00a0copy party\u00a0\u00bb repose sur la notion de \u00ab\u00a0copie priv\u00e9e\u00a0\u00bb. Depuis novembre 2011,<strong><a href=\"http:\/\/www.assemblee -nationale.fr\/13\/ta\/ta0776.asp\"> la loi fran\u00e7aise<\/a><\/strong> pr\u00e9cise que le copiste doit r\u00e9aliser sa copie \u00ab\u00a0\u00e0 partir d&rsquo;une source licite\u00a0\u00bb. Autrement dit, il doit \u00eatre capable d&rsquo;en identifier le propri\u00e9taire. Facile dans le cas des biblioth\u00e8ques.<\/p>\n<p>Les usagers sont donc invit\u00e9s \u00e0 se munir d&rsquo;outils de copie personnels et de r\u00e9server leurs copies \u00e0 un strict usage personnel.<\/p>\n<p><u>Pour aller plus loin : <\/u><\/p>\n<p><strong><a href=\"http:\/\/www.bibliobsession.net\/2012\/01\/11\/des -copy -party -dans -les -bibliotheques -en -toute -legalite\/?doing_wp_cron=1329313352\">\u00ab\u00a0Des copies -party dans les biblioth\u00e8ques, en toute l\u00e9galit\u00e9 ?<\/a>\u00ab\u00a0<\/strong><\/p>\n<p><a href=\"http:\/\/www.bibliobsession.net\/2012\/02\/28\/copy -party -pourquoi -comment -quels -outils\/?doing_wp_cron=1330428117\"><strong>\u00ab\u00a0Copy party : pourquoi, comment, quels outils ?\u00a0\u00bb<\/strong><\/a><\/p>\n<p><strong><a href=\"http:\/\/affordance.typepad.com\/mon_weblog\/2012\/02\/1ere -mondiale -copy -party -bibliotheque -la -roche -sur -yon.html\">\u00ab\u00a01\u00e8re mondiale : copy -party \u00e0 la biblioth\u00e8que de la Roche sur Yon<\/a>\u00ab\u00a0<\/strong><\/p>\n<p>&nbsp;<\/p>\n<p>F. Rondet<\/p>\n<p>&nbsp;<\/p>\n","protected":false},"excerpt":{"rendered":"<p>Le 7 mars aura lieu la premi\u00e8re \u00ab\u00a0copy party\u00a0\u00bb \u00e0 la Biblioth\u00e8que Universitaire de la Roche sur Yon. De quoi s&rsquo;agit -il ? D&rsquo;une action symbolique visant \u00e0 sensibiliser le grand public aux notions de circulation des oeuvres \u00e0 l&rsquo;\u00e8re num\u00e9rique et de droit d&rsquo;auteur. Comment ? Les biblioth\u00e9caires invitent [&hellip;]<\/p>\n","protected":false},"author":237,"featured_media":0,"comment_status":"closed","ping_status":"closed","sticky":false,"template":"","format":"standard","meta":{"ngg_post_thumbnail":0,"footnotes":""},"categories":[61,31,48,47],"tags":[],"class_list":["post-998","post","type-post","status-publish","format-standard","hentry","category-amenager-son-cdi","category-droits-dauteur","category-droits-de-copie","category-propriete-intellectuelle"],"rttpg_featured_image_url":null,"rttpg_author":{"display_name":"docazur","author_link":"https:\/\/www.pedagogie.ac-nice.fr\/doc-azur\/author\/docazur\/"},"rttpg_comment":0,"rttpg_category":"<a href=\"https:\/\/www.pedagogie.ac-nice.fr\/doc-azur\/category\/amenager-son-cdi\/\" rel=\"category tag\">Am\u00e9nager son CDI<\/a> <a href=\"https:\/\/www.pedagogie.ac-nice.fr\/doc-azur\/category\/droits-dauteur\/\" rel=\"category tag\">Droits d'auteur<\/a> <a href=\"https:\/\/www.pedagogie.ac-nice.fr\/doc-azur\/category\/droits-de-copie\/\" rel=\"category tag\">Droits de copie<\/a> <a href=\"https:\/\/www.pedagogie.ac-nice.fr\/doc-azur\/category\/propriete-intellectuelle\/\" rel=\"category tag\">Propri\u00e9t\u00e9 intellectuelle<\/a>","rttpg_excerpt":"Le 7 mars aura lieu la premi\u00e8re \u00ab\u00a0copy party\u00a0\u00bb \u00e0 la Biblioth\u00e8que Universitaire de la Roche sur Yon. De quoi s&rsquo;agit -il ? D&rsquo;une action symbolique visant \u00e0 sensibiliser le grand public aux notions de circulation des oeuvres \u00e0 l&rsquo;\u00e8re num\u00e9rique et de droit d&rsquo;auteur. Comment ? Les biblioth\u00e9caires invitent [&hellip;]","post_mailing_queue_ids":[],"_links":{"self":[{"href":"https:\/\/www.pedagogie.ac-nice.fr\/doc-azur\/wp-json\/wp\/v2\/posts\/998","targetHints":{"allow":["GET"]}}],"collection":[{"href":"https:\/\/www.pedagogie.ac-nice.fr\/doc-azur\/wp-json\/wp\/v2\/posts"}],"about":[{"href":"https:\/\/www.pedagogie.ac-nice.fr\/doc-azur\/wp-json\/wp\/v2\/types\/post"}],"author":[{"embeddable":true,"href":"https:\/\/www.pedagogie.ac-nice.fr\/doc-azur\/wp-json\/wp\/v2\/users\/237"}],"replies":[{"embeddable":true,"href":"https:\/\/www.pedagogie.ac-nice.fr\/doc-azur\/wp-json\/wp\/v2\/comments?post=998"}],"version-history":[{"count":1,"href":"https:\/\/www.pedagogie.ac-nice.fr\/doc-azur\/wp-json\/wp\/v2\/posts\/998\/revisions"}],"predecessor-version":[{"id":999,"href":"https:\/\/www.pedagogie.ac-nice.fr\/doc-azur\/wp-json\/wp\/v2\/posts\/998\/revisions\/999"}],"wp:attachment":[{"href":"https:\/\/www.pedagogie.ac-nice.fr\/doc-azur\/wp-json\/wp\/v2\/media?parent=998"}],"wp:term":[{"taxonomy":"category","embeddable":true,"href":"https:\/\/www.pedagogie.ac-nice.fr\/doc-azur\/wp-json\/wp\/v2\/categories?post=998"},{"taxonomy":"post_tag","embeddable":true,"href":"https:\/\/www.pedagogie.ac-nice.fr\/doc-azur\/wp-json\/wp\/v2\/tags?post=998"}],"curies":[{"name":"wp","href":"https:\/\/api.w.org\/{rel}","templated":true}]}}