{"id":1525,"date":"2019-10-06T12:52:00","date_gmt":"2019-10-06T10:52:00","guid":{"rendered":"https:\/\/www.pedagogie.ac-nice.fr\/stmg\/?p=1525"},"modified":"2019-10-12T21:41:54","modified_gmt":"2019-10-12T19:41:54","slug":"les-ressources-bts-cg","status":"publish","type":"post","link":"https:\/\/www.pedagogie.ac-nice.fr\/economie-gestion\/2019\/10\/06\/les-ressources-bts-cg\/","title":{"rendered":"Les ressources BTS CG"},"content":{"rendered":"<p>&nbsp;<\/p>\n<table class=\" aligncenter\" style=\"height: 247px; width: 98.5099%; border-collapse: collapse; border-color: #000000; background-color: #ebeff0; border-style: solid;\">\n<tbody>\n<tr style=\"height: 26px;\">\n<td style=\"width: 34.7682%; height: 26px; border-color: #000000; text-align: center;\"><span style=\"font-size: 18pt;\"><strong>Le Programme<\/strong><\/span><\/td>\n<td style=\"width: 30.4636%; height: 26px; border-color: #000000; text-align: center;\"><span style=\"font-size: 18pt;\"><strong>\u00a0Les liens utiles<\/strong><\/span><\/td>\n<td style=\"width: 34.6026%; height: 26px; border-color: #000000; text-align: center;\"><span style=\"font-size: 18pt;\"><strong>Les sujets des ann\u00e9es pass\u00e9es<\/strong><\/span><\/td>\n<\/tr>\n<tr style=\"height: 128px;\">\n<td style=\"width: 34.7682%; height: 128px; text-align: center;\"><a href=\"https:\/\/www.sup.adc.education.fr\/btslst\/referentiel\/BTS_ComptabiliteGestion.pdf\" target=\"_blank\" rel=\"noopener noreferrer\"><span style=\"font-size: 14pt;\">Le r\u00e9f\u00e9rentiel<\/span><\/a><\/p>\n<p>&nbsp;<\/td>\n<td style=\"width: 30.4636%; height: 128px; text-align: center;\"><a href=\"http:\/\/crcf.ac-grenoble.fr\/index.php?tg=topusr&amp;cat=55\" target=\"_blank\" rel=\"noopener noreferrer\">Centre de ressources de Grenoble<\/a><\/td>\n<td style=\"width: 34.6026%; height: 128px; text-align: center;\"><span style=\"font-size: 14pt;\"><a href=\"https:\/\/www.pedagogie.ac-aix-marseille.fr\/jcms\/c_156697\/fr\/compabilite-gestion-des-organisations\" target=\"_blank\" rel=\"noopener noreferrer\">Les sujets de la sp\u00e9cialit\u00e9\u00a0\u00a0<\/a><\/span><\/p>\n<p>&nbsp;<\/td>\n<\/tr>\n<\/tbody>\n<\/table>\n<p>&nbsp;<\/p>\n<p><span style=\"font-family: georgia, palatino, serif; font-size: 18pt;\">Les ressources cr\u00e9\u00e9es par l&rsquo;acad\u00e9mie:<\/span><\/p>\n<h2 style=\"text-align: center;\"><span style=\"font-size: 18pt;\">Propositions de situations professionnelles<\/span><\/h2>\n<p><strong>Vous trouverez ici des propositions de sc\u00e9narios p\u00e9dagogiques relatives \u00e0 <a href=\"http:\/\/crcf.ac-grenoble.fr\/index.php?tg=topusr&amp;cat=55\" target=\"_blank\" rel=\"noopener noreferrer\">la r\u00e9forme du BTS CG<\/a>.<\/strong><\/p>\n<p><!--more--><\/p>\n<p><strong>Les auteurs et contributeurs sont remerci\u00e9s pour ce travail.<\/strong><\/p>\n<p>Chaque situation professionnelle contient une fiche p\u00e9dagogique d\u00e9taill\u00e9e :<\/p>\n<p><a href=\"https:\/\/drive.google.com\/folderview?id=0B0KBw4q4-7DhbWYxR19EM29mbDg&amp;usp=sharing\" target=\"_blank\" rel=\"noopener noreferrer\"><strong>Situation professionnelle<\/strong>\u00a0Ermitage Jean AICARD<\/a><\/p>\n<p>par Laurent Lelaquet<\/p>\n<p>Activit\u00e9 : Processus 5<\/p>\n<p><a href=\"https:\/\/drive.google.com\/folderview?id=0B0KBw4q4-7DhbF8wQXJEOGVrMFk&amp;usp=sharing\" target=\"_blank\" rel=\"noopener noreferrer\"><strong>Situation professionnelle<\/strong>\u00a0Euromod<\/a><\/p>\n<p>par Gilles Bardet, Karim Djeffal, Michel Humbert et Sophie Ryckembeusch<\/p>\n<p>Activit\u00e9s : Processus 1, 2 et 3<\/p>\n<p><a href=\"https:\/\/drive.google.com\/folderview?id=0B0KBw4q4-7DhNnRiaXdTNjZZc3c&amp;usp=sharing\" target=\"_blank\" rel=\"noopener noreferrer\"><strong>Situation professionnelle<\/strong>\u00a0Jupiter<\/a><\/p>\n<p>par Michel Arnoux, Noura Beauchamp et Philippe Malatesta<\/p>\n<p>Activit\u00e9s : Processus 1, 3, 4 et 7<\/p>\n<p><a href=\"https:\/\/drive.google.com\/folderview?id=0B0KBw4q4-7DhOF9Sd3pVOUFIajA&amp;usp=sharing\" target=\"_blank\" rel=\"noopener noreferrer\"><strong>Situation professionnelle<\/strong>\u00a0Lorina<\/a><\/p>\n<p>par Dominique Peirano, Corinne Soria, Christine Galanos, Line Hemery et David Mancardi<\/p>\n<p>Activit\u00e9s : Processus 2, 5, 6 et 7<\/p>\n<p><a href=\"https:\/\/drive.google.com\/folderview?id=0B0KBw4q4-7DhajlkMWlMYmkteFE&amp;usp=sharing\" target=\"_blank\" rel=\"noopener noreferrer\"><strong>Situation professionnelle<\/strong>\u00a0Solaris<\/a><\/p>\n<p>par Murielle Aillaud, Fabienne Burnet, Christine Galanos et Yann Meneroud<\/p>\n<p>Activit\u00e9s : Processus 1, 3, 4, 5, 6 et 7<\/p>\n<p><a href=\"https:\/\/drive.google.com\/folderview?id=0B0KBw4q4-7DhWHREUFhSVVVlb0E&amp;usp=sharing\" target=\"_blank\" rel=\"noopener noreferrer\"><strong>Situation professionnelle<\/strong> Cook<\/a><\/p>\n<p>par Marie-Agn\u00e8s Choukroun et Odile Maginot<\/p>\n<p>Activit\u00e9s : Processus 5 et 7<\/p>\n<p><a href=\"https:\/\/drive.google.com\/folderview?id=0B0KBw4q4-7DhOW8yWHlIbkNFR0U&amp;usp=sharing\" target=\"_blank\" rel=\"noopener noreferrer\"><strong>Situation professionnelle<\/strong> Biofruit<\/a><\/p>\n<p>par Fr\u00e9d\u00e9rique Gr\u00e8zes, Abdesllem Moujdi et Marie-Agn\u00e8s Choukroun<\/p>\n<p>Activit\u00e9s : Processus 1, 2, 4 et 7<\/p>\n<p>&nbsp;<\/p>\n<p><strong>Les propositions de corrections sont disponibles\u00a0<\/strong><span style=\"font-size: medium;\">\u00a0sur demande avec cotre adresse acad\u00e9mique \u00e0 \u00a0estelle.venec@ac-nice.fr<\/span><\/p>\n<p>&nbsp;<\/p>\n","protected":false},"excerpt":{"rendered":"<p>&nbsp; Le Programme \u00a0Les liens utiles Les sujets des ann\u00e9es pass\u00e9es Le r\u00e9f\u00e9rentiel &nbsp; Centre de ressources de Grenoble Les<\/p>\n","protected":false},"author":205,"featured_media":0,"comment_status":"closed","ping_status":"closed","sticky":false,"template":"","format":"standard","meta":{"colormag_page_container_layout":"default_layout","colormag_page_sidebar_layout":"default_layout","ngg_post_thumbnail":0,"footnotes":""},"categories":[50],"tags":[],"class_list":["post-1525","post","type-post","status-publish","format-standard","hentry","category-bts-comptabilite-et-gestion"],"rttpg_featured_image_url":null,"rttpg_author":{"display_name":"Estelle REGIS","author_link":"https:\/\/www.pedagogie.ac-nice.fr\/economie-gestion\/author\/stmgadmin1\/"},"rttpg_comment":0,"rttpg_category":"<a href=\"https:\/\/www.pedagogie.ac-nice.fr\/economie-gestion\/category\/enseigner-en-post-bac\/bts\/bts-comptabilite-et-gestion\/\" rel=\"category tag\">BTS COMPTABILITE ET GESTION<\/a>","rttpg_excerpt":"&nbsp; Le Programme \u00a0Les liens utiles Les sujets des ann\u00e9es pass\u00e9es Le r\u00e9f\u00e9rentiel &nbsp; Centre de ressources de Grenoble Les","post_mailing_queue_ids":[],"_links":{"self":[{"href":"https:\/\/www.pedagogie.ac-nice.fr\/economie-gestion\/wp-json\/wp\/v2\/posts\/1525","targetHints":{"allow":["GET"]}}],"collection":[{"href":"https:\/\/www.pedagogie.ac-nice.fr\/economie-gestion\/wp-json\/wp\/v2\/posts"}],"about":[{"href":"https:\/\/www.pedagogie.ac-nice.fr\/economie-gestion\/wp-json\/wp\/v2\/types\/post"}],"author":[{"embeddable":true,"href":"https:\/\/www.pedagogie.ac-nice.fr\/economie-gestion\/wp-json\/wp\/v2\/users\/205"}],"replies":[{"embeddable":true,"href":"https:\/\/www.pedagogie.ac-nice.fr\/economie-gestion\/wp-json\/wp\/v2\/comments?post=1525"}],"version-history":[{"count":7,"href":"https:\/\/www.pedagogie.ac-nice.fr\/economie-gestion\/wp-json\/wp\/v2\/posts\/1525\/revisions"}],"predecessor-version":[{"id":1971,"href":"https:\/\/www.pedagogie.ac-nice.fr\/economie-gestion\/wp-json\/wp\/v2\/posts\/1525\/revisions\/1971"}],"wp:attachment":[{"href":"https:\/\/www.pedagogie.ac-nice.fr\/economie-gestion\/wp-json\/wp\/v2\/media?parent=1525"}],"wp:term":[{"taxonomy":"category","embeddable":true,"href":"https:\/\/www.pedagogie.ac-nice.fr\/economie-gestion\/wp-json\/wp\/v2\/categories?post=1525"},{"taxonomy":"post_tag","embeddable":true,"href":"https:\/\/www.pedagogie.ac-nice.fr\/economie-gestion\/wp-json\/wp\/v2\/tags?post=1525"}],"curies":[{"name":"wp","href":"https:\/\/api.w.org\/{rel}","templated":true}]}}