{"id":2184,"date":"2020-01-05T11:53:03","date_gmt":"2020-01-05T10:53:03","guid":{"rendered":"https:\/\/www.pedagogie.ac-nice.fr\/economie-gestion\/?p=2184"},"modified":"2020-04-03T09:17:26","modified_gmt":"2020-04-03T07:17:26","slug":"formation-2019-2020","status":"publish","type":"post","link":"https:\/\/www.pedagogie.ac-nice.fr\/economie-gestion\/2020\/01\/05\/formation-2019-2020\/","title":{"rendered":"Formation 2019-2020"},"content":{"rendered":"<p>Veuillez trouver l\u2019ensemble des documents pr\u00e9sent\u00e9s ou produits lors des deux journ\u00e9es de formation CEJM :<\/p>\n<ul>\n<li><a href=\"https:\/\/drive.google.com\/file\/d\/141qNzEj5opuaLSeqOtyIgY1jiSdLE8Pg\/view?usp=sharing\" target=\"_blank\" rel=\"noopener noreferrer\">Diaporama national issu de la web conf\u00e9rence du 28 novembre<\/a><\/li>\n<li><a href=\"https:\/\/drive.google.com\/file\/d\/1DpDsY9Pmbf_GmW9zA5_y0EJxg85q5-6a\/view?usp=sharing\" target=\"_blank\" rel=\"noopener noreferrer\">Diaporama pr\u00e9sent\u00e9 lors des deux jours de formation<\/a><\/li>\n<li><a href=\"https:\/\/drive.google.com\/file\/d\/1a7sh_j-JZ5uox17VC_A9epBO6DpDiK8P\/view?usp=sharing\" target=\"_blank\" rel=\"noopener noreferrer\">Le compte rendu des deux journ\u00e9es de formation<\/a><\/li>\n<\/ul>\n<p>&nbsp;<\/p>\n<p>Concernant les sujets pr\u00e9sent\u00e9s par l\u2019\u00e9quipe de formateurs, les enseignants pr\u00e9sents ont travaill\u00e9 sur deux sujets\u00a0: (pour toute demande concernant les sujets et corrig\u00e9s, vous devez passer par estelle.venec@ac-nice.fr en utilisant une adresse acad\u00e9mique.)<\/p>\n<ul>\n<li>&#8211;<a href=\"https:\/\/drive.google.com\/file\/d\/1qtWaHJNpHJ4OwvbdX94DMgrrzhfMMhpU\/view?usp=sharing\" target=\"_blank\" rel=\"noopener noreferrer\"> Sujet Monkey Locky + correction + grille par comp\u00e9tences<\/a><\/li>\n<li>&#8211; <a href=\"https:\/\/drive.google.com\/file\/d\/1D4zqkHTRIu9McZJ97gejprsuAewyjbr2\/view?usp=sharing\" target=\"_blank\" rel=\"noopener noreferrer\">Sujet SINEO + correction + grille par comp\u00e9tences.<\/a><\/li>\n<\/ul>\n<p>&nbsp;<\/p>\n<p>Le sujet 0 La Poste a fait l\u2019unanimit\u00e9 contre lui et aucun coll\u00e8gue n\u2019ont travaill\u00e9 dessus.<\/p>\n<p>Le sujet 0 Sun Energie a \u00e9t\u00e9 travaill\u00e9 par des groupes qui ont propos\u00e9 des modifications par rapport \u00e0 la version officielle. Nous ne le proposons pas pour l\u2019instant car nous allons essayer d\u2019en proposer une version bis.<\/p>\n<p>&nbsp;<\/p>\n<p>&nbsp;<\/p>\n","protected":false},"excerpt":{"rendered":"<p>Veuillez trouver l\u2019ensemble des documents pr\u00e9sent\u00e9s ou produits lors des deux journ\u00e9es de formation CEJM : Diaporama national issu de<\/p>\n","protected":false},"author":205,"featured_media":0,"comment_status":"closed","ping_status":"closed","sticky":false,"template":"","format":"standard","meta":{"colormag_page_container_layout":"default_layout","colormag_page_sidebar_layout":"default_layout","ngg_post_thumbnail":0,"footnotes":""},"categories":[92],"tags":[],"class_list":["post-2184","post","type-post","status-publish","format-standard","hentry","category-cejm"],"rttpg_featured_image_url":null,"rttpg_author":{"display_name":"Estelle REGIS","author_link":"https:\/\/www.pedagogie.ac-nice.fr\/economie-gestion\/author\/stmgadmin1\/"},"rttpg_comment":0,"rttpg_category":"<a href=\"https:\/\/www.pedagogie.ac-nice.fr\/economie-gestion\/category\/enseigner-en-post-bac\/bts\/cejm\/\" rel=\"category tag\">CEJM<\/a>","rttpg_excerpt":"Veuillez trouver l\u2019ensemble des documents pr\u00e9sent\u00e9s ou produits lors des deux journ\u00e9es de formation CEJM : Diaporama national issu de","post_mailing_queue_ids":[],"_links":{"self":[{"href":"https:\/\/www.pedagogie.ac-nice.fr\/economie-gestion\/wp-json\/wp\/v2\/posts\/2184","targetHints":{"allow":["GET"]}}],"collection":[{"href":"https:\/\/www.pedagogie.ac-nice.fr\/economie-gestion\/wp-json\/wp\/v2\/posts"}],"about":[{"href":"https:\/\/www.pedagogie.ac-nice.fr\/economie-gestion\/wp-json\/wp\/v2\/types\/post"}],"author":[{"embeddable":true,"href":"https:\/\/www.pedagogie.ac-nice.fr\/economie-gestion\/wp-json\/wp\/v2\/users\/205"}],"replies":[{"embeddable":true,"href":"https:\/\/www.pedagogie.ac-nice.fr\/economie-gestion\/wp-json\/wp\/v2\/comments?post=2184"}],"version-history":[{"count":4,"href":"https:\/\/www.pedagogie.ac-nice.fr\/economie-gestion\/wp-json\/wp\/v2\/posts\/2184\/revisions"}],"predecessor-version":[{"id":2352,"href":"https:\/\/www.pedagogie.ac-nice.fr\/economie-gestion\/wp-json\/wp\/v2\/posts\/2184\/revisions\/2352"}],"wp:attachment":[{"href":"https:\/\/www.pedagogie.ac-nice.fr\/economie-gestion\/wp-json\/wp\/v2\/media?parent=2184"}],"wp:term":[{"taxonomy":"category","embeddable":true,"href":"https:\/\/www.pedagogie.ac-nice.fr\/economie-gestion\/wp-json\/wp\/v2\/categories?post=2184"},{"taxonomy":"post_tag","embeddable":true,"href":"https:\/\/www.pedagogie.ac-nice.fr\/economie-gestion\/wp-json\/wp\/v2\/tags?post=2184"}],"curies":[{"name":"wp","href":"https:\/\/api.w.org\/{rel}","templated":true}]}}