{"id":2262,"date":"2020-03-03T17:34:16","date_gmt":"2020-03-03T16:34:16","guid":{"rendered":"https:\/\/www.pedagogie.ac-nice.fr\/economie-gestion\/?p=2262"},"modified":"2020-03-03T17:34:16","modified_gmt":"2020-03-03T16:34:16","slug":"ouverture-du-concours-national-prix-de-lexcellence-economique-en-stmg","status":"publish","type":"post","link":"https:\/\/www.pedagogie.ac-nice.fr\/economie-gestion\/2020\/03\/03\/ouverture-du-concours-national-prix-de-lexcellence-economique-en-stmg\/","title":{"rendered":"Ouverture du concours national \u00ab\u00a0Prix de l\u2019excellence \u00e9conomique en STMG\u00a0\u00bb"},"content":{"rendered":"<p><strong>L&rsquo;ouverture du concours national \u00ab\u00a0Prix de l\u2019excellence \u00e9conomique en STMG\u00a0\u00bb<\/strong>\u00a0parrain\u00e9 par le minist\u00e8re de l\u2019\u00c9ducation nationale, la banque de France, CITECO et l\u2019IEDOM. Ce concours est une \u00e9manation d\u2019un concours qui jusque-l\u00e0 ne concernait que quelques acad\u00e9mies et dont la derni\u00e8re \u00e9dition s\u2019ach\u00e8ve d\u00e9but mars.<\/p>\n<p><strong>Le r\u00e8glement du concours, le calendrier et les modalit\u00e9s d\u2019inscription en ligne sont disponibles sur le site des ABC de l\u2019\u00e9conomie<\/strong>\u00a0:\u00a0<a href=\"https:\/\/abc-economie.banque-france.fr\/prix-de-lexcellence-economique-en-stmg-2020-2021\">https:\/\/abc-economie.banque-france.fr\/prix-de-lexcellence-economique-en-stmg-2020-2021<\/a><\/p>\n<p>Nous vous rappelons simplement que\u00a0:<\/p>\n<p>&#8211;\u00a0 \u00a0 \u00a0 \u00a0 Les inscriptions au concours sont r\u00e9serv\u00e9es aux \u00e9l\u00e8ves de terminale STMG et seront closes le\u00a0<strong>25 septembre 2020<\/strong>. Elles se font en ligne \u00e0 l\u2019adresse indiqu\u00e9e plus haut.<\/p>\n<p>&#8211;\u00a0\u00a0\u00a0\u00a0\u00a0\u00a0\u00a0\u00a0\u00a0\u00a0Les \u00e9l\u00e8ves composeront pendant 4 heures sur un m\u00eame sujet national, \u00e0 une date fix\u00e9e localement\u00a0<strong>entre le 5 et le 10 octobre 2020<\/strong>.<\/p>\n<p>&#8211;\u00a0\u00a0\u00a0\u00a0\u00a0\u00a0\u00a0\u00a0\u00a0\u00a0D\u2019ici la\u00a0<strong>fin novembre 2020<\/strong>, une s\u00e9lection acad\u00e9mique d\u00e9signe le laur\u00e9at national en classant et en primant les 3 meilleures copies<\/p>\n<p>&#8211;\u00a0\u00a0\u00a0\u00a0\u00a0\u00a0\u00a0\u00a0\u00a0\u00a0Au cours de la\u00a0<strong>premi\u00e8re quinzaine de d\u00e9cembre 2020<\/strong>, une commission nationale proc\u00e8de au classement des 3 meilleures copies au niveau national et remettra les prix en invitant \u00e0 Paris l\u2019ensemble des laur\u00e9ats acad\u00e9miques accompagn\u00e9s d\u2019une personne au choix (professeur, chef d\u2019\u00e9tablissement, IA-IPR).<\/p>\n<p>Ce concours s\u2019adresse aux \u00e9l\u00e8ves de terminale STMG, mais le sujet portera <strong>sur les enseignements d\u2019\u00e9conomie de la classe de premi\u00e8re<\/strong>. Aussi y a-t-il une certaine urgence \u00e0 entamer la mobilisation des \u00e9quipes. Nous sommes tous conscients qu\u2019il y a l\u00e0 une opportunit\u00e9 pour valoriser l\u2019enseignement de l\u2019\u00e9conomie dans nos sections et nous ne doutons pas de votre implication dans cette initiative.<\/p>\n","protected":false},"excerpt":{"rendered":"<p>L&rsquo;ouverture du concours national \u00ab\u00a0Prix de l\u2019excellence \u00e9conomique en STMG\u00a0\u00bb\u00a0parrain\u00e9 par le minist\u00e8re de l\u2019\u00c9ducation nationale, la banque de France,<\/p>\n","protected":false},"author":205,"featured_media":0,"comment_status":"closed","ping_status":"closed","sticky":false,"template":"","format":"standard","meta":{"colormag_page_container_layout":"default_layout","colormag_page_sidebar_layout":"default_layout","ngg_post_thumbnail":0,"footnotes":""},"categories":[1],"tags":[],"class_list":["post-2262","post","type-post","status-publish","format-standard","hentry","category-non-classe"],"rttpg_featured_image_url":null,"rttpg_author":{"display_name":"Estelle REGIS","author_link":"https:\/\/www.pedagogie.ac-nice.fr\/economie-gestion\/author\/stmgadmin1\/"},"rttpg_comment":0,"rttpg_category":"<a href=\"https:\/\/www.pedagogie.ac-nice.fr\/economie-gestion\/category\/non-classe\/\" rel=\"category tag\">Non class\u00e9<\/a>","rttpg_excerpt":"L&rsquo;ouverture du concours national \u00ab\u00a0Prix de l\u2019excellence \u00e9conomique en STMG\u00a0\u00bb\u00a0parrain\u00e9 par le minist\u00e8re de l\u2019\u00c9ducation nationale, la banque de France,","post_mailing_queue_ids":[],"_links":{"self":[{"href":"https:\/\/www.pedagogie.ac-nice.fr\/economie-gestion\/wp-json\/wp\/v2\/posts\/2262","targetHints":{"allow":["GET"]}}],"collection":[{"href":"https:\/\/www.pedagogie.ac-nice.fr\/economie-gestion\/wp-json\/wp\/v2\/posts"}],"about":[{"href":"https:\/\/www.pedagogie.ac-nice.fr\/economie-gestion\/wp-json\/wp\/v2\/types\/post"}],"author":[{"embeddable":true,"href":"https:\/\/www.pedagogie.ac-nice.fr\/economie-gestion\/wp-json\/wp\/v2\/users\/205"}],"replies":[{"embeddable":true,"href":"https:\/\/www.pedagogie.ac-nice.fr\/economie-gestion\/wp-json\/wp\/v2\/comments?post=2262"}],"version-history":[{"count":1,"href":"https:\/\/www.pedagogie.ac-nice.fr\/economie-gestion\/wp-json\/wp\/v2\/posts\/2262\/revisions"}],"predecessor-version":[{"id":2264,"href":"https:\/\/www.pedagogie.ac-nice.fr\/economie-gestion\/wp-json\/wp\/v2\/posts\/2262\/revisions\/2264"}],"wp:attachment":[{"href":"https:\/\/www.pedagogie.ac-nice.fr\/economie-gestion\/wp-json\/wp\/v2\/media?parent=2262"}],"wp:term":[{"taxonomy":"category","embeddable":true,"href":"https:\/\/www.pedagogie.ac-nice.fr\/economie-gestion\/wp-json\/wp\/v2\/categories?post=2262"},{"taxonomy":"post_tag","embeddable":true,"href":"https:\/\/www.pedagogie.ac-nice.fr\/economie-gestion\/wp-json\/wp\/v2\/tags?post=2262"}],"curies":[{"name":"wp","href":"https:\/\/api.w.org\/{rel}","templated":true}]}}