{"id":2432,"date":"2020-05-04T23:59:40","date_gmt":"2020-05-04T21:59:40","guid":{"rendered":"https:\/\/www.pedagogie.ac-nice.fr\/economie-gestion\/?p=2432"},"modified":"2021-05-24T23:43:07","modified_gmt":"2021-05-24T21:43:07","slug":"en-construction","status":"publish","type":"post","link":"https:\/\/www.pedagogie.ac-nice.fr\/economie-gestion\/2020\/05\/04\/en-construction\/","title":{"rendered":"Continuit\u00e9 p\u00e9dagogique"},"content":{"rendered":"<table style=\"border-color: #f7f7f7; background-color: #5ba3f0;\">\n<tbody>\n<tr>\n<td style=\"width: 100%;\">&nbsp;<\/td>\n<\/tr>\n<\/tbody>\n<\/table>\n<p style=\"text-align: center;\"><span style=\"color: #008000; font-family: 'comic sans ms', sans-serif; font-size: 36pt;\"><strong>Continuit\u00e9 p\u00e9dagogique<\/strong><\/span><\/p>\n<p>&nbsp;<\/p>\n<table style=\"width: 99.8344%;\">\n<tbody>\n<tr>\n<td style=\"width: 99.8339%; text-align: center;\" colspan=\"2\"><span style=\"font-size: 12pt;\"><strong><span style=\"color: #0000ff;\"><a style=\"color: #0000ff;\" href=\"https:\/\/drive.google.com\/file\/d\/1AA3Vrv28ZwtV8bNkCty-LzdCutWI7XpN\/view?usp=sharing\" target=\"_blank\" rel=\"noopener noreferrer\">Propositions p\u00e9dagogiques et num\u00e9riques dans le cadre de la r\u00e9ouverture<span style=\"color: #800080;\"> cliquez ici<\/span><img loading=\"lazy\" decoding=\"async\" class=\"wp-image-2603 alignright\" src=\"https:\/\/www.pedagogie.ac-nice.fr\/economie-gestion\/wp-content\/uploads\/sites\/28\/2020\/05\/rentree.jpeg\" alt=\"\" width=\"127\" height=\"79\"><\/a><\/span><\/strong><\/span><\/p>\n<div>Ce document (<span style=\"font-family: inherit; font-size: inherit;\">&nbsp;DAN-Inspection) concerne pour l&rsquo;instant &nbsp;les coll\u00e8ges<\/span><\/div>\n<div>mais sera bient\u00f4t adapt\u00e9 &nbsp;aux lyc\u00e9es. Il traite &nbsp;de sc\u00e9nario p\u00e9dagogiques hybrides (pr\u00e9sentiel, distanciel etc.) et autres. Il peut vous donner quelques pistes.<\/div>\n<\/td>\n<\/tr>\n<tr>\n<td style=\"width: 50.3322%;\"><img loading=\"lazy\" decoding=\"async\" class=\"aligncenter wp-image-2370\" src=\"https:\/\/www.pedagogie.ac-nice.fr\/economie-gestion\/wp-content\/uploads\/sites\/28\/2020\/04\/formation-300x177.png\" sizes=\"auto, (max-width: 300px) 100vw, 300px\" srcset=\"https:\/\/www.pedagogie.ac-nice.fr\/economie-gestion\/wp-content\/uploads\/sites\/28\/2020\/04\/formation-300x177.png 300w, https:\/\/www.pedagogie.ac-nice.fr\/economie-gestion\/wp-content\/uploads\/sites\/28\/2020\/04\/formation-1024x604.png 1024w, https:\/\/www.pedagogie.ac-nice.fr\/economie-gestion\/wp-content\/uploads\/sites\/28\/2020\/04\/formation-768x453.png 768w, https:\/\/www.pedagogie.ac-nice.fr\/economie-gestion\/wp-content\/uploads\/sites\/28\/2020\/04\/formation.png 1065w\" alt=\"\" width=\"165\" height=\"97\"><span style=\"font-size: 14pt;\"><strong>Les webinaires<\/strong>: <\/span>La DANE propose un ensemble <strong>de formations<\/strong> \u00e0 distance autour <strong>des usages du num\u00e9rique. Tous les professeurs de l\u2019acad\u00e9mie (second degr\u00e9) y sont invit\u00e9s et ont donc la possibilit\u00e9 d\u2019assister ces moments. Il n&rsquo;y a pas d&rsquo;inscription pr\u00e9alable, cliquez sur le lien de la formation qui vous int\u00e9resse et vous arriverez sur une classe virtuelle pour la formation. <a href=\"https:\/\/www.pedagogie.ac-nice.fr\/dane\/continuite-pedagogique\/webinaires-drane\" target=\"_blank\" rel=\"noopener\"><span style=\"color: #0000ff; font-size: 12pt;\">Cliquez ici<\/span><\/a><\/strong><\/p>\n<p>&nbsp;<\/td>\n<td style=\"width: 49.5017%;\">\n<p style=\"text-align: center;\"><span style=\"font-size: 12pt; color: #800080;\"><strong>Magist\u00e8re<\/strong><\/span><\/p>\n<div>Un parcours M@gist\u00e8re a \u00e9t\u00e9 con\u00e7u par l&rsquo;acad\u00e9mie qui met \u00e0 disposition des enseignants des ressources pour penser l&rsquo;hybridation pr\u00e9sentiel\/distanciel avec et sans num\u00e9rique. Il est en&nbsp;<b>auto-inscription<\/b>&nbsp;pour les enseignants de notre acad\u00e9mie. Voici le&nbsp; lien pour s&rsquo;y inscrire<\/div>\n<div>&nbsp;<\/div>\n<div><span style=\"color: #0000ff;\"><a href=\"https:\/\/magistere.education.fr\/ac-nice\/course\/view.php?id=8764\" target=\"_blank\" rel=\"noopener noreferrer\" data-saferedirecturl=\"https:\/\/www.google.com\/url?q=https:\/\/magistere.education.fr\/ac-nice\/course\/view.php?id%3D876&amp;source=gmail&amp;ust=1605722893218000&amp;usg=AOvVaw2ynkx-4np0LBKkNE_O1-bV\">https:\/\/magistere.education.<wbr>fr\/ac-nice\/course\/view.php?id=<wbr>8764<\/a><\/span><\/div>\n<div>&nbsp;<\/div>\n<p style=\"text-align: center;\"><span style=\"font-size: 12pt; color: #800080;\"><strong>Les derniers tutos:<\/strong><\/span><\/p>\n<ul>\n<li><span style=\"text-decoration: underline;\"><span style=\"color: #0000ff; text-decoration: underline;\"><strong>Tuto&nbsp; sur la classe virtuelle&nbsp; et <span style=\"color: #ff0000; text-decoration: underline;\">tuto gestion de la <a style=\"color: #ff0000; text-decoration: underline;\" href=\"https:\/\/drive.google.com\/file\/d\/1YpqDDXGzWt1mlshAzyHL5DWFoOT31OjX\/view?usp=sharing\" target=\"_blank\" rel=\"noopener noreferrer\">salle d&rsquo;attente<\/a><\/span><\/strong><\/span><\/span><\/li>\n<li><span style=\"text-decoration: underline;\"><span style=\"color: #0000ff; text-decoration: underline;\"><strong><a style=\"color: #0000ff; text-decoration: underline;\" href=\"https:\/\/acamedia.ac-nice.fr\/v2\/tuto-pdf-modifiable-avec-libre-office_v4114\" target=\"_blank\" rel=\"noopener noreferrer\">Cr\u00e9er un pdf modifiable par les \u00e9l\u00e8ves avec Libre Office (Dane de Nice)<\/a><\/strong><\/span><\/span><\/li>\n<li><span style=\"text-decoration: underline;\"><span style=\"color: #0000ff; text-decoration: underline;\"><strong><a style=\"color: #0000ff; text-decoration: underline;\" href=\"https:\/\/acamedia.ac-nice.fr\/v2\/tuto-modifier-un-pdf-existant-avec-libre-office_v4221\" target=\"_blank\" rel=\"noopener noreferrer\">Modifier un pdf existant avec Libre Office (Dane de Nice)<\/a><\/strong><\/span><\/span><\/li>\n<li><span style=\"text-decoration: underline;\"><span style=\"color: #0000ff; text-decoration: underline;\"><strong>&nbsp;<a style=\"color: #0000ff; text-decoration: underline;\" href=\"https:\/\/drive.google.com\/file\/d\/1-uxVLmkf7zVDddOLluimJmoslGhV2LDX\/view\" target=\"_blank\" rel=\"noopener noreferrer\">Moodle<\/a><\/strong><\/span><\/span><\/li>\n<\/ul>\n<\/td>\n<\/tr>\n<tr>\n<td style=\"width: 50.3322%;\">\n<p style=\"text-align: center;\"><span style=\"color: #800080; font-size: 18pt;\"><strong>\u201cMoodle\u201d<\/strong><\/span><\/p>\n<p>La plateforme acad\u00e9mique&nbsp;<strong>Moodle<\/strong>&nbsp;est accessible depuis&nbsp;<strong>l\u2019ENT ATRIUM. &nbsp;Vous vous y connecterez avec vos identifiants acad\u00e9miques \u00ab&nbsp;Esterel&nbsp;\u00bb.&nbsp;<\/strong>Si Moodle est un puissant outil collaboratif, il peut aussi \u00eatre utilis\u00e9 pour<strong>&nbsp;d\u00e9poser des documents \u00e0 l\u2019intention des \u00e9l\u00e8ves et r\u00e9cup\u00e9rer leurs travaux.<\/strong><\/p>\n<p><span style=\"color: #0000ff;\"><strong><a style=\"color: #0000ff;\" href=\"https:\/\/eduscol.education.fr\/sti\/sites\/eduscol.education.fr.sti\/files\/ressources\/techniques\/9983\/9983-201-p22.pdf\" target=\"_blank\" rel=\"noopener noreferrer\">Comprendre Moodle cliquez ici<\/a><\/strong><\/span><\/p>\n<p><span style=\"color: #0000ff;\"><strong><a style=\"color: #0000ff;\" href=\"https:\/\/drive.google.com\/file\/d\/1-uxVLmkf7zVDddOLluimJmoslGhV2LDX\/view\" target=\"_blank\" rel=\"noopener noreferrer\">Tutoriel Moodle cliquez ici<\/a><\/strong><\/span><\/p>\n<p>&nbsp;<\/td>\n<td style=\"width: 49.5017%;\">\n<p style=\"text-align: center;\"><strong><span style=\"color: #800080; font-size: 18pt;\">\u201cLa classe virtuelle\u201d &nbsp;<span style=\"color: #000000; font-size: 12pt;\">du Cned&nbsp;<\/span><\/span>&nbsp;<\/strong><img loading=\"lazy\" decoding=\"async\" class=\"\" src=\"https:\/\/www.ac-paris.fr\/portail\/upload\/docs\/image\/png\/2020-03\/cnedlycee2cv.png\" alt=\"CNEDlycee2CV\" width=\"104\" height=\"69\"><\/p>\n<p style=\"text-align: center;\">&nbsp;<strong>Acc\u00e8s: <a href=\"https:\/\/lycee.cned.fr\/login\/index.php\" target=\"_blank\" rel=\"noopener noreferrer\">https:\/\/lycee.cned.fr\/login\/index.php<\/a><\/strong><\/p>\n<p><strong>Pourquoi utiliser \u201cLa classe virtuelle\u201d?<\/strong><\/p>\n<p>Pr\u00e9conis\u00e9e par l&rsquo;Education Nationale, elle pr\u00e9sente plusieurs avantages:&nbsp;<span id=\"more-2377\"><\/span><a href=\"https:\/\/www.pedagogie.ac-nice.fr\/economie-gestion\/2020\/05\/04\/la-classe-virtuelle\/\" target=\"_blank\" rel=\"noopener noreferrer\"><span style=\"text-decoration: underline;\"><strong><span style=\"color: #0000ff; font-size: 12pt; text-decoration: underline;\">Cliquez pour lire la suite<\/span><\/strong><\/span><\/a><\/td>\n<\/tr>\n<tr>\n<td style=\"width: 50.3322%;\">\n<div class=\"titre\">\n<p style=\"text-align: center;\"><span style=\"color: #800080; font-size: 14pt;\"><strong><span style=\"font-family: 'arial black', sans-serif;\">L&rsquo;orientation<\/span><\/strong><\/span><\/p>\n<p><strong><span style=\"font-family: arial, helvetica, sans-serif;\"><span class=\"contenu_titre_non_image\" style=\"font-size: 12pt;\">Continuit\u00e9 de l&rsquo;accompagnement p\u00e9dagogique <span style=\"color: #000000;\">\u00e0 l&rsquo;orientation<\/span>, \u00e0 l&rsquo;attention des professeurs principaux de troisi\u00e8me, seconde, premi\u00e8re et terminale<\/span><\/span><\/strong><\/p>\n<\/div>\n<div class=\"padding-left-10\">\n<div class=\"chapo margin-bottom-20 padding-top-10 font-georgia font-12 font-grey bold\">\n<p><span style=\"text-decoration: underline;\"><strong><span style=\"color: #0000ff; font-size: 12pt; text-decoration: underline;\"><a style=\"color: #0000ff; text-decoration: underline;\" href=\"https:\/\/eduscol.education.fr\/cid150849\/continuite-accompagnement-pedagogique-orientation.html\" target=\"_blank\" rel=\"noopener noreferrer\"><span style=\"color: #0000ff; font-size: 12pt; text-decoration: underline;\">Cette pag<\/span><\/a><\/span><span style=\"color: #0000ff; font-size: 12pt; text-decoration: underline;\"><a style=\"color: #0000ff; text-decoration: underline;\" href=\"https:\/\/eduscol.education.fr\/cid150849\/continuite-accompagnement-pedagogique-orientation.html\" target=\"_blank\" rel=\"noopener noreferrer\">e<\/a><\/span><span style=\"color: #0000ff; font-size: 12pt; text-decoration: underline;\"> d&rsquo;\u00e9duscol<\/span><\/strong><\/span> vise \u00e0 rappeler quelques grands principes et \u00e0 pr\u00e9senter quelques options techniques et p\u00e9dagogiques permettant d&rsquo;assurer au mieux une continuit\u00e9 dans l&rsquo;accompagnement \u00e0 l&rsquo;orientation pour les \u00e9l\u00e8ves de 3e, de seconde, <strong>de premi\u00e8re et de terminale<\/strong>. Elle ne vise pas \u00e0 se substituer \u00e0 ce que les acad\u00e9mies, les \u00e9tablissements ou les \u00e9quipes \u00e9ducatives ont mis en place. En bas de cette page, vous trouverez un ensemble de ressources adress\u00e9es directement aux \u00e9l\u00e8ves et qui ont \u00e9t\u00e9 en partie adapt\u00e9e \u00e0 la situation d&rsquo;\u00e9loignement de l&rsquo;\u00e9tablissement.<\/p>\n<p style=\"text-align: center;\"><a href=\"https:\/\/www.parcoursup.fr\/index.php?desc=covid19\" target=\"_blank\" rel=\"noopener noreferrer\"><span style=\"font-size: 14pt;\"><strong><span style=\"color: #0000ff;\">FAQ Parcoursup<\/span><\/strong><\/span><\/a><\/p>\n<p>&nbsp;<\/p>\n<\/div>\n<\/div>\n<\/td>\n<td style=\"width: 49.5017%;\">\n<p style=\"text-align: center;\"><span style=\"color: #800080;\"><span style=\"font-size: 18pt;\">&nbsp;<\/span><strong><span style=\"font-size: 14pt;\"><span style=\"font-size: 18pt;\">Message des<\/span> <span style=\"font-family: 'arial black', sans-serif;\">PsyEN<\/span><\/span><\/strong><\/span><\/p>\n<p style=\"text-align: center;\"><img loading=\"lazy\" decoding=\"async\" class=\"aligncenter size-medium wp-image-2463\" src=\"https:\/\/www.pedagogie.ac-nice.fr\/economie-gestion\/wp-content\/uploads\/sites\/28\/2020\/05\/padlet-psy-300x134.jpg\" alt=\"\" width=\"300\" height=\"134\" srcset=\"https:\/\/www.pedagogie.ac-nice.fr\/economie-gestion\/wp-content\/uploads\/sites\/28\/2020\/05\/padlet-psy-300x134.jpg 300w, https:\/\/www.pedagogie.ac-nice.fr\/economie-gestion\/wp-content\/uploads\/sites\/28\/2020\/05\/padlet-psy-1024x459.jpg 1024w, https:\/\/www.pedagogie.ac-nice.fr\/economie-gestion\/wp-content\/uploads\/sites\/28\/2020\/05\/padlet-psy-768x344.jpg 768w, https:\/\/www.pedagogie.ac-nice.fr\/economie-gestion\/wp-content\/uploads\/sites\/28\/2020\/05\/padlet-psy-1536x688.jpg 1536w, https:\/\/www.pedagogie.ac-nice.fr\/economie-gestion\/wp-content\/uploads\/sites\/28\/2020\/05\/padlet-psy-604x270.jpg 604w, https:\/\/www.pedagogie.ac-nice.fr\/economie-gestion\/wp-content\/uploads\/sites\/28\/2020\/05\/padlet-psy.jpg 1920w\" sizes=\"auto, (max-width: 300px) 100vw, 300px\" \/><\/p>\n<p style=\"text-align: justify;\"><span style=\"font-family: 'arial black', sans-serif; font-size: 12pt;\">L&rsquo;\u00e9quipe des PsyEN a cr\u00e9e un padlet autant pour les \u00e9l\u00e8ves et familles que pour les \u00e9quipes p\u00e9dagogiques et \u00e9ducatives.<\/span> Il sera remis \u00e0 jours r\u00e9guli\u00e8rement, en fonction des besoins, des demandes et des situations.<\/p>\n<p style=\"text-align: center;\"><span style=\"font-size: 12pt;\"><strong>Acc\u00e8s:<\/strong><\/span><span style=\"text-decoration: underline;\"><span style=\"font-size: 12pt;\"><strong><span style=\"color: #0000ff;\"> <a style=\"color: #0000ff; text-decoration: underline;\" href=\"https:\/\/padlet.com\/cio_hyeres\/uz99xehcc06mhxvq\">padlet psyEN du CIO d&rsquo;Hy\u00e8res<\/a><\/span><\/strong><\/span><\/span><\/p>\n<\/td>\n<\/tr>\n<tr>\n<td style=\"width: 99.8339%; border-color: #11a1f5; text-align: center; vertical-align: middle;\" colspan=\"2\">\n<div class=\"titre\" style=\"text-align: center;\">\n<p><span class=\"contenu_titre_non_image\" style=\"font-size: 18pt; font-family: 'arial black', sans-serif; color: #800080;\"><img loading=\"lazy\" decoding=\"async\" class=\"wp-image-2528 alignnone\" src=\"https:\/\/www.pedagogie.ac-nice.fr\/economie-gestion\/wp-content\/uploads\/sites\/28\/2020\/05\/images.jpeg\" alt=\"\" width=\"137\" height=\"137\" srcset=\"https:\/\/www.pedagogie.ac-nice.fr\/economie-gestion\/wp-content\/uploads\/sites\/28\/2020\/05\/images.jpeg 200w, https:\/\/www.pedagogie.ac-nice.fr\/economie-gestion\/wp-content\/uploads\/sites\/28\/2020\/05\/images-150x150.jpeg 150w\" sizes=\"auto, (max-width: 137px) 100vw, 137px\" \/><span style=\"font-size: 36pt;\">Les ressources \u00e0 disposition<\/span><\/span><\/p>\n<\/div>\n<\/td>\n<\/tr>\n<tr>\n<td style=\"width: 50.3322%;\">\n<div class=\"titre\">\n<p style=\"text-align: center;\"><span style=\"font-size: 14pt;\"><strong>Les publications<\/strong><\/span><\/p>\n<p><img loading=\"lazy\" decoding=\"async\" class=\"\" src=\"https:\/\/dane.ac-lyon.fr\/spip\/local\/cache-vignettes\/L500xH150\/arton604-76163.png?1586942638\" alt=\"logo article ou rubrique\" width=\"179\" height=\"54\"><\/p>\n<p><span style=\"font-size: 12pt; color: #000000;\"><strong>R\u00e9alisation commune DPD et Dane de Lyon:<span style=\"color: #0000ff;\">&nbsp;<\/span><\/strong><\/span><span style=\"color: #0000ff;\"><span style=\"font-size: 12pt;\"><a style=\"color: #0000ff;\" href=\"https:\/\/dane.ac-lyon.fr\/spip\/RGPD-604\" target=\"_blank\" rel=\"noopener noreferrer\">Une infographie interactive sur le RGPD \u00e0 destination des enseignants.<\/a><\/span><\/span><\/p>\n<p><strong><span style=\"font-size: 12pt;\">Conduite \u00e0 tenir dans le choix des outils num\u00e9riques (aix-Marseille):<\/span><\/strong> <span style=\"color: #0000ff; font-size: 12pt;\"><a style=\"color: #0000ff;\" href=\"https:\/\/www.pedagogie.ac-aix-marseille.fr\/jcms\/c_10774428\/fr\/conduite-a-tenir-dans-le-choix-des-outils-numeriques\" target=\"_blank\" rel=\"noopener noreferrer\">focus sur Zoom et Discord<\/a><\/span><\/p>\n<p><span class=\"contenu_titre_non_image\" style=\"font-size: 12pt; font-family: 'arial black', sans-serif;\"><span style=\"font-weight: 400;\"><img loading=\"lazy\" decoding=\"async\" class=\"wp-image-2335 alignnone\" src=\"https:\/\/www.pedagogie.ac-nice.fr\/economie-gestion\/wp-content\/uploads\/sites\/28\/2020\/03\/Le-mag-208x300.png\" alt=\"\" width=\"103\" height=\"149\" srcset=\"https:\/\/www.pedagogie.ac-nice.fr\/economie-gestion\/wp-content\/uploads\/sites\/28\/2020\/03\/Le-mag-208x300.png 208w, https:\/\/www.pedagogie.ac-nice.fr\/economie-gestion\/wp-content\/uploads\/sites\/28\/2020\/03\/Le-mag.png 403w\" sizes=\"auto, (max-width: 103px) 100vw, 103px\" \/><\/span><\/span><\/p>\n<p><span class=\"contenu_titre_non_image\" style=\"font-size: 12pt; font-family: 'arial black', sans-serif;\"><span style=\"font-weight: 400;\"><span style=\"color: #0000ff;\"><a style=\"color: #0000ff;\" href=\"https:\/\/www.pedagogie.ac-nice.fr\/economie-gestion\/2020\/05\/05\/lemag-ecogest\/\" target=\"_blank\" rel=\"noopener noreferrer\">LeMag EcoGest<\/a>&nbsp;<\/span><\/span><\/span><\/p>\n<hr>\n<p><span style=\"font-size: 18pt; color: #800080;\"><strong>Echanges&nbsp; entre coll\u00e8gues<\/strong><\/span><\/p>\n<p style=\"text-align: center;\"><span style=\"font-size: 18pt; color: #800080;\"><strong><img loading=\"lazy\" decoding=\"async\" class=\"aligncenter size-full wp-image-2491\" src=\"https:\/\/www.pedagogie.ac-nice.fr\/economie-gestion\/wp-content\/uploads\/sites\/28\/2020\/05\/discutent.jpeg\" alt=\"\" width=\"259\" height=\"194\"><\/strong><\/span><span style=\"text-decoration: underline;\"><span style=\"font-size: 12pt;\"><a href=\"https:\/\/www.pedagogie.ac-nice.fr\/economie-gestion\/?p=2495&amp;preview=true&amp;aiEnableCheckShortcode=true\" target=\"_blank\" rel=\"noopener noreferrer\"><span style=\"color: #0000ff; text-decoration: underline;\"><strong>\u00ab\u00a0Comment je m&rsquo;organise et quelles solutions aux difficult\u00e9s rencontr\u00e9es.\u00a0\u00bb Cliquez<\/strong><\/span><\/a><\/span><\/span><\/p>\n<p>Retrouvez quelques t\u00e9moignages et conseils de coll\u00e8gues qui pourront peut-\u00eatre vous aider.<\/p>\n<\/div>\n<\/td>\n<td style=\"width: 49.5017%; text-align: left;\">\n<p style=\"text-align: left;\"><span style=\"font-size: 14pt;\"><strong>Les sites ressources<\/strong><\/span><\/p>\n<ul style=\"text-align: left;\">\n<li><strong>CERPEG : <a href=\"http:\/\/www.cerpeg.fr\/\">http:\/\/www.cerpeg.fr\/<\/a><\/strong><\/li>\n<li><strong>CERTA&nbsp;:&nbsp;<a href=\"https:\/\/www.reseaucerta.org\/\">https:\/\/www.reseaucerta.org\/<\/a><\/strong><\/li>\n<li><strong>CRCF&nbsp;:&nbsp;<a href=\"http:\/\/crcf.ac-grenoble.fr\/\">http:\/\/crcf.ac-grenoble.fr\/<\/a><\/strong><\/li>\n<li><strong>CRCM-TL :&nbsp;<a href=\"http:\/\/www.crcm-tl.fr\/\">http:\/\/www.crcm-tl.fr\/<\/a><\/strong><\/li>\n<li><strong>CRCOM :&nbsp;<a href=\"https:\/\/crcom.ac-versailles.fr\/\">https:\/\/crcom.ac-versailles.fr\/<\/a><\/strong><\/li>\n<li><strong>HOTELLERIE-RESTAURATION&nbsp;:&nbsp;<a href=\"http:\/\/www.hotellerie-restauration.ac-versailles.fr\/\">http:\/\/www.hotellerie-restauration.ac-versailles.fr\/<\/a><\/strong><\/li>\n<li><strong>METIERS DE L\u2019ALIMENTATION :&nbsp;<a href=\"http:\/\/www.metiers-alimentation.ac-versailles.fr\/\">http:\/\/www.metiers-alimentation.ac-versailles.fr\/<\/a><\/strong><\/li>\n<\/ul>\n<hr>\n<p style=\"text-align: left;\"><strong><span style=\"font-size: 12pt;\">Acad\u00e9mie de Dijon:<\/span><\/strong><span style=\"color: #0000ff;\"><a style=\"color: #0000ff;\" href=\"http:\/\/economie-gestion.ac-dijon.fr\/spip.php?article679\" target=\"_blank\" rel=\"noopener noreferrer\">Banque de ressources en \u00e9conomie-gestion pour organiser la continuit\u00e9 p\u00e9dagogique dans le cadre de l\u2019enseignement \u00e0 distance<\/a><\/span><\/p>\n<p style=\"text-align: left;\"><span style=\"color: #000000;\"><strong>Acad\u00e9mie de Dijon<\/strong>:<\/span>&nbsp;<span style=\"color: #0000ff;\"><a style=\"color: #0000ff;\" href=\"http:\/\/economie-gestion.ac-dijon.fr\/spip.php?article681\" target=\"_blank\" rel=\"noopener noreferrer\"><span style=\"font-size: 12pt;\">Ressources de CEJM &#8211; Th\u00e8me 6<\/span><\/a><\/span><\/p>\n<p style=\"text-align: left;\"><strong><span style=\"color: #0000ff;\"><a style=\"color: #0000ff;\" href=\"http:\/\/dane.ac-dijon.fr\/continuite-pedagogique-les-webinaires-proposes\/\" target=\"_blank\" rel=\"noopener noreferrer\">Webinaires et tutos DANE Dijon<\/a><\/span><\/strong><\/p>\n<p><strong style=\"text-align: center; font-family: inherit; font-size: inherit;\"><span style=\"font-size: 12pt;\">Acad\u00e9mie La r\u00e9union:<span style=\"color: #0000ff;\"><a style=\"color: #0000ff;\" href=\"https:\/\/pedagogie.ac-reunion.fr\/economie-gestion\/numerique-educatif\/les-traam-travaux-academiques-mutualises\/traam-20172018-levaluation-des-apprentissages-avec-le-numerique.html\" target=\"_blank\" rel=\"noopener noreferrer\">&nbsp;<\/a><\/span><\/span><\/strong><span style=\"font-family: inherit; font-size: inherit; text-align: center; color: #0000ff;\">Banques de question Moodle (stmg<\/span><span style=\"font-family: inherit; font-size: inherit; text-align: center; color: #0000ff;\">) &nbsp;&#8211; &nbsp;<\/span><a href=\"https:\/\/www.slideshare.net\/NicolasDefay1\/moodle-prise-en-main-rapide-de-lactivit-test-81132220\" target=\"_blank\" rel=\"noopener noreferrer\"><span style=\"color: #800080;\">Moodle : Prise en main rapide de l&rsquo;activit\u00e9 \u00ab\u00a0Test\u00a0\u00bb (v1.5) &#8211;<\/span>&nbsp;&nbsp;<\/a><a href=\"https:\/\/fr.slideshare.net\/NicolasDefay1\/moodle-utilisation-avance-de-lactivit-test\" target=\"_blank\" rel=\"noopener noreferrer\"><span style=\"color: #00ccff;\">Moodle : Utilisation avanc\u00e9e de l&rsquo;activit\u00e9 \u00ab\u00a0Test\u00a0\u00bb<\/span> &#8211;&nbsp;&nbsp;<\/a><span style=\"color: #0000ff;\"><a style=\"color: #0000ff;\" href=\"https:\/\/www.slideshare.net\/NicolasDefay1\/moodle-lactivit-test-en-mode-expert-v12\" target=\"_blank\" rel=\"noopener noreferrer\">Moodle : L&rsquo;activit\u00e9 test pour \u00ab experts \u00bb (\u00e9valuations formatives et multitesting)<\/a><\/span><\/p>\n<p><span style=\"color: #800080; font-size: 12pt;\"><a style=\"color: #800080;\" href=\"https:\/\/www.pedagogie.ac-nice.fr\/economie-gestion\/2020\/05\/06\/ressources-pedagogiques\/\" target=\"_blank\" rel=\"noopener noreferrer\"><span style=\"color: #0000ff;\">Ressources p\u00e9dagogique essentiellement list\u00e9es par<\/span><\/a><\/span><strong><span style=\"color: #800080;\"><a style=\"color: #800080;\" href=\"https:\/\/www.pedagogie.ac-nice.fr\/economie-gestion\/2020\/05\/06\/ressources-pedagogiques\/\" target=\"_blank\" rel=\"noopener noreferrer\"> <span style=\"font-size: 12pt; color: #000000;\">l&rsquo; acad\u00e9mie de Grenoble et Montpellier<\/span><\/a><\/span><\/strong><\/td>\n<\/tr>\n<tr>\n<td style=\"width: 99.8339%;\" colspan=\"2\">\n<div class=\"titre\">\n<p style=\"text-align: center;\"><span class=\"contenu_titre_non_image\" style=\"font-size: 12pt; font-family: 'arial black', sans-serif; color: #800080;\">Rappel agenda orientation des \u00e9l\u00e8ves<\/span><\/p>\n<p><strong>\u25a0<\/strong><strong> PROCHAINES \u00c9TAPES POUR LA&nbsp;1RE<\/strong><\/p>\n<\/div>\n<div class=\"titre\">Pour le conseil de classe du 3e trimestre ou du 2e semestre : En lyc\u00e9e technologique : suivi de la s\u00e9rie choisie ou demande de r\u00e9orientation.<\/div>\n<div>&nbsp;<\/div>\n<div class=\"titre\" style=\"text-align: justify;\"><strong>\u25a0<\/strong><strong>&nbsp;PROCHAINES \u00c9TAPES POUR LA&nbsp;TLE<\/strong><\/div>\n<div class=\"titre\" style=\"text-align: justify;\"><span style=\"text-decoration: underline;\">Du 19 mai au 17 juillet 2020<\/span> : r\u00e9ponses des \u00e9tablissements de formation et d\u00e9cisions \u00e0 prendre par le\/la candidate.<\/div>\n<div class=\"titre\">\n<p style=\"text-align: justify;\"><span style=\"text-decoration: underline;\">Du 25 juin au 11 septembre 2020<\/span> : phase compl\u00e9mentaire de Parcoursup : chaque candidat\/e, y compris ceux qui n&rsquo;auraient pas particip\u00e9 \u00e0 la premi\u00e8re phase, peuvent \u00e9mettre 10 v\u0153ux de formation, selon les places disponibles.<\/p>\n<\/div>\n<\/td>\n<\/tr>\n<tr>\n<td style=\"width: 50.3322%;\">\n<div class=\"titre\">\n<p style=\"text-align: center;\"><span class=\"contenu_titre_non_image\" style=\"font-size: 12pt; font-family: 'arial black', sans-serif; color: #ff0000;\"><span style=\"color: #3366ff;\"><a style=\"color: #3366ff;\" href=\"https:\/\/drive.google.com\/file\/d\/1FZkoL_snzgl1UQ78W77rDcYOyuxb4ARg\/view?usp=sharing\" target=\"_blank\" rel=\"noopener noreferrer\"><img loading=\"lazy\" decoding=\"async\" class=\"wp-image-2354 alignleft\" src=\"https:\/\/www.pedagogie.ac-nice.fr\/economie-gestion\/wp-content\/uploads\/sites\/28\/2020\/04\/Continuite_VF-1_Page_2-211x300.jpg\" alt=\"\" width=\"65\" height=\"93\" srcset=\"https:\/\/www.pedagogie.ac-nice.fr\/economie-gestion\/wp-content\/uploads\/sites\/28\/2020\/04\/Continuite_VF-1_Page_2-211x300.jpg 211w, https:\/\/www.pedagogie.ac-nice.fr\/economie-gestion\/wp-content\/uploads\/sites\/28\/2020\/04\/Continuite_VF-1_Page_2-721x1024.jpg 721w, https:\/\/www.pedagogie.ac-nice.fr\/economie-gestion\/wp-content\/uploads\/sites\/28\/2020\/04\/Continuite_VF-1_Page_2-768x1091.jpg 768w, https:\/\/www.pedagogie.ac-nice.fr\/economie-gestion\/wp-content\/uploads\/sites\/28\/2020\/04\/Continuite_VF-1_Page_2-1081x1536.jpg 1081w, https:\/\/www.pedagogie.ac-nice.fr\/economie-gestion\/wp-content\/uploads\/sites\/28\/2020\/04\/Continuite_VF-1_Page_2-1441x2048.jpg 1441w, https:\/\/www.pedagogie.ac-nice.fr\/economie-gestion\/wp-content\/uploads\/sites\/28\/2020\/04\/Continuite_VF-1_Page_2-scaled.jpg 1802w\" sizes=\"auto, (max-width: 65px) 100vw, 65px\" \/><\/a><\/span><span style=\"color: #800080;\">Derni\u00e8res publications de la DANE<\/span><\/span><\/p>\n<p>&#8211;<span style=\"color: #000000;\">&nbsp; <a style=\"color: #000000;\" href=\"https:\/\/drive.google.com\/file\/d\/1FZkoL_snzgl1UQ78W77rDcYOyuxb4ARg\/view?usp=sharing\" target=\"_blank\" rel=\"noopener noreferrer\">synth\u00e8se rappelant l<strong>es principes<\/strong> <strong>de l&rsquo;accompagnement<\/strong> ainsi que<strong> ressources et outils<\/strong> \u00e0 disposition des enseignants.<\/a><\/span><\/p>\n<p><span style=\"color: #000000;\"><a style=\"color: #000000;\" href=\"https:\/\/drive.google.com\/file\/d\/1brhj2YB-MfVqHfEinHkdzNhQal8rT512\/view?usp=sharing\" target=\"_blank\" rel=\"noopener noreferrer\"><strong>-document<\/strong>&nbsp;\u00e0 destination des coll\u00e8gues qui utilisent la \u201cclasse virtuelle\u201d et qui sont <strong>confront\u00e9s \u00e0 des perturbateurs.<\/strong><\/a><\/span><\/p>\n<\/div>\n<\/td>\n<td style=\"width: 49.5017%;\">\n<div class=\"titre\">\n<p style=\"text-align: center;\"><span class=\"contenu_titre_non_image\" style=\"font-size: 14pt; font-family: 'arial black', sans-serif; color: #800080;\">Les archives&nbsp;<\/span><\/p>\n<ul>\n<li><span style=\"color: #0000ff; font-size: 12pt; font-family: 'arial black', sans-serif;\"><strong><a style=\"color: #0000ff;\" href=\"https:\/\/services.dgesip.fr\/fichiers\/FAQ-BTS-Session2020.pdf\" target=\"_blank\" rel=\"noopener noreferrer\">FAQ BTS 07\/05\/2020<\/a><\/strong><\/span><\/li>\n<li><span style=\"font-size: 12pt; color: #0000ff; font-family: 'arial black', sans-serif;\"><strong><a style=\"color: #0000ff;\" href=\"https:\/\/services.dgesip.fr\/fichiers\/FAQ-BTS-Session2020-170420.pdf\" target=\"_blank\" rel=\"noopener noreferrer\">FAQ BTS 17\/04\/2020<\/a><\/strong><\/span><\/li>\n<li><span style=\"font-family: 'arial black', sans-serif; color: #0000ff; font-size: 12pt;\"><strong><a style=\"color: #0000ff;\" href=\"https:\/\/services.dgesip.fr\/fichiers\/FAQ-BTS-Session2020-14avril20.pdf\" target=\"_blank\" rel=\"noopener noreferrer\">FAQ BTS 09\/04\/2020<\/a><\/strong><\/span><\/li>\n<li><span style=\"font-family: 'arial black', sans-serif; color: #0000ff; font-size: 12pt;\"><strong><a style=\"color: #0000ff;\" href=\"https:\/\/www.education.gouv.fr\/sites\/default\/files\/2020-04\/questions-r-ponses-sur-les-examens-nationaux---session-2020-66513_4.pdf\" target=\"_blank\" rel=\"noopener noreferrer\">FAQ examen 17\/04\/2020<\/a><\/strong><\/span><\/li>\n<li style=\"text-align: left;\"><span class=\"contenu_titre_non_image\" style=\"font-size: 12pt; font-family: 'arial black', sans-serif; color: #0000ff;\"><a href=\"https:\/\/www.education.gouv.fr\/sites\/default\/files\/2020-03\/coronavirus-covid-19-questions-r-ponses-pour-les-familles-les-l-ves-et-les-personnels-d-ducation---18-03-66099.pdf\" target=\"_blank\" rel=\"noopener noreferrer\">FAQ Minist\u00e8re 18\/03\/2020&nbsp;<\/a>&nbsp;<\/span><\/li>\n<\/ul>\n<\/div>\n<\/td>\n<\/tr>\n<\/tbody>\n<\/table>\n<table style=\"border-collapse: collapse; width: 100.331%; height: 1325px;\">\n<tbody>\n<tr>\n<td style=\"width: 100%;\"><img loading=\"lazy\" decoding=\"async\" class=\"aligncenter wp-image-2370\" src=\"https:\/\/www.pedagogie.ac-nice.fr\/economie-gestion\/wp-content\/uploads\/sites\/28\/2020\/04\/formation-300x177.png\" alt=\"\" width=\"131\" height=\"77\" srcset=\"https:\/\/www.pedagogie.ac-nice.fr\/economie-gestion\/wp-content\/uploads\/sites\/28\/2020\/04\/formation-300x177.png 300w, https:\/\/www.pedagogie.ac-nice.fr\/economie-gestion\/wp-content\/uploads\/sites\/28\/2020\/04\/formation-1024x604.png 1024w, https:\/\/www.pedagogie.ac-nice.fr\/economie-gestion\/wp-content\/uploads\/sites\/28\/2020\/04\/formation-768x453.png 768w, https:\/\/www.pedagogie.ac-nice.fr\/economie-gestion\/wp-content\/uploads\/sites\/28\/2020\/04\/formation.png 1065w\" sizes=\"auto, (max-width: 131px) 100vw, 131px\" \/><\/p>\n<div>\n<p style=\"text-align: center;\"><strong><span style=\"color: #800080; font-size: 24pt;\">WEBINAIRES<\/span><br \/>\n<\/strong><\/p>\n<p style=\"font-weight: 400;\">Dans ce contexte tout particulier que nous vivons depuis quelques mois maintenant, vous avez eu recours \u00e0 divers outils num\u00e9riques afin d\u2019assurer, dans l\u2019urgence, une continuit\u00e9 p\u00e9dagogique avec vos \u00e9l\u00e8ves.<\/p>\n<p style=\"font-weight: 400;\">La reprise des cours, depuis quelques jours dans les \u00e9tablissements scolaires, a fait \u00e9merger un enseignement hybride qui se caract\u00e9rise par une alternance de temps en&nbsp;pr\u00e9sentiel, c\u2019est-\u00e0-dire en classe,&nbsp;et de temps \u00e0 distance. Ce nouveau contexte p\u00e9dagogique n\u00e9cessite une nouvelle fois adaptation et d\u00e9veloppement de nouvelles comp\u00e9tences dans les pratiques de chacun.<\/p>\n<p style=\"font-weight: 400;\">Sur le principe du volontariat,&nbsp;<strong>L\u2019Inspection Acad\u00e9mique d\u2019\u00e9conomie-gestion et la DANE, vous propose de vous accompagner et de consolider vos capacit\u00e9s d\u2019utilisation de ces outils num\u00e9riques au service d\u2019une sc\u00e9narisation p\u00e9dagogique<\/strong>&nbsp;<strong>disciplinaire&nbsp;<\/strong>adapt\u00e9e \u00e0 cet enseignement hybride<strong>.<\/strong><\/p>\n<table style=\"border-collapse: collapse; width: 99.3244%; height: 189px;\">\n<tbody>\n<tr style=\"height: 189px;\">\n<td style=\"width: 30.2503%; height: 189px;\"><strong>WEBINAIRE N\u00b01<\/strong><\/p>\n<p><strong>Jeudi 18 juin&nbsp; 14h30-16h00<\/strong><\/p>\n<p>&nbsp;<\/p>\n<p>&nbsp;<\/td>\n<td style=\"width: 69.5808%; height: 189px;\"><strong>TH\u00c9MATIQUE DU WEBINAIRE&nbsp;: <\/strong>l\u2019enseignement hybride en \u00e9conomie-gestion<\/p>\n<p><strong>OBJECTIFS&nbsp;: <\/strong>s\u2019approprier et construire une s\u00e9quence en contexte hybride.<\/p>\n<p style=\"text-align: center;\"><strong><a href=\"https:\/\/www.pedagogie.ac-nice.fr\/economie-gestion\/2020\/06\/15\/webinaire-jeudi-18-juin-2020\/\" target=\"_blank\" rel=\"noopener noreferrer\"><span style=\"color: #0000ff;\"><span style=\"font-size: 12pt;\"><span style=\"font-size: 14pt;\">Descriptif et inscription<\/span><\/span><\/span><\/a><\/strong><\/p>\n<\/td>\n<\/tr>\n<\/tbody>\n<\/table>\n<p style=\"font-weight: 400;\">Divers ateliers vous seront ensuite propos\u00e9s, d\u2019ici la fin du mois de juin, sous forme de classes virtuelles, permettant de se former aux gestes techniques n\u00e9cessaires \u00e0 la ma\u00eetrise&nbsp;des capacit\u00e9s : collaborer, construire et communiquer \u00e0 distance en lien direct avec nos programmes.<\/p>\n<\/div>\n<p>&nbsp;<\/p>\n<table style=\"border-collapse: collapse; width: 100%;\">\n<tbody>\n<tr>\n<td style=\"width: 29.9664%;\"><span style=\"color: #800080;\"><strong>WEBINAIRE N\u00b02<\/strong><\/span><\/p>\n<p>&nbsp;<\/p>\n<p><strong>Lundi 22 juin 14h00-15h30<\/strong><\/p>\n<p>&nbsp;<\/p>\n<p>&nbsp;<\/td>\n<td style=\"width: 69.8654%;\"><strong>TH\u00c9MATIQUE DU WEBINAIRE : <\/strong>L&rsquo;auto\u00e9valuation des \u00e9l\u00e8ves en classe hybride<\/p>\n<p><strong>OBJECTIFS&nbsp;:&nbsp;<\/strong>Cr\u00e9er ou utiliser des activit\u00e9s interactives permettant l\u2019auto\u00e9valuation des \u00e9l\u00e8ves<\/p>\n<p style=\"text-align: center;\"><span style=\"color: #0000ff; font-size: 14pt;\"><strong><a style=\"color: #0000ff;\" href=\"https:\/\/www.pedagogie.ac-nice.fr\/economie-gestion\/2020\/06\/19\/webinaire-lundi-22-juin-2020\/\" target=\"_blank\" rel=\"noopener noreferrer\">Descriptif et inscription<\/a><\/strong><\/span><\/p>\n<\/td>\n<\/tr>\n<\/tbody>\n<\/table>\n<table style=\"border-collapse: collapse; width: 100%;\">\n<tbody>\n<tr>\n<td style=\"width: 29.916%;\"><span style=\"color: #800080;\"><strong>WEBINAIRE N\u00b03<\/strong><\/span><\/p>\n<p>&nbsp;<\/p>\n<p><strong>Lundi 29 juin&nbsp; 9h00-10h30<\/strong><\/p>\n<p>&nbsp;<\/p>\n<p>&nbsp;<\/td>\n<td style=\"width: 69.916%;\"><strong>TH\u00c9MATIQUE DU WEBINAIRE :&nbsp; <\/strong>Accompagnement \u00e0 la mise en \u0153uvre de Moodle (prolongement du Webinaire N\u00b01)<\/p>\n<p><strong>OBJECTIF<\/strong> : Cr\u00e9er un espace de cours sur la plateforme p\u00e9dagogique Moodle<\/p>\n<p style=\"text-align: center;\"><a href=\"https:\/\/enquetes.ac-nice.fr\/index.php\/679299?lang=fr\" target=\"_blank\" rel=\"noopener noreferrer\"><strong><span style=\"color: #0000ff; font-size: 14pt;\">Descriptif et inscription<\/span><\/strong><\/a><\/p>\n<\/td>\n<\/tr>\n<\/tbody>\n<\/table>\n<p>&nbsp;<\/p>\n<table style=\"border-collapse: collapse; width: 100%; height: 196px;\">\n<tbody>\n<tr style=\"height: 196px;\">\n<td style=\"width: 30.7433%; height: 196px;\"><span style=\"color: #800080;\"><strong>WEBINAIRE N\u00b04<\/strong><\/span><\/p>\n<p>&nbsp;<\/p>\n<p><strong>Lundi 29 juin&nbsp; 14h00-15h30<\/strong><\/p>\n<p>&nbsp;<\/p>\n<p>&nbsp;<\/td>\n<td style=\"width: 69.0878%; height: 196px;\">\n<p style=\"text-align: left;\"><strong>TH\u00c9MATIQUE DU WEBINAIRE :&nbsp;&nbsp;<\/strong><strong>D\u00e9buter avec la classe virtuelle<\/strong> : \u00e9laborer une s\u00e9quence en contexte hybride \u00e0 partir d\u2019un ouvrage p\u00e9dagogique ou d\u2019un manuel num\u00e9rique en terminale STMG.<\/p>\n<p><strong>OBJECTIF<\/strong> :&nbsp; Construire et animer une classe virtuelle \u00e0 partir d\u2019un ouvrage p\u00e9dagogique ou d\u2019un manuel num\u00e9rique en \u00c9conomie.<\/p>\n<p style=\"text-align: center;\"><a href=\"https:\/\/enquetes.ac-nice.fr\/index.php\/945252?newtest=Y&amp;lang=fr\" target=\"_blank\" rel=\"noopener noreferrer\"><span style=\"font-size: 14pt; color: #0000ff;\"><strong>Descriptif et inscription<\/strong><\/span><\/a><\/p>\n<\/td>\n<\/tr>\n<\/tbody>\n<\/table>\n<\/td>\n<\/tr>\n<\/tbody>\n<\/table>\n","protected":false},"excerpt":{"rendered":"<p>&nbsp; Continuit\u00e9 p\u00e9dagogique &nbsp; Propositions p\u00e9dagogiques et num\u00e9riques dans le cadre de la r\u00e9ouverture cliquez ici Ce document (&nbsp;DAN-Inspection) concerne<\/p>\n","protected":false},"author":205,"featured_media":0,"comment_status":"closed","ping_status":"closed","sticky":false,"template":"","format":"standard","meta":{"colormag_page_container_layout":"default_layout","colormag_page_sidebar_layout":"default_layout","ngg_post_thumbnail":0,"footnotes":""},"categories":[94],"tags":[],"class_list":["post-2432","post","type-post","status-publish","format-standard","hentry","category-continuite-pedagogique"],"rttpg_featured_image_url":null,"rttpg_author":{"display_name":"Estelle REGIS","author_link":"https:\/\/www.pedagogie.ac-nice.fr\/economie-gestion\/author\/stmgadmin1\/"},"rttpg_comment":0,"rttpg_category":"<a href=\"https:\/\/www.pedagogie.ac-nice.fr\/economie-gestion\/category\/continuite-pedagogique\/\" rel=\"category tag\">Continuit\u00e9 p\u00e9dagogique<\/a>","rttpg_excerpt":"&nbsp; Continuit\u00e9 p\u00e9dagogique &nbsp; Propositions p\u00e9dagogiques et num\u00e9riques dans le cadre de la r\u00e9ouverture cliquez ici Ce document (&nbsp;DAN-Inspection) concerne","post_mailing_queue_ids":[],"_links":{"self":[{"href":"https:\/\/www.pedagogie.ac-nice.fr\/economie-gestion\/wp-json\/wp\/v2\/posts\/2432","targetHints":{"allow":["GET"]}}],"collection":[{"href":"https:\/\/www.pedagogie.ac-nice.fr\/economie-gestion\/wp-json\/wp\/v2\/posts"}],"about":[{"href":"https:\/\/www.pedagogie.ac-nice.fr\/economie-gestion\/wp-json\/wp\/v2\/types\/post"}],"author":[{"embeddable":true,"href":"https:\/\/www.pedagogie.ac-nice.fr\/economie-gestion\/wp-json\/wp\/v2\/users\/205"}],"replies":[{"embeddable":true,"href":"https:\/\/www.pedagogie.ac-nice.fr\/economie-gestion\/wp-json\/wp\/v2\/comments?post=2432"}],"version-history":[{"count":89,"href":"https:\/\/www.pedagogie.ac-nice.fr\/economie-gestion\/wp-json\/wp\/v2\/posts\/2432\/revisions"}],"predecessor-version":[{"id":2460,"href":"https:\/\/www.pedagogie.ac-nice.fr\/economie-gestion\/wp-json\/wp\/v2\/posts\/2432\/revisions\/2460"}],"wp:attachment":[{"href":"https:\/\/www.pedagogie.ac-nice.fr\/economie-gestion\/wp-json\/wp\/v2\/media?parent=2432"}],"wp:term":[{"taxonomy":"category","embeddable":true,"href":"https:\/\/www.pedagogie.ac-nice.fr\/economie-gestion\/wp-json\/wp\/v2\/categories?post=2432"},{"taxonomy":"post_tag","embeddable":true,"href":"https:\/\/www.pedagogie.ac-nice.fr\/economie-gestion\/wp-json\/wp\/v2\/tags?post=2432"}],"curies":[{"name":"wp","href":"https:\/\/api.w.org\/{rel}","templated":true}]}}