{"id":2495,"date":"2020-05-05T11:32:52","date_gmt":"2020-05-05T09:32:52","guid":{"rendered":"https:\/\/www.pedagogie.ac-nice.fr\/economie-gestion\/?p=2495"},"modified":"2020-05-09T09:49:37","modified_gmt":"2020-05-09T07:49:37","slug":"comment-je-morganise-et-quelles-solutions-aux-difficultes-rencontrees","status":"publish","type":"post","link":"https:\/\/www.pedagogie.ac-nice.fr\/economie-gestion\/2020\/05\/05\/comment-je-morganise-et-quelles-solutions-aux-difficultes-rencontrees\/","title":{"rendered":"\u00ab\u00a0Comment je m&rsquo;organise et quelles solutions aux difficult\u00e9s rencontr\u00e9es.\u00a0\u00bb"},"content":{"rendered":"<p style=\"text-align: left;\"><span style=\"font-size: 18pt; color: #800080;\"><strong><img loading=\"lazy\" decoding=\"async\" class=\"aligncenter size-full wp-image-2491\" src=\"https:\/\/www.pedagogie.ac-nice.fr\/economie-gestion\/wp-content\/uploads\/sites\/28\/2020\/05\/discutent.jpeg\" alt=\"\" width=\"259\" height=\"194\" \/><\/strong><\/span><\/p>\n<p style=\"text-align: center;\"><strong><span style=\"color: #800080;\">Utilisation de la classe virtuelle<\/span><\/strong><\/p>\n<p style=\"text-align: justify;\">\u00ab\u00a0<em>Quand j\u2019utilise la \u00ab\u00a0classe virtuelle\u00a0\u00bb, je choisis le partage d&rsquo;\u00e9cran mais je prends bien soin de d\u00e9poser mes documents en format PDF. Ainsi, m\u00eame si <strong>j&rsquo;utilise le partage d&rsquo;\u00e9cran<\/strong>\u00a0 en cas de probl\u00e8me (perte du partage, navigateur des \u00e9l\u00e8ves obsol\u00e8te parfois&#8230;), je peux rapidement me \u00ab\u00a0rabattre\u00a0\u00bb sur les <strong>ressources PDF t\u00e9l\u00e9charg\u00e9es\u00a0\u00bb<\/strong><\/em><\/p>\n<hr \/>\n<p style=\"text-align: justify;\"><em>\u00ab\u00a0Lorsque la connexion n&rsquo;est vraiment pas \u00ab\u00a0bonne\u00a0\u00bb (\u00e7a arrive parfois en fonction des heures de connexion), je n&rsquo;h\u00e9site pas \u00e0 utiliser <strong>mon t\u00e9l\u00e9phone portable<\/strong> puisque j&rsquo;ai une connexion \u00e0 internet. De m\u00eame pour les \u00e9l\u00e8ves n\u2019ayant pas assez d&rsquo;ordinateurs \u00e0 la maison, je leur demande de s\u2019isoler (si possible) dans une pi\u00e8ce avec leur t\u00e9l\u00e9phone portable.\u00a0\u00bb<\/em><\/p>\n<hr \/>\n<p style=\"text-align: justify;\"><em>1.\u00a0\u00bbJe demande aux \u00e9l\u00e8ves de se connecter 5 min avant l\u2019heure \u00e0 la classe virtuelle, je visualise les pr\u00e9sents et prend une photo de l\u2019\u00e9cran des participants pour suivre l\u2019assiduit\u00e9. Cela me permet de contacter les absents par mail et de transmettre le travail.<\/em><\/p>\n<p style=\"text-align: justify;\"><em>2.Ensuite, j\u2019explique les objectifs de la s\u00e9ance, je leur partage les documents sur l\u2019\u00e9cran pour qu\u2019ils comprennent bien les consignes et r\u00e9ponds \u00e0 leurs questions. Cela me prend 10 min.<\/em><\/p>\n<p style=\"text-align: justify;\"><em>3.Je \u00a0laisse les \u00e9l\u00e8ves travailler en autonomie selon les modalit\u00e9s d\u00e9finies . Je reste disponible durant le travail donn\u00e9 pour r\u00e9pondre \u00e0 leurs questions (soit par mail, chat ou selon les classes, je ne me d\u00e9connecte pas de la classe virtuelle et si un \u00e9l\u00e8ve \u00e0 une question \u00e0 me poser, il peut se reconnecter pour me la poser. Je peux lui r\u00e9pondre de vive voix ou lui afficher un document, lui montrer une manip sur ordinateur&#8230;. Pendant qu\u2019ils travaillent, je peux traiter d\u2019autres dossiers.<\/em><\/p>\n<p style=\"text-align: justify;\"><em>4.Lorsqu&rsquo;ils ont termin\u00e9, soit ils me renvoient le travail, soit je fais une correction avec\u00a0 classe virtuelle.<\/em><\/p>\n<hr \/>\n<p><strong>Autre exemple:<\/strong><\/p>\n<p style=\"text-align: justify;\"><em>\u00ab\u00a0J&rsquo;envoie du travail ou d\u00e9p\u00f4t sur un espace partag\u00e9 et les\u00a0<\/em><em>\u00a0\u00e9l\u00e8ves travaillent en autonomie.<\/em><\/p>\n<p style=\"text-align: justify;\"><em>Je corrige en classe virtuelle et construit la synth\u00e8se avec eux. Pour suivre si chacun comprend et est attentif, il est possible de poser de tem<strong>ps en temps une question avec l\u2019option \u00ab\u00a0sondage\u00a0\u00bb de la classe virtuelle<\/strong>. Cela permet de r\u00e9colter les r\u00e9ponses sans qu\u2019ils prennent la parole avec le micro (pour \u00e9viter que \u00e7a deviennent trop bruyant) et de toute fa\u00e7on certains n\u2019ont pas de micro, ils ne peuvent donc pas me r\u00e9pondre.<\/em><\/p>\n<p style=\"text-align: justify;\"><em>En fin de s\u00e9ance, je r\u00e9sume la s\u00e9ance avec eux par un sch\u00e9ma qu<strong>e je trace avec un stylet<\/strong> si je suis sur une tablette, sinon,\u00a0 je \u00ab d\u00e9couvre \u00bb peu \u00e0 peu un <strong>sch\u00e9ma<\/strong> de synth\u00e8se<strong> pr\u00e9alablement import\u00e9<\/strong> sur la classe virtuelle.<\/em><\/p>\n<p style=\"text-align: justify;\"><em>J&rsquo;envoie les documents aux \u00e9l\u00e8ves ou je d\u00e9pose sur l\u2019espace partag\u00e9 si n\u00e9cessaire.\u00a0\u00bb<\/em><\/p>\n<hr \/>\n<p style=\"text-align: center;\"><strong><span style=\"color: #800080;\">Organisation du travail\u00a0<\/span><\/strong><\/p>\n<p style=\"text-align: justify;\"><em>\u00a0\u00bb J&rsquo;envoie le travail de la semaine pour les premi\u00e8res STMG, le<strong> dimanche soir (ou lundi matin) \u00a0avec des programmations de \u00ab\u00a0contacts\u00a0\u00bb<\/strong> selon des modalit\u00e9s d\u00e9finies (classe virtuelle, travail collaboratif sur drive avec chat&#8230;) et leur demande de me restituer pour le vendredi derni\u00e8re limite une partie de leur travail. Pour les terminales, je proc\u00e8de de m\u00eame mais j&rsquo;envoie le <strong>travail du mercredi au mercredi.<\/strong> C<strong>ette organisation m&rsquo;\u00e9vite de recevoir tous les travaux de mes diff\u00e9rents niveaux en m\u00eame temps.<\/strong><\/em><\/p>\n<p style=\"text-align: justify;\">Il est possible d&rsquo;utiliser la m\u00eame organisation mais cette fois selon les mati\u00e8re et non les niveaux :Exemple Eco\/droit: le mercredi, Sp\u00e9cialit\u00e9: le lundi matin.<\/p>\n<hr \/>\n<p style=\"text-align: justify;\">\u00ab\u00a0P<em>our nous organiser, nous avons<strong> partag\u00e9 un tableau<\/strong> des jours de la semaine avec l&rsquo;\u00e9quipe p\u00e9dagogique et chacun<strong> inscrit le travail<\/strong> et s<strong>urtout les cr\u00e9neaux de classe \u00e0 distance<\/strong> ou les c<strong>r\u00e9neaux d\u00e9di\u00e9s \u00e0 certains travaux. <\/strong>Cela permet de mieux visualiser la charge de travail, les cr\u00e9neaux disponibles&#8230; pour les profs et les \u00e9l\u00e8ves.\u00a0\u00bb<\/em><\/p>\n<hr \/>\n<p style=\"text-align: justify;\">\u00a0\u00bb <em>Dans notre section, nous utilisons un peu le m\u00eame proc\u00e9d\u00e9 mais <strong>sous forme de \u00ab\u00a0padlet\u00a0\u00bb , ce<\/strong> qui permet les programmations mais \u00e9galement le d\u00e9p\u00f4t des ressources (textes, vid\u00e9os, lien vers des sites&#8230;). Tout est centralis\u00e9 et le visuel permet de mieux se coordonner et s&rsquo;organiser.\u00a0\u00bb<\/em><\/p>\n<p style=\"text-align: justify;\"><em>exemple:<a href=\"https:\/\/padlet.com\/mascarte_i\/w1yweg5pfrqs\" target=\"_blank\" rel=\"noopener noreferrer\">https:\/\/padlet.com\/mascarte_i\/w1yweg5pfrqs<\/a><\/em><\/p>\n<p style=\"text-align: justify;\"><em><br \/>\n<img loading=\"lazy\" decoding=\"async\" class=\" wp-image-2545 alignright\" src=\"https:\/\/www.pedagogie.ac-nice.fr\/economie-gestion\/wp-content\/uploads\/sites\/28\/2020\/05\/PADLETJPEG-300x183.jpg\" alt=\"\" width=\"248\" height=\"151\" srcset=\"https:\/\/www.pedagogie.ac-nice.fr\/economie-gestion\/wp-content\/uploads\/sites\/28\/2020\/05\/PADLETJPEG-300x183.jpg 300w, https:\/\/www.pedagogie.ac-nice.fr\/economie-gestion\/wp-content\/uploads\/sites\/28\/2020\/05\/PADLETJPEG-1024x625.jpg 1024w, https:\/\/www.pedagogie.ac-nice.fr\/economie-gestion\/wp-content\/uploads\/sites\/28\/2020\/05\/PADLETJPEG-768x469.jpg 768w, https:\/\/www.pedagogie.ac-nice.fr\/economie-gestion\/wp-content\/uploads\/sites\/28\/2020\/05\/PADLETJPEG.jpg 1265w\" sizes=\"auto, (max-width: 248px) 100vw, 248px\" \/><\/em><\/p>\n<hr \/>\n<p style=\"text-align: center;\"><span style=\"color: #800080;\"><strong>L\u2019\u00e9valuation de travail<\/strong><\/span><\/p>\n<p>\u00a0\u00bb <em>J&rsquo;utilise Socrative pour suivre l&rsquo;\u00e9volution du travail des \u00e9l\u00e8ves\u00a0\u00bb mais il y a des d&rsquo;autres possibilit\u00e9s comme les qcm Qronote, Moodle, GoogleForm, learningapps&#8230;\u00a0\u00bb<\/em><\/p>\n<hr \/>\n<p style=\"text-align: justify;\">\u00ab\u00a0<em>Pour entra\u00eener le<strong>s \u00e9l\u00e8ves \u00e0 l&rsquo;oral<\/strong>, je demande \u00e0 un petit groupe de se connecter \u00e0 une \u00ab\u00a0classe \u00e0 distance\u00a0\u00bb et pendant qu&rsquo;un des \u00e9l\u00e8ves r\u00e9alise sa prestation oral (en entrainement) dans les conditions de l&rsquo;examen ou pour un expos\u00e9, ses 3 ou 4 autre camarades doivent remplir une grille d&rsquo;\u00e9valuation\u00a0 et me l&rsquo;envoyer par mail. Nous \u00ab\u00a0d\u00e9briefons\u00a0\u00bb et c&rsquo;est le tour d&rsquo;un autre \u00e9l\u00e8ve du groupe. C&rsquo;est plut\u00f4t conviviale car nous sommes peu nombreux dans la classe \u00e0 distance et c&rsquo;est tr\u00e8s formateur tant pour les observateurs que le \u00ab\u00a0pr\u00e9sentateur\u00a0\u00bb. C&rsquo;est \u00e9galement un moment propice pour une communication moins formelle et c&rsquo;est important pour certains d&rsquo;expliquer les conditions dans lesquelles ils se trouvent.\u00a0\u00bb\u00a0<\/em><\/p>\n<hr \/>\n<p>&nbsp;<\/p>\n<p>&nbsp;<\/p>\n","protected":false},"excerpt":{"rendered":"<p>Utilisation de la classe virtuelle \u00ab\u00a0Quand j\u2019utilise la \u00ab\u00a0classe virtuelle\u00a0\u00bb, je choisis le partage d&rsquo;\u00e9cran mais je prends bien soin<\/p>\n","protected":false},"author":205,"featured_media":0,"comment_status":"closed","ping_status":"closed","sticky":false,"template":"","format":"standard","meta":{"colormag_page_container_layout":"default_layout","colormag_page_sidebar_layout":"default_layout","ngg_post_thumbnail":0,"footnotes":""},"categories":[1],"tags":[],"class_list":["post-2495","post","type-post","status-publish","format-standard","hentry","category-non-classe"],"rttpg_featured_image_url":null,"rttpg_author":{"display_name":"Estelle REGIS","author_link":"https:\/\/www.pedagogie.ac-nice.fr\/economie-gestion\/author\/stmgadmin1\/"},"rttpg_comment":0,"rttpg_category":"<a href=\"https:\/\/www.pedagogie.ac-nice.fr\/economie-gestion\/category\/non-classe\/\" rel=\"category tag\">Non class\u00e9<\/a>","rttpg_excerpt":"Utilisation de la classe virtuelle \u00ab\u00a0Quand j\u2019utilise la \u00ab\u00a0classe virtuelle\u00a0\u00bb, je choisis le partage d&rsquo;\u00e9cran mais je prends bien soin","post_mailing_queue_ids":[],"_links":{"self":[{"href":"https:\/\/www.pedagogie.ac-nice.fr\/economie-gestion\/wp-json\/wp\/v2\/posts\/2495","targetHints":{"allow":["GET"]}}],"collection":[{"href":"https:\/\/www.pedagogie.ac-nice.fr\/economie-gestion\/wp-json\/wp\/v2\/posts"}],"about":[{"href":"https:\/\/www.pedagogie.ac-nice.fr\/economie-gestion\/wp-json\/wp\/v2\/types\/post"}],"author":[{"embeddable":true,"href":"https:\/\/www.pedagogie.ac-nice.fr\/economie-gestion\/wp-json\/wp\/v2\/users\/205"}],"replies":[{"embeddable":true,"href":"https:\/\/www.pedagogie.ac-nice.fr\/economie-gestion\/wp-json\/wp\/v2\/comments?post=2495"}],"version-history":[{"count":15,"href":"https:\/\/www.pedagogie.ac-nice.fr\/economie-gestion\/wp-json\/wp\/v2\/posts\/2495\/revisions"}],"predecessor-version":[{"id":2607,"href":"https:\/\/www.pedagogie.ac-nice.fr\/economie-gestion\/wp-json\/wp\/v2\/posts\/2495\/revisions\/2607"}],"wp:attachment":[{"href":"https:\/\/www.pedagogie.ac-nice.fr\/economie-gestion\/wp-json\/wp\/v2\/media?parent=2495"}],"wp:term":[{"taxonomy":"category","embeddable":true,"href":"https:\/\/www.pedagogie.ac-nice.fr\/economie-gestion\/wp-json\/wp\/v2\/categories?post=2495"},{"taxonomy":"post_tag","embeddable":true,"href":"https:\/\/www.pedagogie.ac-nice.fr\/economie-gestion\/wp-json\/wp\/v2\/tags?post=2495"}],"curies":[{"name":"wp","href":"https:\/\/api.w.org\/{rel}","templated":true}]}}