{"id":2944,"date":"2021-09-15T21:49:29","date_gmt":"2021-09-15T19:49:29","guid":{"rendered":"https:\/\/www.pedagogie.ac-nice.fr\/economie-gestion\/?p=2944"},"modified":"2021-09-15T21:51:18","modified_gmt":"2021-09-15T19:51:18","slug":"organisation-du-concours-national","status":"publish","type":"post","link":"https:\/\/www.pedagogie.ac-nice.fr\/economie-gestion\/2021\/09\/15\/organisation-du-concours-national\/","title":{"rendered":"Organisation du concours national:"},"content":{"rendered":"<p style=\"font-weight: 400;\">Ce concours vise \u00e0&nbsp;:<\/p>\n<p style=\"font-weight: 400;\">-faire r\u00e9fl\u00e9chir les \u00e9l\u00e8ves sur la solidarit\u00e9 et ce qu&rsquo;elle signifie, sur les finalit\u00e9s de la S\u00e9curit\u00e9 sociale, sur leur propre rapport \u00e0 la S\u00e9curit\u00e9 sociale et leurs responsabilit\u00e9s&nbsp;;<\/p>\n<p style=\"font-weight: 400;\">-favoriser l&rsquo;appropriation de concepts et valeurs \u00e0 travers la conception de supports sur la S\u00e9curit\u00e9 sociale, encadr\u00e9e par les enseignants avec l&rsquo;appui de professionnels de la S\u00e9curit\u00e9 sociale.<\/p>\n<p><strong>Formulaire accessible sur le site&nbsp;<a href=\"https:\/\/secu-jeunes.fr\/concours-secu-jeunes\/\">https:\/\/secu-jeunes.fr\/concours-secu-jeunes\/<\/a>&nbsp;Inscription jusqu\u2019au 20 septembre<\/strong><\/p>\n","protected":false},"excerpt":{"rendered":"<p>Ce concours vise \u00e0&nbsp;: -faire r\u00e9fl\u00e9chir les \u00e9l\u00e8ves sur la solidarit\u00e9 et ce qu&rsquo;elle signifie, sur les finalit\u00e9s de la<\/p>\n","protected":false},"author":205,"featured_media":0,"comment_status":"closed","ping_status":"closed","sticky":false,"template":"","format":"standard","meta":{"colormag_page_container_layout":"default_layout","colormag_page_sidebar_layout":"default_layout","ngg_post_thumbnail":0,"footnotes":""},"categories":[1],"tags":[],"class_list":["post-2944","post","type-post","status-publish","format-standard","hentry","category-non-classe"],"rttpg_featured_image_url":null,"rttpg_author":{"display_name":"Estelle REGIS","author_link":"https:\/\/www.pedagogie.ac-nice.fr\/economie-gestion\/author\/stmgadmin1\/"},"rttpg_comment":0,"rttpg_category":"<a href=\"https:\/\/www.pedagogie.ac-nice.fr\/economie-gestion\/category\/non-classe\/\" rel=\"category tag\">Non class\u00e9<\/a>","rttpg_excerpt":"Ce concours vise \u00e0&nbsp;: -faire r\u00e9fl\u00e9chir les \u00e9l\u00e8ves sur la solidarit\u00e9 et ce qu&rsquo;elle signifie, sur les finalit\u00e9s de la","post_mailing_queue_ids":[],"_links":{"self":[{"href":"https:\/\/www.pedagogie.ac-nice.fr\/economie-gestion\/wp-json\/wp\/v2\/posts\/2944","targetHints":{"allow":["GET"]}}],"collection":[{"href":"https:\/\/www.pedagogie.ac-nice.fr\/economie-gestion\/wp-json\/wp\/v2\/posts"}],"about":[{"href":"https:\/\/www.pedagogie.ac-nice.fr\/economie-gestion\/wp-json\/wp\/v2\/types\/post"}],"author":[{"embeddable":true,"href":"https:\/\/www.pedagogie.ac-nice.fr\/economie-gestion\/wp-json\/wp\/v2\/users\/205"}],"replies":[{"embeddable":true,"href":"https:\/\/www.pedagogie.ac-nice.fr\/economie-gestion\/wp-json\/wp\/v2\/comments?post=2944"}],"version-history":[{"count":2,"href":"https:\/\/www.pedagogie.ac-nice.fr\/economie-gestion\/wp-json\/wp\/v2\/posts\/2944\/revisions"}],"predecessor-version":[{"id":2947,"href":"https:\/\/www.pedagogie.ac-nice.fr\/economie-gestion\/wp-json\/wp\/v2\/posts\/2944\/revisions\/2947"}],"wp:attachment":[{"href":"https:\/\/www.pedagogie.ac-nice.fr\/economie-gestion\/wp-json\/wp\/v2\/media?parent=2944"}],"wp:term":[{"taxonomy":"category","embeddable":true,"href":"https:\/\/www.pedagogie.ac-nice.fr\/economie-gestion\/wp-json\/wp\/v2\/categories?post=2944"},{"taxonomy":"post_tag","embeddable":true,"href":"https:\/\/www.pedagogie.ac-nice.fr\/economie-gestion\/wp-json\/wp\/v2\/tags?post=2944"}],"curies":[{"name":"wp","href":"https:\/\/api.w.org\/{rel}","templated":true}]}}