{"id":3054,"date":"2022-01-11T12:13:24","date_gmt":"2022-01-11T11:13:24","guid":{"rendered":"https:\/\/www.pedagogie.ac-nice.fr\/economie-gestion\/?p=3054"},"modified":"2022-05-19T07:58:29","modified_gmt":"2022-05-19T05:58:29","slug":"archives","status":"publish","type":"post","link":"https:\/\/www.pedagogie.ac-nice.fr\/economie-gestion\/2022\/01\/11\/archives\/","title":{"rendered":"ARCHIVES"},"content":{"rendered":"<div class=\"entry-content\">\n<div class=\"\" style=\"text-align: center;\">\n<div>\n<div class=\"entry-content\">\n<div class=\"\" style=\"text-align: center;\">\n<p><strong><u>Organisation du concours national: Jeunes, solidaires et citoyens &#8211; ann\u00e9e 2021-2022 <\/u><a href=\"https:\/\/www.pedagogie.ac-nice.fr\/economie-gestion\/?p=2944&amp;preview=true&amp;aiEnableCheckShortcode=true\" target=\"_blank\" rel=\"noopener\">lire la suite<\/a><\/strong><\/p>\n<hr>\n<p style=\"text-align: left;\"><strong><u>Les Jeudi 26 ao\u00fbt et Vendredi 27 ao\u00fbt 2021<\/u><\/strong>&nbsp;se sont tenus les \u00ab&nbsp;&nbsp;<strong>Entretiens Enseignants-Entreprises 2021<\/strong> : Quels (nouveaux) d\u00e9fis pour les entreprises ? Des entrepreneurs aux organisations : d\u00e9bats et enjeux \u00bb Retrouvez les vid\u00e9os des interventions de ces deux jours d\u2019\u00e9changes (\u00e0 distance) \u00e0 l\u2019adresse&nbsp;:&nbsp;<a href=\"https:\/\/www.youtube.com\/playlist?list=PLPwpaw-j2q8M2lzJRFEmUDA3eESdHI7J2\">https:\/\/www.youtube.com\/playlist?list=PLPwpaw-j2q8M2lzJRFEmUDA3eESdHI7J2<\/a><\/p>\n<p style=\"text-align: left;\"><strong><u>Nouvelles ressources 1 \u00e8re STMG<\/u>&nbsp;<\/strong>dans le th\u00e8me 3 sur la cr\u00e9ation de valeur et la performance gr\u00e2ce \u00e0 la&nbsp;<strong>soci\u00e9t\u00e9 Bel<\/strong>&nbsp;&nbsp;<a href=\"https:\/\/eduscol.education.fr\/1742\/programmes-et-ressources-en-serie-stmg#STMG-numerique-intelligence-collective\">https:\/\/eduscol.education.fr\/1742\/programmes-et-ressources-en-serie-stmg#STMG-numerique-intelligence-collective<\/a><\/p>\n<p style=\"text-align: left;\"><u><strong><img loading=\"lazy\" decoding=\"async\" class=\"wp-image-921 alignleft\" src=\"https:\/\/www.pedagogie.ac-nice.fr\/economie-gestion\/wp-content\/uploads\/sites\/28\/2019\/09\/cropped-ecogest-150x150.jpg\" alt=\"\" width=\"62\" height=\"62\" srcset=\"https:\/\/www.pedagogie.ac-nice.fr\/economie-gestion\/wp-content\/uploads\/sites\/28\/2019\/09\/cropped-ecogest-150x150.jpg 150w, https:\/\/www.pedagogie.ac-nice.fr\/economie-gestion\/wp-content\/uploads\/sites\/28\/2019\/09\/cropped-ecogest-300x300.jpg 300w, https:\/\/www.pedagogie.ac-nice.fr\/economie-gestion\/wp-content\/uploads\/sites\/28\/2019\/09\/cropped-ecogest-270x270.jpg 270w, https:\/\/www.pedagogie.ac-nice.fr\/economie-gestion\/wp-content\/uploads\/sites\/28\/2019\/09\/cropped-ecogest-192x192.jpg 192w, https:\/\/www.pedagogie.ac-nice.fr\/economie-gestion\/wp-content\/uploads\/sites\/28\/2019\/09\/cropped-ecogest-180x180.jpg 180w, https:\/\/www.pedagogie.ac-nice.fr\/economie-gestion\/wp-content\/uploads\/sites\/28\/2019\/09\/cropped-ecogest-32x32.jpg 32w, https:\/\/www.pedagogie.ac-nice.fr\/economie-gestion\/wp-content\/uploads\/sites\/28\/2019\/09\/cropped-ecogest.jpg 512w\" sizes=\"auto, (max-width: 62px) 100vw, 62px\" \/>L\u2019INSEE a publi\u00e9 un ensemble de tableaux et de graphiques&nbsp;<\/strong><\/u>synth\u00e9tisant les grandes donn\u00e9es et \u00e9volutions \u00e9conomiques, financi\u00e8res, de d\u00e9veloppement, \u2026.<a href=\"https:\/\/www.insee.fr\/fr\/outil-interactif\/5367857\/\">https:\/\/www.insee.fr\/fr\/outil-interactif\/5367857\/<\/a><\/p>\n<p style=\"text-align: left;\"><u><strong>La banque de France<\/strong><\/u><strong><u>&nbsp;a ajout\u00e9 de nouveaux jeux \u00e0 son site l\u2019ABC de l\u2019\u00e9conomie<\/u>&nbsp;<\/strong>pour s\u2019initier ou approfondir les connaissances des \u00e9l\u00e8ves&nbsp;:&nbsp;<a href=\"https:\/\/abc-economie.banque-france.fr\/page-videos-et-jeux\/jeux\">https:\/\/abc-economie.banque-france.fr\/page-videos-et-jeux\/jeux<\/a><\/p>\n<p style=\"text-align: left;\"><u><strong><img loading=\"lazy\" decoding=\"async\" class=\"wp-image-1296 alignleft\" src=\"https:\/\/www.pedagogie.ac-nice.fr\/economie-gestion\/wp-content\/uploads\/sites\/28\/2019\/10\/coupe-150x150.jpg\" alt=\"\" width=\"71\" height=\"71\">Prix de l\u2019excellence \u00e9conomique en STMG 2021-2022<\/strong>&nbsp;<\/u>: Le minist\u00e8re de l\u2019\u00c9ducation nationale organise avec Cit\u00e9co, la Banque de France, l\u2019Institut d\u2019\u00c9mission des D\u00e9partements d\u2019Outre-Mer (IEDOM) et l\u2019Institut d\u2019\u00c9mission d\u2019Outre-Mer (IEOM), le Prix de l\u2019Excellence \u00c9conomique pour les \u00e9l\u00e8ves en STMG. Ce concours consiste en une \u00e9preuve \u00e9crite de 4 heures. Il s\u2019adresse \u00e0 tous les \u00e9l\u00e8ves volontaires de terminale STMG, quel que soit leur niveau, et vise \u00e0 ce que les concepts \u00e9conomiques servent de moteur \u00e0 leur entra\u00eenement intellectuel.&nbsp;<a href=\"https:\/\/abc-economie.banque-france.fr\/prix-de-lexcellence-economique-en-stmg-2021-2022\">https:\/\/abc-economie.banque-france.fr\/prix-de-lexcellence-economique-en-stmg-2021-2022<\/a>&nbsp;&nbsp;<strong>Inscription jusqu\u2019au 15 octobre 2021<\/strong><\/p>\n<p style=\"text-align: left;\"><strong>Plus&nbsp;que 23 jours&nbsp;pour vous abonner gratuitement<u>&nbsp;au brief.\u00e9co&nbsp;:<\/u>&nbsp;<\/strong><a href=\"https:\/\/www.brief.eco\/enseignants\/#:~:text=Un%20abonnement%20%C3%A0%20Brief.eco%20est%20offert%20aux%20enseignants,de%20rendre%20l%E2%80%99%C3%A9conomie%20accessible%20au%20plus%20grand%20nombre\">https:\/\/www.brief.eco\/enseignants\/#:~:text=Un%20abonnement%20%C3%A0%20Brief.eco%20est%20offert%20aux%20enseignants,de%20rendre%20l%E2%80%99%C3%A9conomie%20accessible%20au%20plus%20grand%20nombre<\/a>.&nbsp; &nbsp; &nbsp; &nbsp;Abonnement gratuit pour vos \u00e9l\u00e8ves jusqu\u2019au 30 septembre&nbsp;:&nbsp;<a href=\"https:\/\/www.brief.eco\/lycees\/\">https:\/\/www.brief.eco\/lycees\/<\/a><\/p>\n<p style=\"text-align: left;\"><strong>Vous pouvez vous inscrire au PAF via la plateforme GAIA&nbsp;jusqu\u2019au 19 septembre 2021<\/strong><\/p>\n<hr>\n<p style=\"text-align: left;\"><strong><img loading=\"lazy\" decoding=\"async\" class=\"size-thumbnail wp-image-2913 alignleft\" src=\"https:\/\/www.pedagogie.ac-nice.fr\/economie-gestion\/wp-content\/uploads\/sites\/28\/2021\/05\/ladigitale-150x150.png\" alt=\"\" width=\"150\" height=\"150\">La plateforme \u00ab&nbsp;lagitale<\/strong>&nbsp;<strong>\u00bb&nbsp;<\/strong><a href=\"http:\/\/ladigitale.dev.\/\">http:\/\/ladigitale.dev.\/<\/a>&nbsp;propose de nombreuses applications gratuites, libres&nbsp;<strong>et RGPD (<\/strong>&nbsp;notamment DIGIPAD une alternative \u00e0 Padlet)<\/p>\n<p style=\"font-weight: 400; text-align: left;\">&#8211;&nbsp;<strong>Digipad<\/strong><strong>&nbsp;<\/strong>ne n\u00e9cessite pas de cr\u00e9ation de compte et vous n\u2019\u00eates pas limit\u00e9 en nombre de \u00ab&nbsp;murs&nbsp;\u00bb.&nbsp;Digipad permet la mise en place d&rsquo;<strong>activit\u00e9s collaboratives<\/strong>&nbsp;synchrones ou asynchrones de diff\u00e9rentes natures : production \u00e9crite, production orale, magazine, discussion th\u00e9matique, collecte de m\u00e9dias r\u00e9alis\u00e9s par les apprenants, etc.<\/p>\n<p style=\"font-weight: 400;\"><strong>Adresse directe \u00e0 digipad&nbsp;<\/strong>:https:\/\/digipad.app\/<\/p>\n<p style=\"font-weight: 400;\"><strong><span style=\"color: #3366ff;\">Tuto digipad&nbsp;:&nbsp;<a style=\"color: #3366ff;\" href=\"https:\/\/www.youtube.com\/watch?v=tiGLNZskQLk\">https:\/\/www.youtube.com\/watch?v=tiGLNZskQLk<\/a><\/span><\/strong><\/p>\n<p style=\"font-weight: 400; text-align: left;\">La plateforme propose \u00e9galement d\u2019autres applications comme&nbsp;:<\/p>\n<ul>\n<li style=\"font-weight: 400; text-align: left;\">Digidoc, un outil pour cr\u00e9er des documents collaboratifs simples,<\/li>\n<li style=\"font-weight: 400; text-align: left;\">Digilink, pour g\u00e9n\u00e9rer des liens raccourcis<\/li>\n<li style=\"font-weight: 400; text-align: left;\">Digistorm, pour cr\u00e9er et animer des sondages, des remue-m\u00e9ninges et des quiz<\/li>\n<li style=\"font-weight: 400; text-align: left;\">Digiwords, pour cr\u00e9er des nuages de mots<\/li>\n<\/ul>\n<p style=\"font-weight: 400; text-align: left;\">\u2026<\/p>\n<p style=\"font-weight: 400; text-align: left;\"><strong>Tuto lagitale<\/strong>:&nbsp;<a href=\"https:\/\/youtu.be\/rvA7xCyO018\">https:\/\/youtu.be\/rvA7xCyO018<\/a><\/p>\n<hr>\n<p><span style=\"color: #0000ff;\"><a style=\"color: #0000ff;\" href=\"https:\/\/www.education.gouv.fr\/baccalaureat-general-et-technologique-adaptation-des-modalites-d-organisation-de-l-examen-au-309041\" target=\"_blank\" rel=\"noopener\"><strong>Baccalaur\u00e9at g\u00e9n\u00e9ral et technologique : adaptation des modalit\u00e9s d&rsquo;organisation de l&rsquo;examen au contexte sanitaire :cliquez<\/strong><\/a><\/span><\/p>\n<hr>\n<p style=\"margin: 0cm 0cm 0.0001pt; text-align: left;\"><strong>Mises \u00e0 jour grand Oral:<img decoding=\"async\" class=\"alignright\" src=\"https:\/\/eduscol.education.fr\/sites\/default\/files\/styles\/sc147x208\/public\/2020-12\/couvertures_Grand-Oral.png?itok=dYvwy8Ma\"><\/strong><\/p>\n<p style=\"margin: 0cm 0cm 0.0001pt; text-align: left;\"><strong><span style=\"color: #0000ff;\"><a style=\"color: #0000ff;\" href=\"https:\/\/eduscol.education.fr\/729\/presentation-du-grand-oral\" target=\"_blank\" rel=\"noopener\">-Pr\u00e9sentation du Grand oral<\/a><\/span><\/strong><\/p>\n<p style=\"margin: 0cm 0cm 0.0001pt; text-align: left;\"><strong><span style=\"color: #0000ff;\"><a style=\"color: #0000ff;\" href=\"https:\/\/eduscol.education.fr\/1287\/plan-de-formation-grand-oral\" target=\"_blank\" rel=\"noopener\">-Plan de formation<\/a><\/span><\/strong><\/p>\n<p style=\"margin: 0cm 0cm 0.0001pt; text-align: left;\"><strong><span style=\"color: #0000ff;\"><a style=\"color: #0000ff;\" href=\"https:\/\/eduscol.education.fr\/513\/seminaire-la-prise-en-compte-de-l-oral-au-lycee-travailler-les-competences-orales-avec-les-eleves\" target=\"_blank\" rel=\"noopener\">&#8211; S\u00e9minaire La prise en compte de l&rsquo;oral au lyc\u00e9e : travailler les comp\u00e9tences orales avec les \u00e9l\u00e8ves<\/a><\/span><\/strong><\/p>\n<hr>\n<div>Nous avons le plaisir de vous annoncer que les sujets \u00ab z\u00e9ro \u00bb des deux \u00e9preuves de sp\u00e9cialit\u00e9 pour la session 2021 du baccalaur\u00e9at STMG ont \u00e9t\u00e9 publi\u00e9s sur le site \u00e9duscol :<\/div>\n<div><a href=\"https:\/\/eduscol.education.fr\/1987\/sujets-zero-et-specimens-pour-le-baccalaureat-2021\" target=\"_blank\" rel=\"noopener\">https:\/\/eduscol.education.fr\/1987\/sujets-zero-et-specimens-pour-le-baccalaureat-2021<\/a><\/div>\n<div>&nbsp;<\/div>\n<\/div>\n<div>\n<hr>\n<\/div>\n<div class=\"\" style=\"text-align: center;\">\n<p>Vous trouverez, sur le&nbsp;<a href=\"https:\/\/magistere.education.fr\/ac-nice\/course\/view.php?id=4062&amp;section=9\" target=\"_blank\" rel=\"noopener\">M@gist\u00e8re<\/a>&nbsp;STMG 2021, toutes les ressources pr\u00e9sent\u00e9es par le CIO lors de la formation du 1er d\u00e9cembre.<\/p>\n<p style=\"text-align: left;\">Le PPT, support de pr\u00e9sentation, et&nbsp; les fichiers des documents&nbsp; de la pochette qui vous a \u00e9t\u00e9 remise:<\/p>\n<ul>\n<li style=\"text-align: left;\">Le livret post STMG en Word et PDF<\/li>\n<li style=\"text-align: left;\">les fiches pour l&rsquo;entretien d&rsquo;orientation<\/li>\n<li style=\"text-align: left;\">les fiches pour pr\u00e9parer une visite de salon ou portes ouvertes.<\/li>\n<\/ul>\n<p style=\"text-align: left;\"><strong>Rappel<\/strong>: Quelques dates du calendrier 2021 de Parcoursup seront \u00e0 actualiser.&nbsp;<\/p>\n<hr>\n<p><img loading=\"lazy\" decoding=\"async\" class=\"wp-image-2849 alignnone\" src=\"https:\/\/www.pedagogie.ac-nice.fr\/economie-gestion\/wp-content\/uploads\/sites\/28\/2020\/12\/telecharger-300x147.jpeg\" alt=\"\" width=\"145\" height=\"71\" srcset=\"https:\/\/www.pedagogie.ac-nice.fr\/economie-gestion\/wp-content\/uploads\/sites\/28\/2020\/12\/telecharger-300x147.jpeg 300w, https:\/\/www.pedagogie.ac-nice.fr\/economie-gestion\/wp-content\/uploads\/sites\/28\/2020\/12\/telecharger.jpeg 404w\" sizes=\"auto, (max-width: 145px) 100vw, 145px\" \/><\/p>\n<p>\u00ab\u00a0Les pouvoirs publics ont choisi comme op\u00e9rateur national la Banque de France afin d\u2019assurer&nbsp;<strong>l\u2019\u00e9ducation \u00e9conomique, budg\u00e9taire et financi\u00e8re<\/strong>&nbsp;de nos \u00e9l\u00e8ves. Un accord de partenariat a donc \u00e9t\u00e9 conclu avec le minist\u00e8re de l\u2019\u00e9ducation nationale, d\u00e9clin\u00e9 sous la forme d\u2019une convention acad\u00e9mique.<\/p>\n<p>Les contenus et les supports d\u2019intervention sont adapt\u00e9s aux diff\u00e9rentes tranches d\u2019\u00e2ge, du cycle 2 au post-bac.&nbsp;<u>Tous les jeunes peuvent donc en b\u00e9n\u00e9ficier \u00e0 partir du cycle 2<\/u>, ces interventions en classe sont gratuites et respectent le principe de neutralit\u00e9. Outre les interventions en classe, la Banque de France organise \u00e9galement des conf\u00e9rences, des formations et des concours, en mettant \u00e0 disposition un grand nombre de ressources p\u00e9dagogiques.<\/p>\n<p><b>Vous trouverez <\/b><span style=\"font-size: 14pt;\"><strong><span style=\"color: #3366ff;\"><a style=\"color: #3366ff;\" href=\"https:\/\/drive.google.com\/file\/d\/1wmvP_kJq5egMvqbOZyi7EKLd_6Ddwm4e\/view?usp=sharing\" target=\"_blank\" rel=\"noopener noreferrer\">en pi\u00e8ce jointe le flyer<\/a><\/span><\/strong><\/span><b> d\u00e9di\u00e9 ainsi que les contacts d\u00e9partementaux ci-dessous&nbsp;:<\/b><\/p>\n<p>Pour les Alpes maritimes, Jean-Claude Perraudin&nbsp;:&nbsp;<a title=\"Composer un message \u00e0 jean-claude.perraudin@banque-france.fr\" target=\"1\" rel=\"noopener noreferrer\">jean-claude.perraudin@banque-france.fr<\/a><\/p>\n<p>Pour le Var, Genevi\u00e8ve Marc&nbsp;:&nbsp;<a title=\"Composer un message \u00e0 genevieve.marc@banque-france.fr\" target=\"1\" rel=\"noopener noreferrer\">genevieve.marc@banque-france.fr<\/a><\/p>\n<p><strong><a href=\"https:\/\/www.pedagogie.ac-nice.fr\/economie-gestion\/2019\/11\/29\/la-politique-monetaire\/\" target=\"_blank\" rel=\"noopener noreferrer\"><span style=\"color: #0000ff; font-size: 14pt;\"><img loading=\"lazy\" decoding=\"async\" class=\"wp-image-2145 alignleft\" src=\"https:\/\/www.pedagogie.ac-nice.fr\/economie-gestion\/wp-content\/uploads\/sites\/28\/2019\/11\/Doc315.jpg\" alt=\"\" width=\"64\" height=\"61\">Dossier&nbsp; politique mon\u00e9taire: articles et vid\u00e9os cliquez ici<\/span><\/a><\/strong><\/p>\n<hr>\n<p style=\"font-weight: 400;\">Suite \u00e0 une information de notre Inspection G\u00e9n\u00e9rale, nous avons le plaisir de vous annoncer qu\u2019une partie des s\u00e9quences Lumni concernant les programmes de la s\u00e9rie STMG sont en ligne&nbsp;:<\/p>\n<p style=\"font-weight: 400;\"><a href=\"https:\/\/www.lumni.fr\/lycee\/terminale\/specialites\/droit-et-economie-stmg\" target=\"_blank\" rel=\"noopener noreferrer\">https:\/\/www.lumni.fr\/lycee\/terminale\/specialites\/droit-et-economie-stmg<\/a><\/p>\n<p style=\"font-weight: 400;\"><a href=\"https:\/\/www.lumni.fr\/lycee\/terminale\/specialites\/management-sciences-de-gestion-et-numerique-stmg\" target=\"_blank\" rel=\"noopener noreferrer\">https:\/\/www.lumni.fr\/lycee\/terminale\/specialites\/management-sciences-de-gestion-et-numerique-stmg<img loading=\"lazy\" decoding=\"async\" class=\"wp-image-2835 alignright\" src=\"https:\/\/www.pedagogie.ac-nice.fr\/economie-gestion\/wp-content\/uploads\/sites\/28\/2020\/12\/5e81cca1a690690b84021e82.png\" alt=\"\" width=\"127\" height=\"127\" srcset=\"https:\/\/www.pedagogie.ac-nice.fr\/economie-gestion\/wp-content\/uploads\/sites\/28\/2020\/12\/5e81cca1a690690b84021e82.png 250w, https:\/\/www.pedagogie.ac-nice.fr\/economie-gestion\/wp-content\/uploads\/sites\/28\/2020\/12\/5e81cca1a690690b84021e82-150x150.png 150w\" sizes=\"auto, (max-width: 127px) 100vw, 127px\" \/><\/a><\/p>\n<p>&nbsp;<\/p>\n<hr>\n<p style=\"text-align: left;\"><strong><span style=\"font-size: 18pt;\">&nbsp;Sp\u00e9cial Orientation<\/span><\/strong><\/p>\n<p><strong>27 et 28 septembre<\/strong>:Le salon <span style=\"color: #ff00ff; font-size: 24pt;\"><strong>Studyrama<\/strong><\/span>se tient en salon <strong>virtuel \u00e0 Toulon<\/strong>: <img loading=\"lazy\" decoding=\"async\" class=\"wp-image-2823 alignright\" src=\"https:\/\/www.pedagogie.ac-nice.fr\/economie-gestion\/wp-content\/uploads\/sites\/28\/2020\/11\/study-300x184.png\" alt=\"\" width=\"196\" height=\"120\" srcset=\"https:\/\/www.pedagogie.ac-nice.fr\/economie-gestion\/wp-content\/uploads\/sites\/28\/2020\/11\/study-300x184.png 300w, https:\/\/www.pedagogie.ac-nice.fr\/economie-gestion\/wp-content\/uploads\/sites\/28\/2020\/11\/study-1024x628.png 1024w, https:\/\/www.pedagogie.ac-nice.fr\/economie-gestion\/wp-content\/uploads\/sites\/28\/2020\/11\/study-768x471.png 768w, https:\/\/www.pedagogie.ac-nice.fr\/economie-gestion\/wp-content\/uploads\/sites\/28\/2020\/11\/study.png 1060w\" sizes=\"auto, (max-width: 196px) 100vw, 196px\" \/><span style=\"color: #ff00ff;\"><strong><a style=\"color: #ff00ff;\" href=\"https:\/\/www.studyrama.com\/salons\/salon-studyrama-des-etudes-superieures-de-toulon-36\" target=\"_blank\" rel=\"noopener noreferrer\">Lien vers le site<\/a><\/strong><\/span><\/p>\n<\/div>\n<\/div>\n<p><!--more--><\/p>\n<p style=\"text-align: left;\">&nbsp;<\/p>\n<p><strong>Dossier \u00e0 destination des \u00e9l\u00e8ves: <\/strong><\/p>\n<p><strong><span style=\"color: #0000ff;\"><a style=\"color: #0000ff;\" href=\"http:\/\/www.terminales2020-2021.fr\/\" target=\"_blank\" rel=\"noopener noreferrer\"><span class=\"five-steps\">5 \u00c9TAPES<\/span>&nbsp;POUR MON PARCOURS VERS L&rsquo;ENSEIGNEMENT SUP\u00c9RIEUR<\/a><\/span><\/strong><\/p>\n<div class=\"entry-content\">\n<div class=\"\" style=\"text-align: center;\">\n<p style=\"text-align: left;\"><strong><span style=\"color: #0000ff;\">R\u00e9forme des IUT, d\u00e9couvrez le BUT<\/span><\/strong><\/p>\n<p><span style=\"color: #0000ff; font-size: 18pt;\"><strong>Mooc \u00e0 inscription gratuite sur le th\u00e8me de l&rsquo;<\/strong><\/span><span style=\"color: #0000ff;\"><span style=\"font-size: 24px;\"><b>orientation: cliquez pour vous inscrire <\/b><\/span><\/span><span style=\"color: #0000ff; font-size: 10pt;\"><strong><a href=\"https:\/\/www.fun-mooc.fr\/\">FUN &#8211; Se former en libert\u00e9 (fun-mooc.fr)<\/a><\/strong><\/span><\/p>\n<ul>\n<li style=\"text-align: left;\"><span class=\"course-display-name color-fun-blue heavy-weight header-block\"><b>Entrer \u00e0 l&rsquo;IUT : <\/b>les codes pour booster ton dossier: pr\u00e9sentation du fonctionnement des iut, explication de la transformation du DUT en BUT, \u00e9changes d&rsquo;exp\u00e9riences, comment remplir une partie de son dossier sur Parcoursup&#8230;.<\/span><\/li>\n<\/ul>\n<ul>\n<li style=\"text-align: left;\"><strong>Le droit est-ce pour moi? <\/strong>Pr\u00e9sentation des \u00e9tudes, des m\u00e9tiers du droit, br\u00e8ve explication sur l&rsquo;analyse de justice, le cas juridique &#8230;<\/li>\n<\/ul>\n<hr>\n<p><span style=\"font-size: 18pt;\"><strong>Grand Oral et \u00e9tude de gestion<\/strong><\/span><\/p>\n<p style=\"text-align: left;\">Pour vous accompagner dans la pr\u00e9paration du Grand oral et \u00e0 l&rsquo;\u00e9tude de gestion ou projet de gestion avec vos \u00e9l\u00e8ves, nous mettons \u00e0 votre disposition un document de travail r\u00e9alis\u00e9 par les formateurs en charge du Grand oral et valid\u00e9 par l\u2019inspection d\u2019\u00e9conomie-gestion de l\u2019acad\u00e9mie qui vise \u00e0 vous apporter quelques pr\u00e9conisations et pistes de travail.<\/p>\n<h6 style=\"text-align: left;\"><a href=\"https:\/\/www.pedagogie.ac-nice.fr\/economie-gestion\/2020\/12\/07\/grand-oral-et-etude-de-gestion\/\" target=\"_blank\" rel=\"noopener noreferrer\">Lire la suite<\/a><\/h6>\n<hr>\n<\/div>\n<p>Pour rappel concernant <strong><span style=\"font-size: 18pt;\">la session 2021 du Baccalaur\u00e9at,<\/span><\/strong> vous trouverez en fichier joint le document global dans lequel les pr\u00e9cisions sont apport\u00e9es pour l&rsquo;ensemble des&nbsp;<b>\u00e9preuves de sp\u00e9cialit\u00e9s<\/b>.<strong> <span style=\"font-size: 14pt;\"><a href=\"https:\/\/www.pedagogie.ac-nice.fr\/economie-gestion\/?p=2844&amp;preview=true&amp;aiEnableCheckShortcode=true\" target=\"_blank\" rel=\"noopener noreferrer\">lire la suite<\/a><\/span><\/strong><\/p>\n<div class=\"\" style=\"text-align: center;\">\n<hr>\n<p>\u00ab\u00a0Le concours lyc\u00e9en&nbsp;<strong>G\u00e9n\u00e9ration \u20acuro<\/strong>&nbsp;2020-2021&Prime; est lanc\u00e9 !<\/p>\n<p style=\"font-weight: 400;\">Les \u00e9l\u00e8ves de premi\u00e8re et de terminale STMG vont ainsi pouvoir tester leurs connaissances sur la politique mon\u00e9taire.<\/p>\n<p style=\"font-weight: 400;\">L\u2019acc\u00e8s direct au site du concours, \u00e0 la brochure, aux ressources p\u00e9dagogiques, au quiz d&rsquo;essai, au bulletin d\u2019inscription des \u00e9quipes, etc. est ici&nbsp;:&nbsp;<a href=\"https:\/\/www.generationeuro.eu\/fr-fr\/home\" target=\"_blank\" rel=\"noopener noreferrer\">https:\/\/www.generationeuro.eu\/fr-fr\/home<\/a>&nbsp;&nbsp;&nbsp;<\/p>\n<p style=\"font-weight: 400;\"><strong>Les inscriptions doivent \u00eatre enregistr\u00e9es et le quiz officiel pass\u00e9&nbsp;<span style=\"font-size: 14pt;\"><u>avant le 15 janvier<\/u>.<\/span><\/strong><\/p>\n<p style=\"font-weight: 400;\"><strong><span style=\"font-size: 14pt; color: #800080;\"><a style=\"color: #800080;\" href=\"https:\/\/abc-economie.banque-france.fr\/concours-lyceen-generation-euro-2020-2021#:~:text=D%C3%A9roulement%20du%20concours%20%3A%203%20%C3%A9tapes%20La%20premi%C3%A8re,quiz%20de%2030%20questions%20sur%20la%20politique%20mon%C3%A9taire.\" target=\"_blank\" rel=\"noopener noreferrer\">Site avec information compl\u00e8te<\/a><\/span><\/strong><\/p>\n<p>&nbsp;<\/p>\n<p style=\"text-align: right;\"><strong>Mise \u00e0 jour:30\/10\/2020<\/strong><\/p>\n<p style=\"text-align: left;\"><strong>Veuillez trouver ci-dessous, les documents pr\u00e9sent\u00e9s lors de la formation<\/strong> en <strong>visioconf\u00e9rence du 15 octobre 2020<\/strong>. Vous retrouvez \u00e9galement ces documents&nbsp; dans chaque rubrique du parcours <strong>M@gister \u00e9conomie-gestion&nbsp;<\/strong>\u00e0 l&rsquo;adresse:<\/p>\n<p style=\"text-align: left;\"><a href=\"https:\/\/magistere.education.fr\/ac-nice\/course\/view.php?id=4062\" target=\"_blank\" rel=\"noopener noreferrer\"><strong>https:\/\/magistere.education.fr\/ac-nice\/course\/view.php?id=4062<\/strong><\/a><\/p>\n<p><img loading=\"lazy\" decoding=\"async\" class=\"wp-image-1784 alignleft\" src=\"https:\/\/www.pedagogie.ac-nice.fr\/economie-gestion\/wp-content\/uploads\/sites\/28\/2019\/10\/plaque-attention-300x150.jpg\" alt=\"\" width=\"100\" height=\"50\" srcset=\"https:\/\/www.pedagogie.ac-nice.fr\/economie-gestion\/wp-content\/uploads\/sites\/28\/2019\/10\/plaque-attention-300x150.jpg 300w, https:\/\/www.pedagogie.ac-nice.fr\/economie-gestion\/wp-content\/uploads\/sites\/28\/2019\/10\/plaque-attention.jpg 334w\" sizes=\"auto, (max-width: 100px) 100vw, 100px\" \/><\/p>\n<\/div>\n<\/div>\n<p>Vous devez vous inscrire au module pour acc\u00e9der aux documents. Mode op\u00e9ratoire (si besoin):<a href=\"https:\/\/drive.google.com\/file\/d\/1pj9TIbVMLcz28W80RSy-QVsi5RFC_XFP\/view?usp=sharing\" target=\"_blank\" rel=\"noopener noreferrer\"><strong> cliquez ici<\/strong><\/a><\/p>\n<div class=\"entry-content\">\n<div class=\"\" style=\"text-align: center;\">\n<ul style=\"font-weight: 400;\">\n<li style=\"text-align: left;\"><strong><span style=\"color: #3366ff;\"><a style=\"color: #3366ff;\" href=\"https:\/\/magistere.education.fr\/ac-nice\/mod\/resource\/view.php?id=400136\" target=\"_blank\" rel=\"noopener noreferrer\">Articulation tronc commun &amp; enseignements sp\u00e9cifiques_15octobre20<\/a><\/span><\/strong><\/li>\n<li style=\"text-align: left;\"><strong><span style=\"color: #3366ff;\"><a style=\"color: #3366ff;\" href=\"https:\/\/magistere.education.fr\/ac-nice\/mod\/resource\/view.php?id=400139\" target=\"_blank\" rel=\"noopener noreferrer\">Vision synth\u00e9tique des notions &amp; prolongements MSDGN-15Octobre20<\/a><\/span><\/strong><\/li>\n<li style=\"text-align: left;\"><strong><span style=\"color: #3366ff;\"><a style=\"color: #3366ff;\" href=\"https:\/\/magistere.education.fr\/ac-nice\/pluginfile.php\/1089178\/mod_resource\/content\/1\/EnsSp%C3%A9cialit%C3%A9_MDGN_15oct%202020.pdf\" target=\"_blank\" rel=\"noopener noreferrer\">Enseignement de sp\u00e9cialit\u00e9 MDGN_15oct 20<\/a><\/span><\/strong><\/li>\n<li style=\"text-align: left;\"><strong><span style=\"color: #3366ff;\"><a style=\"color: #3366ff;\" href=\"https:\/\/magistere.education.fr\/ac-nice\/pluginfile.php\/1089170\/mod_resource\/content\/1\/Mercatique_15octobre20.pdf\" target=\"_blank\" rel=\"noopener noreferrer\">Mercatique 15 octobre 20<\/a><\/span><\/strong><\/li>\n<li style=\"text-align: left;\"><strong><span style=\"color: #3366ff;\"><a style=\"color: #3366ff;\" href=\"https:\/\/magistere.education.fr\/ac-nice\/mod\/resource\/view.php?id=400132\" target=\"_blank\" rel=\"noopener noreferrer\">RHC_Pr\u00e9sentation_15octobre20<\/a><\/span><\/strong><\/li>\n<li style=\"text-align: left;\"><strong><span style=\"color: #3366ff;\"><a style=\"color: #3366ff;\" href=\"https:\/\/magistere.education.fr\/ac-nice\/mod\/resource\/view.php?id=400137\" target=\"_blank\" rel=\"noopener noreferrer\">L\u2019\u00e9tude approfondie_Le GO_15octobre20<\/a><\/span><\/strong><\/li>\n<li style=\"text-align: left;\"><strong><span style=\"color: #3366ff;\"><a style=\"color: #3366ff;\" href=\"https:\/\/magistere.education.fr\/ac-nice\/mod\/resource\/view.php?id=400336\" target=\"_blank\" rel=\"noopener noreferrer\">Droit et \u00e9conomie-15octobre20<\/a><\/span><\/strong><\/li>\n<li style=\"text-align: left;\"><strong><span style=\"color: #3366ff;\"><a style=\"color: #3366ff;\" href=\"https:\/\/magistere.education.fr\/ac-nice\/mod\/resource\/view.php?id=391761\" target=\"_blank\" rel=\"noopener noreferrer\">Rep\u00e8res pour accompagner la r\u00e9alisation du projet de gestion 11\/06\/20<\/a><\/span><\/strong><\/li>\n<li style=\"text-align: left;\"><strong><span style=\"color: #3366ff;\"><a style=\"color: #3366ff;\" href=\"https:\/\/magistere.education.fr\/ac-nice\/mod\/resource\/view.php?id=400133\" target=\"_blank\" rel=\"noopener noreferrer\">ETLV_15 octobre 2020<\/a><\/span><\/strong><\/li>\n<li style=\"text-align: left;\"><strong><span style=\"color: #3366ff;\"><a style=\"color: #3366ff;\" href=\"https:\/\/magistere.education.fr\/ac-nice\/mod\/resource\/view.php?id=400142\" target=\"_blank\" rel=\"noopener noreferrer\">Calendrier de l\u2019ann\u00e9e de terminale 2020-2021<\/a><\/span><\/strong><\/li>\n<\/ul>\n<hr>\n<\/div>\n<\/div>\n<table style=\"width: 92.7482%; height: 123px; border-collapse: collapse;\">\n<tbody>\n<tr style=\"height: 10px;\">\n<td style=\"width: 17.3%; height: 110px; border-color: #f7f0f0; background-color: #faf0f0;\"><img loading=\"lazy\" decoding=\"async\" class=\"aligncenter size-medium wp-image-2423\" src=\"https:\/\/www.pedagogie.ac-nice.fr\/economie-gestion\/wp-content\/uploads\/sites\/28\/2020\/05\/continuit\u00e9-300x187.jpeg\" alt=\"\" width=\"300\" height=\"187\" srcset=\"https:\/\/www.pedagogie.ac-nice.fr\/economie-gestion\/wp-content\/uploads\/sites\/28\/2020\/05\/continuit\u00e9-300x187.jpeg 300w, https:\/\/www.pedagogie.ac-nice.fr\/economie-gestion\/wp-content\/uploads\/sites\/28\/2020\/05\/continuit\u00e9.jpeg 304w\" sizes=\"auto, (max-width: 300px) 100vw, 300px\" \/><\/td>\n<td style=\"width: 16.0624%; height: 110px; border-color: #f7f0f0; text-align: right; background-color: #faf0f0;\">\n<p style=\"text-align: center;\"><a href=\"https:\/\/www.pedagogie.ac-nice.fr\/economie-gestion\/?p=2582&amp;preview=true&amp;aiEnableCheckShortcode=true\" target=\"_blank\" rel=\"noopener noreferrer\"><span style=\"font-size: 14pt; color: #0000ff;\"><strong>FAQ<\/strong><\/span><\/a><\/p>\n<p style=\"text-align: center;\"><a href=\"https:\/\/www.pedagogie.ac-nice.fr\/economie-gestion\/2020\/05\/10\/textes-reglementaires\/\"><span style=\"font-size: 14pt; color: #0000ff;\"><strong>Textes r\u00e9glementaires<\/strong><\/span><\/a><\/p>\n<p style=\"text-align: center;\"><a href=\"https:\/\/www.pedagogie.ac-nice.fr\/economie-gestion\/?p=2575&amp;preview=true&amp;aiEnableCheckShortcode=true\" target=\"_blank\" rel=\"noopener noreferrer\"><span style=\"font-size: 14pt; color: #0000ff;\"><strong>Messages de l&rsquo;Inspection<\/strong><\/span><\/a><\/p>\n<p style=\"text-align: center;\"><a href=\"https:\/\/www.pedagogie.ac-nice.fr\/economie-gestion\/2020\/05\/04\/en-construction\/\" target=\"_blank\" rel=\"noopener noreferrer\"><span style=\"font-size: 14pt; color: #0000ff;\"><strong>Continuit\u00e9 p\u00e9dagogique<\/strong><\/span><\/a><\/p>\n<\/td>\n<\/tr>\n<tr style=\"height: 13px;\">\n<td style=\"width: 33.3624%; border-color: #f7f0f0; background-color: #faf0f0; height: 13px;\" colspan=\"2\">&nbsp;<\/td>\n<\/tr>\n<\/tbody>\n<\/table>\n<div class=\"entry-content\">\n<div class=\"\" style=\"text-align: center;\">\n<hr>\n<p style=\"text-align: right;\">Derni\u00e8re mise \u00e0 jour:29\/10\/2020<\/p>\n<p><span style=\"font-size: 24pt;\"><strong>L&rsquo;actualit\u00e9 d&rsquo;\u00e9duscol:<\/strong><\/span><\/p>\n<p>Afin d&rsquo;accompagner la mise en \u0153uvre du temps p\u00e9dagogique consacr\u00e9 aux valeurs de la R\u00e9publique, un dossier p\u00e9dagogique est mis \u00e0 disposition pour chaque niveau (\u00e9cole maternelle, cycle 2 et cycle 3 de l&rsquo;\u00e9cole \u00e9l\u00e9mentaire, coll\u00e8ge et lyc\u00e9e). <a href=\"https:\/\/eduscol.education.fr\/cid154946\/2-novembre-hommage-m-samuel-paty-unite-autour-des-valeurs-de-la-republique.html\" target=\"_blank\" rel=\"noopener noreferrer\">&nbsp;<strong><span style=\"color: #0000ff;\">cliquez ici<\/span><\/strong><\/a><\/p>\n<\/div>\n<\/div>\n<div class=\"entry-content\">\n<div class=\"\" style=\"text-align: center;\">\n<hr>\n<p><strong><span style=\"font-size: 14pt;\"><a href=\"https:\/\/drive.google.com\/file\/d\/1YpqDDXGzWt1mlshAzyHL5DWFoOT31OjX\/view?usp=sharing\" target=\"_blank\" rel=\"noopener noreferrer\">Nouveau tuto \u00ab\u00a0classe virtuelle\u00a0\u00bb: gestion de la salle d&rsquo;attente<\/a><\/span><\/strong><\/p>\n<hr>\n<p style=\"text-align: right;\">Derni\u00e8re mise \u00e0 jour:07\/07\/2020<\/p>\n<p style=\"font-weight: 400; text-align: justify;\">Dans l&rsquo;attente d&rsquo;une reprogrammation, avant la fin du mois d\u2019octobre, &nbsp;d\u2019une journ\u00e9e pl\u00e9ni\u00e8re, en pr\u00e9sentiel ou en distanciel, &nbsp;vous trouverez sur&nbsp;<a href=\"https:\/\/magistere.education.fr\/ac-nice\/course\/view.php?id=4062&amp;section=2\">m@gist\u00e8re<\/a>&nbsp;dans le parcours \u00ab\u00a0Economie-Gestion Acad\u00e9mie de Nice \u00a0\u00bb \u00ab&nbsp;STMG BAC 2021&nbsp;\u00bb un ensemble de ressources sur les nouveaux programmes de&nbsp;<strong>terminale,&nbsp;<\/strong>le Grand oral et les nouvelles \u00e9preuves du Bac STMG notamment le cahier des charges des \u00e9preuves ou encore les sujets z\u00e9ro.<\/p>\n<p style=\"font-weight: 400; text-align: justify;\">Lien vers le parcours (connectez-vous sur magist\u00e8re via Est\u00e9rel, en amont)&nbsp;:&nbsp;<a href=\"https:\/\/magistere.education.fr\/ac-nice\/course\/view.php?id=4062&amp;section=2\" target=\"_blank\" rel=\"noopener noreferrer\">https:\/\/magistere.education.fr\/ac-nice\/course\/view.php?id=4062&amp;section=2<\/a><\/p>\n<\/div>\n<\/div>\n<p>Nous avons le plaisir de vous annoncer que les sujets \u00ab z\u00e9ro \u00bb des deux \u00e9preuves de sp\u00e9cialit\u00e9 pour la session 2021 du baccalaur\u00e9at STMG ont \u00e9t\u00e9 publi\u00e9s sur le site \u00e9duscol :<\/p><\/div>\n<div><a href=\"https:\/\/eduscol.education.fr\/1987\/sujets-zero-et-specimens-pour-le-baccalaureat-2021\" target=\"_blank\" rel=\"noopener\">https:\/\/eduscol.education.fr\/1987\/sujets-zero-et-specimens-pour-le-baccalaureat-2021<\/a><\/div>\n<div>&nbsp;<\/div>\n<\/div>\n<div>\n<hr>\n<\/div>\n<div class=\"\" style=\"text-align: center;\">\n<p>Vous trouverez, sur le&nbsp;<a href=\"https:\/\/magistere.education.fr\/ac-nice\/course\/view.php?id=4062&amp;section=9\" target=\"_blank\" rel=\"noopener\">M@gist\u00e8re<\/a>&nbsp;STMG 2021, toutes les ressources pr\u00e9sent\u00e9es par le CIO lors de la formation du 1er d\u00e9cembre.<\/p>\n<p style=\"text-align: left;\">Le PPT, support de pr\u00e9sentation, et&nbsp; les fichiers des documents&nbsp; de la pochette qui vous a \u00e9t\u00e9 remise:<\/p>\n<ul>\n<li style=\"text-align: left;\">Le livret post STMG en Word et PDF<\/li>\n<li style=\"text-align: left;\">les fiches pour l&rsquo;entretien d&rsquo;orientation<\/li>\n<li style=\"text-align: left;\">les fiches pour pr\u00e9parer une visite de salon ou portes ouvertes.<\/li>\n<\/ul>\n<p style=\"text-align: left;\"><strong>Rappel<\/strong>: Quelques dates du calendrier 2021 de Parcoursup seront \u00e0 actualiser.&nbsp;<\/p>\n<hr>\n<p><img loading=\"lazy\" decoding=\"async\" class=\"wp-image-2849 alignnone\" src=\"https:\/\/www.pedagogie.ac-nice.fr\/economie-gestion\/wp-content\/uploads\/sites\/28\/2020\/12\/telecharger-300x147.jpeg\" alt=\"\" width=\"145\" height=\"71\" srcset=\"https:\/\/www.pedagogie.ac-nice.fr\/economie-gestion\/wp-content\/uploads\/sites\/28\/2020\/12\/telecharger-300x147.jpeg 300w, https:\/\/www.pedagogie.ac-nice.fr\/economie-gestion\/wp-content\/uploads\/sites\/28\/2020\/12\/telecharger.jpeg 404w\" sizes=\"auto, (max-width: 145px) 100vw, 145px\" \/><\/p>\n<p>\u00ab\u00a0Les pouvoirs publics ont choisi comme op\u00e9rateur national la Banque de France afin d\u2019assurer&nbsp;<strong>l\u2019\u00e9ducation \u00e9conomique, budg\u00e9taire et financi\u00e8re<\/strong>&nbsp;de nos \u00e9l\u00e8ves. Un accord de partenariat a donc \u00e9t\u00e9 conclu avec le minist\u00e8re de l\u2019\u00e9ducation nationale, d\u00e9clin\u00e9 sous la forme d\u2019une convention acad\u00e9mique.<\/p>\n<p>Les contenus et les supports d\u2019intervention sont adapt\u00e9s aux diff\u00e9rentes tranches d\u2019\u00e2ge, du cycle 2 au post-bac.&nbsp;<u>Tous les jeunes peuvent donc en b\u00e9n\u00e9ficier \u00e0 partir du cycle 2<\/u>, ces interventions en classe sont gratuites et respectent le principe de neutralit\u00e9. Outre les interventions en classe, la Banque de France organise \u00e9galement des conf\u00e9rences, des formations et des concours, en mettant \u00e0 disposition un grand nombre de ressources p\u00e9dagogiques.<\/p>\n<p><b>Vous trouverez <\/b><span style=\"font-size: 14pt;\"><strong><span style=\"color: #3366ff;\"><a style=\"color: #3366ff;\" href=\"https:\/\/drive.google.com\/file\/d\/1wmvP_kJq5egMvqbOZyi7EKLd_6Ddwm4e\/view?usp=sharing\" target=\"_blank\" rel=\"noopener noreferrer\">en pi\u00e8ce jointe le flyer<\/a><\/span><\/strong><\/span><b> d\u00e9di\u00e9 ainsi que les contacts d\u00e9partementaux ci-dessous&nbsp;:<\/b><\/p>\n<p>Pour les Alpes maritimes, Jean-Claude Perraudin&nbsp;:&nbsp;<a title=\"Composer un message \u00e0 jean-claude.perraudin@banque-france.fr\" target=\"1\" rel=\"noopener noreferrer\">jean-claude.perraudin@banque-france.fr<\/a><\/p>\n<p>Pour le Var, Genevi\u00e8ve Marc&nbsp;:&nbsp;<a title=\"Composer un message \u00e0 genevieve.marc@banque-france.fr\" target=\"1\" rel=\"noopener noreferrer\">genevieve.marc@banque-france.fr<\/a><\/p>\n<p><strong><a href=\"https:\/\/www.pedagogie.ac-nice.fr\/economie-gestion\/2019\/11\/29\/la-politique-monetaire\/\" target=\"_blank\" rel=\"noopener noreferrer\"><span style=\"color: #0000ff; font-size: 14pt;\"><img loading=\"lazy\" decoding=\"async\" class=\"wp-image-2145 alignleft\" src=\"https:\/\/www.pedagogie.ac-nice.fr\/economie-gestion\/wp-content\/uploads\/sites\/28\/2019\/11\/Doc315.jpg\" alt=\"\" width=\"64\" height=\"61\">Dossier&nbsp; politique mon\u00e9taire: articles et vid\u00e9os cliquez ici<\/span><\/a><\/strong><\/p>\n<hr>\n<p style=\"font-weight: 400;\">Suite \u00e0 une information de notre Inspection G\u00e9n\u00e9rale, nous avons le plaisir de vous annoncer qu\u2019une partie des s\u00e9quences Lumni concernant les programmes de la s\u00e9rie STMG sont en ligne&nbsp;:<\/p>\n<p style=\"font-weight: 400;\"><a href=\"https:\/\/www.lumni.fr\/lycee\/terminale\/specialites\/droit-et-economie-stmg\" target=\"_blank\" rel=\"noopener noreferrer\">https:\/\/www.lumni.fr\/lycee\/terminale\/specialites\/droit-et-economie-stmg<\/a><\/p>\n<p style=\"font-weight: 400;\"><a href=\"https:\/\/www.lumni.fr\/lycee\/terminale\/specialites\/management-sciences-de-gestion-et-numerique-stmg\" target=\"_blank\" rel=\"noopener noreferrer\">https:\/\/www.lumni.fr\/lycee\/terminale\/specialites\/management-sciences-de-gestion-et-numerique-stmg<img loading=\"lazy\" decoding=\"async\" class=\"wp-image-2835 alignright\" src=\"https:\/\/www.pedagogie.ac-nice.fr\/economie-gestion\/wp-content\/uploads\/sites\/28\/2020\/12\/5e81cca1a690690b84021e82.png\" alt=\"\" width=\"127\" height=\"127\" srcset=\"https:\/\/www.pedagogie.ac-nice.fr\/economie-gestion\/wp-content\/uploads\/sites\/28\/2020\/12\/5e81cca1a690690b84021e82.png 250w, https:\/\/www.pedagogie.ac-nice.fr\/economie-gestion\/wp-content\/uploads\/sites\/28\/2020\/12\/5e81cca1a690690b84021e82-150x150.png 150w\" sizes=\"auto, (max-width: 127px) 100vw, 127px\" \/><\/a><\/p>\n<p>&nbsp;<\/p>\n<hr>\n<p style=\"text-align: left;\"><strong><span style=\"font-size: 18pt;\">&nbsp;Sp\u00e9cial Orientation<\/span><\/strong><\/p>\n<p><strong>27 et 28 septembre<\/strong>:Le salon <span style=\"color: #ff00ff; font-size: 24pt;\"><strong>Studyrama<\/strong><\/span>se tient en salon <strong>virtuel \u00e0 Toulon<\/strong>: <img loading=\"lazy\" decoding=\"async\" class=\"wp-image-2823 alignright\" src=\"https:\/\/www.pedagogie.ac-nice.fr\/economie-gestion\/wp-content\/uploads\/sites\/28\/2020\/11\/study-300x184.png\" alt=\"\" width=\"196\" height=\"120\" srcset=\"https:\/\/www.pedagogie.ac-nice.fr\/economie-gestion\/wp-content\/uploads\/sites\/28\/2020\/11\/study-300x184.png 300w, https:\/\/www.pedagogie.ac-nice.fr\/economie-gestion\/wp-content\/uploads\/sites\/28\/2020\/11\/study-1024x628.png 1024w, https:\/\/www.pedagogie.ac-nice.fr\/economie-gestion\/wp-content\/uploads\/sites\/28\/2020\/11\/study-768x471.png 768w, https:\/\/www.pedagogie.ac-nice.fr\/economie-gestion\/wp-content\/uploads\/sites\/28\/2020\/11\/study.png 1060w\" sizes=\"auto, (max-width: 196px) 100vw, 196px\" \/><span style=\"color: #ff00ff;\"><strong><a style=\"color: #ff00ff;\" href=\"https:\/\/www.studyrama.com\/salons\/salon-studyrama-des-etudes-superieures-de-toulon-36\" target=\"_blank\" rel=\"noopener noreferrer\">Lien vers le site<\/a><\/strong><\/span><\/p>\n<\/div>\n<\/div>\n<p><!--more--><\/p>\n<p><!--more--><\/p>\n<p style=\"text-align: left;\">&nbsp;<\/p>\n<p><strong>Dossier \u00e0 destination des \u00e9l\u00e8ves: <\/strong><\/p>\n<p><strong><span style=\"color: #0000ff;\"><a style=\"color: #0000ff;\" href=\"http:\/\/www.terminales2020-2021.fr\/\" target=\"_blank\" rel=\"noopener noreferrer\"><span class=\"five-steps\">5 \u00c9TAPES<\/span>&nbsp;POUR MON PARCOURS VERS L&rsquo;ENSEIGNEMENT SUP\u00c9RIEUR<\/a><\/span><\/strong><\/p>\n<div class=\"entry-content\">\n<div class=\"\" style=\"text-align: center;\">\n<p style=\"text-align: left;\"><strong><span style=\"color: #0000ff;\">R\u00e9forme des IUT, d\u00e9couvrez le BUT<\/span><\/strong><\/p>\n<p><span style=\"color: #0000ff; font-size: 18pt;\"><strong>Mooc \u00e0 inscription gratuite sur le th\u00e8me de l&rsquo;<\/strong><\/span><span style=\"color: #0000ff;\"><span style=\"font-size: 24px;\"><b>orientation: cliquez pour vous inscrire <\/b><\/span><\/span><span style=\"color: #0000ff; font-size: 10pt;\"><strong><a href=\"https:\/\/www.fun-mooc.fr\/\">FUN &#8211; Se former en libert\u00e9 (fun-mooc.fr)<\/a><\/strong><\/span><\/p>\n<ul>\n<li style=\"text-align: left;\"><span class=\"course-display-name color-fun-blue heavy-weight header-block\"><b>Entrer \u00e0 l&rsquo;IUT : <\/b>les codes pour booster ton dossier: pr\u00e9sentation du fonctionnement des iut, explication de la transformation du DUT en BUT, \u00e9changes d&rsquo;exp\u00e9riences, comment remplir une partie de son dossier sur Parcoursup&#8230;.<\/span><\/li>\n<\/ul>\n<ul>\n<li style=\"text-align: left;\"><strong>Le droit est-ce pour moi? <\/strong>Pr\u00e9sentation des \u00e9tudes, des m\u00e9tiers du droit, br\u00e8ve explication sur l&rsquo;analyse de justice, le cas juridique &#8230;<\/li>\n<\/ul>\n<hr>\n<p><span style=\"font-size: 18pt;\"><strong>Grand Oral et \u00e9tude de gestion<\/strong><\/span><\/p>\n<p style=\"text-align: left;\">Pour vous accompagner dans la pr\u00e9paration du Grand oral et \u00e0 l&rsquo;\u00e9tude de gestion ou projet de gestion avec vos \u00e9l\u00e8ves, nous mettons \u00e0 votre disposition un document de travail r\u00e9alis\u00e9 par les formateurs en charge du Grand oral et valid\u00e9 par l\u2019inspection d\u2019\u00e9conomie-gestion de l\u2019acad\u00e9mie qui vise \u00e0 vous apporter quelques pr\u00e9conisations et pistes de travail.<\/p>\n<h6 style=\"text-align: left;\"><a href=\"https:\/\/www.pedagogie.ac-nice.fr\/economie-gestion\/2020\/12\/07\/grand-oral-et-etude-de-gestion\/\" target=\"_blank\" rel=\"noopener noreferrer\">Lire la suite<\/a><\/h6>\n<hr>\n<\/div>\n<p>Pour rappel concernant <strong><span style=\"font-size: 18pt;\">la session 2021 du Baccalaur\u00e9at,<\/span><\/strong> vous trouverez en fichier joint le document global dans lequel les pr\u00e9cisions sont apport\u00e9es pour l&rsquo;ensemble des&nbsp;<b>\u00e9preuves de sp\u00e9cialit\u00e9s<\/b>.<strong> <span style=\"font-size: 14pt;\"><a href=\"https:\/\/www.pedagogie.ac-nice.fr\/economie-gestion\/?p=2844&amp;preview=true&amp;aiEnableCheckShortcode=true\" target=\"_blank\" rel=\"noopener noreferrer\">lire la suite<\/a><\/span><\/strong><\/p>\n<div class=\"\" style=\"text-align: center;\">\n<hr>\n<p>\u00ab\u00a0Le concours lyc\u00e9en&nbsp;<strong>G\u00e9n\u00e9ration \u20acuro<\/strong>&nbsp;2020-2021&Prime; est lanc\u00e9 !<\/p>\n<p style=\"font-weight: 400;\">Les \u00e9l\u00e8ves de premi\u00e8re et de terminale STMG vont ainsi pouvoir tester leurs connaissances sur la politique mon\u00e9taire.<\/p>\n<p style=\"font-weight: 400;\">L\u2019acc\u00e8s direct au site du concours, \u00e0 la brochure, aux ressources p\u00e9dagogiques, au quiz d&rsquo;essai, au bulletin d\u2019inscription des \u00e9quipes, etc. est ici&nbsp;:&nbsp;<a href=\"https:\/\/www.generationeuro.eu\/fr-fr\/home\" target=\"_blank\" rel=\"noopener noreferrer\">https:\/\/www.generationeuro.eu\/fr-fr\/home<\/a>&nbsp;&nbsp;&nbsp;<\/p>\n<p style=\"font-weight: 400;\"><strong>Les inscriptions doivent \u00eatre enregistr\u00e9es et le quiz officiel pass\u00e9&nbsp;<span style=\"font-size: 14pt;\"><u>avant le 15 janvier<\/u>.<\/span><\/strong><\/p>\n<p style=\"font-weight: 400;\"><strong><span style=\"font-size: 14pt; color: #800080;\"><a style=\"color: #800080;\" href=\"https:\/\/abc-economie.banque-france.fr\/concours-lyceen-generation-euro-2020-2021#:~:text=D%C3%A9roulement%20du%20concours%20%3A%203%20%C3%A9tapes%20La%20premi%C3%A8re,quiz%20de%2030%20questions%20sur%20la%20politique%20mon%C3%A9taire.\" target=\"_blank\" rel=\"noopener noreferrer\">Site avec information compl\u00e8te<\/a><\/span><\/strong><\/p>\n<p>&nbsp;<\/p>\n<p style=\"text-align: right;\"><strong>Mise \u00e0 jour:30\/10\/2020<\/strong><\/p>\n<p style=\"text-align: left;\"><strong>Veuillez trouver ci-dessous, les documents pr\u00e9sent\u00e9s lors de la formation<\/strong> en <strong>visioconf\u00e9rence du 15 octobre 2020<\/strong>. Vous retrouvez \u00e9galement ces documents&nbsp; dans chaque rubrique du parcours <strong>M@gister \u00e9conomie-gestion&nbsp;<\/strong>\u00e0 l&rsquo;adresse:<\/p>\n<p style=\"text-align: left;\"><a href=\"https:\/\/magistere.education.fr\/ac-nice\/course\/view.php?id=4062\" target=\"_blank\" rel=\"noopener noreferrer\"><strong>https:\/\/magistere.education.fr\/ac-nice\/course\/view.php?id=4062<\/strong><\/a><\/p>\n<p><img loading=\"lazy\" decoding=\"async\" class=\"wp-image-1784 alignleft\" src=\"https:\/\/www.pedagogie.ac-nice.fr\/economie-gestion\/wp-content\/uploads\/sites\/28\/2019\/10\/plaque-attention-300x150.jpg\" alt=\"\" width=\"100\" height=\"50\" srcset=\"https:\/\/www.pedagogie.ac-nice.fr\/economie-gestion\/wp-content\/uploads\/sites\/28\/2019\/10\/plaque-attention-300x150.jpg 300w, https:\/\/www.pedagogie.ac-nice.fr\/economie-gestion\/wp-content\/uploads\/sites\/28\/2019\/10\/plaque-attention.jpg 334w\" sizes=\"auto, (max-width: 100px) 100vw, 100px\" \/><\/p>\n<\/div>\n<\/div>\n<p>Vous devez vous inscrire au module pour acc\u00e9der aux documents. Mode op\u00e9ratoire (si besoin):<a href=\"https:\/\/drive.google.com\/file\/d\/1pj9TIbVMLcz28W80RSy-QVsi5RFC_XFP\/view?usp=sharing\" target=\"_blank\" rel=\"noopener noreferrer\"><strong> cliquez ici<\/strong><\/a><\/p>\n<div class=\"entry-content\">\n<div class=\"\" style=\"text-align: center;\">\n<ul style=\"font-weight: 400;\">\n<li style=\"text-align: left;\"><strong><span style=\"color: #3366ff;\"><a style=\"color: #3366ff;\" href=\"https:\/\/magistere.education.fr\/ac-nice\/mod\/resource\/view.php?id=400136\" target=\"_blank\" rel=\"noopener noreferrer\">Articulation tronc commun &amp; enseignements sp\u00e9cifiques_15octobre20<\/a><\/span><\/strong><\/li>\n<li style=\"text-align: left;\"><strong><span style=\"color: #3366ff;\"><a style=\"color: #3366ff;\" href=\"https:\/\/magistere.education.fr\/ac-nice\/mod\/resource\/view.php?id=400139\" target=\"_blank\" rel=\"noopener noreferrer\">Vision synth\u00e9tique des notions &amp; prolongements MSDGN-15Octobre20<\/a><\/span><\/strong><\/li>\n<li style=\"text-align: left;\"><strong><span style=\"color: #3366ff;\"><a style=\"color: #3366ff;\" href=\"https:\/\/magistere.education.fr\/ac-nice\/pluginfile.php\/1089178\/mod_resource\/content\/1\/EnsSp%C3%A9cialit%C3%A9_MDGN_15oct%202020.pdf\" target=\"_blank\" rel=\"noopener noreferrer\">Enseignement de sp\u00e9cialit\u00e9 MDGN_15oct 20<\/a><\/span><\/strong><\/li>\n<li style=\"text-align: left;\"><strong><span style=\"color: #3366ff;\"><a style=\"color: #3366ff;\" href=\"https:\/\/magistere.education.fr\/ac-nice\/pluginfile.php\/1089170\/mod_resource\/content\/1\/Mercatique_15octobre20.pdf\" target=\"_blank\" rel=\"noopener noreferrer\">Mercatique 15 octobre 20<\/a><\/span><\/strong><\/li>\n<li style=\"text-align: left;\"><strong><span style=\"color: #3366ff;\"><a style=\"color: #3366ff;\" href=\"https:\/\/magistere.education.fr\/ac-nice\/mod\/resource\/view.php?id=400132\" target=\"_blank\" rel=\"noopener noreferrer\">RHC_Pr\u00e9sentation_15octobre20<\/a><\/span><\/strong><\/li>\n<li style=\"text-align: left;\"><strong><span style=\"color: #3366ff;\"><a style=\"color: #3366ff;\" href=\"https:\/\/magistere.education.fr\/ac-nice\/mod\/resource\/view.php?id=400137\" target=\"_blank\" rel=\"noopener noreferrer\">L\u2019\u00e9tude approfondie_Le GO_15octobre20<\/a><\/span><\/strong><\/li>\n<li style=\"text-align: left;\"><strong><span style=\"color: #3366ff;\"><a style=\"color: #3366ff;\" href=\"https:\/\/magistere.education.fr\/ac-nice\/mod\/resource\/view.php?id=400336\" target=\"_blank\" rel=\"noopener noreferrer\">Droit et \u00e9conomie-15octobre20<\/a><\/span><\/strong><\/li>\n<li style=\"text-align: left;\"><strong><span style=\"color: #3366ff;\"><a style=\"color: #3366ff;\" href=\"https:\/\/magistere.education.fr\/ac-nice\/mod\/resource\/view.php?id=391761\" target=\"_blank\" rel=\"noopener noreferrer\">Rep\u00e8res pour accompagner la r\u00e9alisation du projet de gestion 11\/06\/20<\/a><\/span><\/strong><\/li>\n<li style=\"text-align: left;\"><strong><span style=\"color: #3366ff;\"><a style=\"color: #3366ff;\" href=\"https:\/\/magistere.education.fr\/ac-nice\/mod\/resource\/view.php?id=400133\" target=\"_blank\" rel=\"noopener noreferrer\">ETLV_15 octobre 2020<\/a><\/span><\/strong><\/li>\n<li style=\"text-align: left;\"><strong><span style=\"color: #3366ff;\"><a style=\"color: #3366ff;\" href=\"https:\/\/magistere.education.fr\/ac-nice\/mod\/resource\/view.php?id=400142\" target=\"_blank\" rel=\"noopener noreferrer\">Calendrier de l\u2019ann\u00e9e de terminale 2020-2021<\/a><\/span><\/strong><\/li>\n<\/ul>\n<hr>\n<\/div>\n<\/div>\n<table style=\"width: 92.7482%; height: 123px; border-collapse: collapse;\">\n<tbody>\n<tr style=\"height: 10px;\">\n<td style=\"width: 17.3%; height: 110px; border-color: #f7f0f0; background-color: #faf0f0;\"><img loading=\"lazy\" decoding=\"async\" class=\"aligncenter size-medium wp-image-2423\" src=\"https:\/\/www.pedagogie.ac-nice.fr\/economie-gestion\/wp-content\/uploads\/sites\/28\/2020\/05\/continuit\u00e9-300x187.jpeg\" alt=\"\" width=\"300\" height=\"187\" srcset=\"https:\/\/www.pedagogie.ac-nice.fr\/economie-gestion\/wp-content\/uploads\/sites\/28\/2020\/05\/continuit\u00e9-300x187.jpeg 300w, https:\/\/www.pedagogie.ac-nice.fr\/economie-gestion\/wp-content\/uploads\/sites\/28\/2020\/05\/continuit\u00e9.jpeg 304w\" sizes=\"auto, (max-width: 300px) 100vw, 300px\" \/><\/td>\n<td style=\"width: 16.0624%; height: 110px; border-color: #f7f0f0; text-align: right; background-color: #faf0f0;\">\n<p style=\"text-align: center;\"><a href=\"https:\/\/www.pedagogie.ac-nice.fr\/economie-gestion\/?p=2582&amp;preview=true&amp;aiEnableCheckShortcode=true\" target=\"_blank\" rel=\"noopener noreferrer\"><span style=\"font-size: 14pt; color: #0000ff;\"><strong>FAQ<\/strong><\/span><\/a><\/p>\n<p style=\"text-align: center;\"><a href=\"https:\/\/www.pedagogie.ac-nice.fr\/economie-gestion\/2020\/05\/10\/textes-reglementaires\/\"><span style=\"font-size: 14pt; color: #0000ff;\"><strong>Textes r\u00e9glementaires<\/strong><\/span><\/a><\/p>\n<p style=\"text-align: center;\"><a href=\"https:\/\/www.pedagogie.ac-nice.fr\/economie-gestion\/?p=2575&amp;preview=true&amp;aiEnableCheckShortcode=true\" target=\"_blank\" rel=\"noopener noreferrer\"><span style=\"font-size: 14pt; color: #0000ff;\"><strong>Messages de l&rsquo;Inspection<\/strong><\/span><\/a><\/p>\n<p style=\"text-align: center;\"><a href=\"https:\/\/www.pedagogie.ac-nice.fr\/economie-gestion\/2020\/05\/04\/en-construction\/\" target=\"_blank\" rel=\"noopener noreferrer\"><span style=\"font-size: 14pt; color: #0000ff;\"><strong>Continuit\u00e9 p\u00e9dagogique<\/strong><\/span><\/a><\/p>\n<\/td>\n<\/tr>\n<tr style=\"height: 13px;\">\n<td style=\"width: 33.3624%; border-color: #f7f0f0; background-color: #faf0f0; height: 13px;\" colspan=\"2\">&nbsp;<\/td>\n<\/tr>\n<\/tbody>\n<\/table>\n<div class=\"entry-content\">\n<div class=\"\" style=\"text-align: center;\">\n<hr>\n<p style=\"text-align: right;\">Derni\u00e8re mise \u00e0 jour:29\/10\/2020<\/p>\n<p><span style=\"font-size: 24pt;\"><strong>L&rsquo;actualit\u00e9 d&rsquo;\u00e9duscol:<\/strong><\/span><\/p>\n<p>Afin d&rsquo;accompagner la mise en \u0153uvre du temps p\u00e9dagogique consacr\u00e9 aux valeurs de la R\u00e9publique, un dossier p\u00e9dagogique est mis \u00e0 disposition pour chaque niveau (\u00e9cole maternelle, cycle 2 et cycle 3 de l&rsquo;\u00e9cole \u00e9l\u00e9mentaire, coll\u00e8ge et lyc\u00e9e). <a href=\"https:\/\/eduscol.education.fr\/cid154946\/2-novembre-hommage-m-samuel-paty-unite-autour-des-valeurs-de-la-republique.html\" target=\"_blank\" rel=\"noopener noreferrer\">&nbsp;<strong><span style=\"color: #0000ff;\">cliquez ici<\/span><\/strong><\/a><\/p>\n<\/div>\n<\/div>\n<div class=\"entry-content\">\n<div class=\"\" style=\"text-align: center;\">\n<hr>\n<p><strong><span style=\"font-size: 14pt;\"><a href=\"https:\/\/drive.google.com\/file\/d\/1YpqDDXGzWt1mlshAzyHL5DWFoOT31OjX\/view?usp=sharing\" target=\"_blank\" rel=\"noopener noreferrer\">Nouveau tuto \u00ab\u00a0classe virtuelle\u00a0\u00bb: gestion de la salle d&rsquo;attente<\/a><\/span><\/strong><\/p>\n<hr>\n<p style=\"text-align: right;\">Derni\u00e8re mise \u00e0 jour:07\/07\/2020<\/p>\n<p style=\"font-weight: 400; text-align: justify;\">Dans l&rsquo;attente d&rsquo;une reprogrammation, avant la fin du mois d\u2019octobre, &nbsp;d\u2019une journ\u00e9e pl\u00e9ni\u00e8re, en pr\u00e9sentiel ou en distanciel, &nbsp;vous trouverez sur&nbsp;<a href=\"https:\/\/magistere.education.fr\/ac-nice\/course\/view.php?id=4062&amp;section=2\">m@gist\u00e8re<\/a>&nbsp;dans le parcours \u00ab\u00a0Economie-Gestion Acad\u00e9mie de Nice \u00a0\u00bb \u00ab&nbsp;STMG BAC 2021&nbsp;\u00bb un ensemble de ressources sur les nouveaux programmes de&nbsp;<strong>terminale,&nbsp;<\/strong>le Grand oral et les nouvelles \u00e9preuves du Bac STMG notamment le cahier des charges des \u00e9preuves ou encore les sujets z\u00e9ro.<\/p>\n<p style=\"font-weight: 400; text-align: justify;\">Lien vers le parcours (connectez-vous sur magist\u00e8re via Est\u00e9rel, en amont)&nbsp;:&nbsp;<a href=\"https:\/\/magistere.education.fr\/ac-nice\/course\/view.php?id=4062&amp;section=2\" target=\"_blank\" rel=\"noopener noreferrer\">https:\/\/magistere.education.fr\/ac-nice\/course\/view.php?id=4062&amp;section=2<\/a><\/p>\n<hr>\n<table>\n<tbody>\n<tr>\n<td class=\"\">\n<div class=\"\"><b class=\"\"><span class=\"\" style=\"font-size: small;\"><span class=\"\">Message du service d\u2019information, d\u2019orientation et d\u2019insertion professionnelle (SIO-IP) d\u2019Universit\u00e9 C\u00f4te d\u2019Azur<\/span><\/span><\/b><\/div>\n<div class=\"\"><b class=\"\"><span class=\"\" style=\"font-size: small;\"><span class=\"\">\u00c0 destination des enseignants de terminale<\/span><\/span><\/b><\/div>\n<div class=\"\">\n<div>\n<p>\u00ab Lyc\u00e9ens, lyc\u00e9ennes de Terminale,<\/p>\n<p>Sur Parcoursup, vous avez choisi ou vous envisagez de choisir une formation de Licence d\u2019Universit\u00e9 C\u00f4te d\u2019Azur.<br \/>\nAfin de vous accompagner au mieux dans la transition entre votre Terminale et votre future premi\u00e8re ann\u00e9e \u00e0 l\u2019Universit\u00e9, surtout \u00e0 la sortie de cette p\u00e9riode si particuli\u00e8re, Universit\u00e9 C\u00f4te d\u2019Azur vous propose:<\/p>\n<p><strong>1. Trois webconferences<\/strong> sur la vie \u00e9tudiante, les dispositifs \u00ab Oui si \u00bb et la phase compl\u00e9mentaire de Parcoursup<\/p>\n<p><strong>2. L\u2019acc\u00e8s \u00e0 des ressources et des activit\u00e9s pour vous pr\u00e9parer \u00e0 l\u2019entr\u00e9e dans votre formation<\/strong><\/p>\n<p><strong><span style=\"color: #0000ff;\"><a style=\"color: #0000ff;\" href=\"https:\/\/www.pedagogie.ac-nice.fr\/economie-gestion\/?p=2782&amp;preview=true&amp;aiEnableCheckShortcode=true\" target=\"_blank\" rel=\"noopener noreferrer\">Cliquez ici pour lire l&rsquo;article complet<\/a><\/span><\/strong><\/p>\n<p>&nbsp;<\/p>\n<p>&nbsp;<\/p>\n<\/div>\n<blockquote class=\"\">\n<div class=\"\">\n<div class=\"\">\n<div class=\"\">\n<div class=\"\">&nbsp;<\/div>\n<\/div>\n<\/div>\n<\/div>\n<\/blockquote>\n<\/div>\n<\/td>\n<\/tr>\n<\/tbody>\n<\/table>\n<div>&nbsp;<\/div>\n<table>\n<tbody>\n<tr>\n<td class=\"\" style=\"width: 591.773px;\">&nbsp;<\/td>\n<\/tr>\n<\/tbody>\n<\/table>\n<p style=\"font-weight: 400; text-align: right;\"><strong><img loading=\"lazy\" decoding=\"async\" class=\"wp-image-1475 alignnone\" src=\"https:\/\/www.pedagogie.ac-nice.fr\/economie-gestion\/wp-content\/uploads\/sites\/28\/2019\/10\/attention-jaune-redimen.jpg\" alt=\"\" width=\"44\" height=\"53\">Derni\u00e8re mise \u00e0 jour: 26\/06\/2020<\/strong><\/p>\n<p style=\"font-weight: 400; text-align: justify;\">Nous avons le plaisir de vous informer qu&rsquo;une formation&nbsp;<strong>en candidature individuelle<\/strong>&nbsp;est ouverte sur GAIA pour la R2020 :<\/p>\n<p style=\"font-weight: 400; text-align: justify;\"><strong>Dispositif :<\/strong>&nbsp;20A0230857 &#8211; ECOG-LT : Pr\u00e9paration CONCOURS<\/p>\n<p style=\"font-weight: 400; text-align: justify;\"><strong>Module<\/strong>&nbsp;45412 &#8211;&nbsp;PREPARATIONS CONCOURS CAPET INTERNE, EXTERNE ET AGREG INTERNE ECOG<\/p>\n<p style=\"font-weight: 400; text-align: justify;\">Pour les professeurs titulaires et contractuels int\u00e9ress\u00e9s, les inscriptions sont ouvertes et&nbsp;<span style=\"color: #ff0000;\"><strong>se terminent au 04\/07\/2020.<\/strong><\/span><\/p>\n<hr>\n<p style=\"text-align: right;\"><strong>Derni\u00e8re mise \u00e0 jour: 25\/06\/2020<\/strong><\/p>\n<p style=\"text-align: justify;\">Ci-apr\u00e8s la r\u00e9union&nbsp;en ligne&nbsp;avec l\u2019inspection g\u00e9n\u00e9rale sur l\u2019enseignement du droit-\u00e9conomie en STMG est disponible sur Canal U TV en utilisant le lien suivant&nbsp;:<\/p>\n<p><a href=\"https:\/\/www.canal-u.tv\/video\/eduscol\/les_enseignements_de_specialite_de_la_serie_stmg_l_enseignement_de_management_sciences_de_gestion_et_numerique.56407\" target=\"_blank\" rel=\"noopener noreferrer\"><img loading=\"lazy\" decoding=\"async\" class=\"aligncenter size-medium wp-image-2744\" src=\"https:\/\/www.pedagogie.ac-nice.fr\/economie-gestion\/wp-content\/uploads\/sites\/28\/2020\/06\/stmg-programe-eco-300x169.png\" sizes=\"auto, (max-width: 300px) 100vw, 300px\" srcset=\"https:\/\/www.pedagogie.ac-nice.fr\/economie-gestion\/wp-content\/uploads\/sites\/28\/2020\/06\/stmg-programe-eco-300x169.png 300w, https:\/\/www.pedagogie.ac-nice.fr\/economie-gestion\/wp-content\/uploads\/sites\/28\/2020\/06\/stmg-programe-eco.png 600w\" alt=\"\" width=\"300\" height=\"169\"><\/a><\/p>\n<p>&nbsp;<\/p>\n<p style=\"text-align: justify;\">Par ailleurs le minist\u00e8re vient de mettre en ligne deux ressources importantes sur le site EDUSCOL&nbsp;:<\/p>\n<p style=\"text-align: justify;\">\u2013&nbsp;&nbsp;&nbsp;&nbsp;&nbsp;&nbsp;&nbsp;Un article de fond sur la didactique et la p\u00e9dagogie de l\u2019enseignement de l\u2019\u00e9conomie en premi\u00e8re et terminale STMG&nbsp;:<\/p>\n<p style=\"text-align: justify;\"><a href=\"https:\/\/cache.media.eduscol.education.fr\/file\/Droit_et_economie\/73\/7\/RA20_Lycee_T_1-T_STMG_DroitEco_Enseigner-economie_1298737.pdf\" target=\"_blank\" rel=\"noopener noreferrer\"><strong>https:\/\/cache.media.eduscol.education.fr\/file\/Droit_et_economie\/73\/7\/RA20_Lycee_T_1-T_STMG_DroitEco_Enseigner-economie_1298737.pdf&nbsp;&nbsp;<\/strong><\/a>&nbsp;<img loading=\"lazy\" decoding=\"async\" class=\"size-medium wp-image-2747 alignright\" src=\"https:\/\/www.pedagogie.ac-nice.fr\/economie-gestion\/wp-content\/uploads\/sites\/28\/2020\/06\/ecox-214x300.png\" sizes=\"auto, (max-width: 214px) 100vw, 214px\" srcset=\"https:\/\/www.pedagogie.ac-nice.fr\/economie-gestion\/wp-content\/uploads\/sites\/28\/2020\/06\/ecox-214x300.png 214w, https:\/\/www.pedagogie.ac-nice.fr\/economie-gestion\/wp-content\/uploads\/sites\/28\/2020\/06\/ecox.png 622w\" alt=\"\" width=\"214\" height=\"300\"><\/p>\n<p style=\"text-align: justify;\">\u2013&nbsp;&nbsp;&nbsp;&nbsp;&nbsp;&nbsp;&nbsp;&nbsp;Une ressource pour la classe de terminale sur les d\u00e9faillances de march\u00e9, dans le cadre du th\u00e8me 6 du programme d\u2019\u00e9conomie&nbsp;:<\/p>\n<p style=\"text-align: justify;\"><strong><a href=\"https:\/\/cache.media.eduscol.education.fr\/file\/Droit_et_economie\/83\/5\/RA20_Lycee_T_T_STMG_DroitEco_analyser-defaillances-marche_1293835.pdf\" target=\"_blank\" rel=\"noopener noreferrer\">https:\/\/cache.media.eduscol.education.fr\/file\/Droit_et_economie\/83\/5\/RA20_Lycee_T_T_STMG_DroitEco_analyser-defaillances-marche_1293835.pdf<\/a><\/strong><\/p>\n<p>&nbsp;<\/p>\n<p>&nbsp;<\/p>\n<hr>\n<p style=\"text-align: right;\"><strong>Derni\u00e8re mise \u00e0 jour :4\/06\/2020<\/strong><\/p>\n<p style=\"text-align: justify;\">Le parcours magist\u00e8re de formation Droit et Grands Enjeux du Monde Contemporain destin\u00e9 \u00e0 vous accompagner dans la mise en \u0153uvre du nouveau programme est maintenant accessible en auto-inscription.<\/p>\n<p style=\"text-align: justify;\">Ce parcours peut \u00eatre vu comme une formation juridique de base \u00e0 la pr\u00e9 habilitation \u00e0 l&rsquo;enseignement de cette option de terminale.<\/p>\n<p style=\"text-align: justify;\"><strong><span style=\"color: #0000ff;\"><a style=\"color: #0000ff;\" href=\"https:\/\/magistere.education.fr\/local\/magistere_offers\/index.php#offer=741\">https:\/\/magistere.education.fr\/local\/magistere_offers\/index.php#offer=741<\/a><\/span><\/strong><\/p>\n<p style=\"text-align: justify;\"><strong><span style=\"color: #0000ff;\"><a style=\"color: #0000ff;\" href=\"https:\/\/magistere.education.fr\/ac-grenoble\/course\/view.php?id=15318\">https:\/\/magistere.education.fr\/ac-grenoble\/course\/view.php?id=15318<\/a><\/span><\/strong><\/p>\n<p style=\"text-align: right;\"><strong>Derni\u00e8re mise \u00e0 jour :2\/06\/2020<\/strong><\/p>\n<p style=\"text-align: left;\">Retrouvez le fil d\u2019actualit\u00e9s du <strong><span style=\"font-size: 12pt;\">Campus des m\u00e9tiers et des qualifications. Relation client PACA:&nbsp;<\/span><\/strong>\u2013&nbsp;<strong><a href=\"https:\/\/drive.google.com\/file\/d\/1pGi2MY_E9u5D5EwkD0UKk1ub00fiKATo\/view?usp=sharing\" target=\"_blank\" rel=\"noopener noreferrer\">Semaine \u00ab Radis \u00bb, du 2 au 5 juin 2020.<\/a><\/strong><\/p>\n<p style=\"text-align: left;\">Vous pourrez retrouver toutes les informations \u00e0 partir d&rsquo;aujourd&rsquo;hui dans les \u00ab\u00a0liens vers les ressources\u00a0\u00bb:<a href=\"https:\/\/www.pedagogie.ac-nice.fr\/economie-gestion\/2658-2\/\" target=\"_blank\" rel=\"noopener noreferrer\"><img loading=\"lazy\" decoding=\"async\" class=\"aligncenter wp-image-2654\" src=\"https:\/\/www.pedagogie.ac-nice.fr\/economie-gestion\/wp-content\/uploads\/sites\/28\/2020\/06\/campus.jpeg\" alt=\"\" width=\"170\" height=\"101\"><\/a><\/p>\n<hr>\n<p style=\"text-align: right;\"><strong>Derni\u00e8re mise \u00e0 jour :11\/05\/2020<\/strong><\/p>\n<p style=\"text-align: justify;\">\u00ab\u00a0Un lien int\u00e9ressant vers une<a href=\"https:\/\/www.rencontres2e.com\/wp-content\/uploads\/2020\/03\/compress%C3%A9-pe.mp4\" target=\"_blank\" rel=\"noopener noreferrer\"> vid\u00e9o<\/a>, certes centr\u00e9e sur l&rsquo;entrepreneuriat, mais qui valorise tr\u00e8s bien l&rsquo;enseignement optionnel gestion et management de seconde&#8230; Cela fait du bien en cette p\u00e9riode d&rsquo;orientation d&rsquo;entendre et voir nos enseignements valoris\u00e9s !\u00a0\u00bb<br \/>\nMessage de Didier MICHEL IGEN ECOG<\/p>\n<\/div>\n<div>&nbsp;<\/div>\n<div class=\"\" style=\"text-align: center;\">\n<hr>\n<p style=\"text-align: right;\"><strong><em>Derni\u00e8re mise \u00e0 jour: le 4 mai 2020<\/em><\/strong><\/p>\n<p style=\"text-align: justify;\">Le CRCOM vient de mettre en ligne les quatre notices d\u2019accompagnement pour l\u2019enseignement de l\u2019\u00e9conomie en classe de terminale STMG. Cette mise en ligne compl\u00e8te la mise en ligne des notices pour la classe de premi\u00e8re r\u00e9alis\u00e9e la semaine derni\u00e8re. Vous pouvez les consulter en utilisant le&nbsp;<a href=\"https:\/\/crcom.ac-versailles.fr\/spip.php?article999\">lien<\/a>&nbsp;suivant&nbsp;: <a href=\"https:\/\/crcom.ac-versailles.fr\/spip.php?article999\">https:\/\/crcom.ac-versailles.fr\/spip.php?article999<\/a><\/p>\n<p style=\"text-align: justify;\">De tr\u00e8s nombreuses ressources sont d\u00e9sormais disponibles pour le nouvel enseignement de droit-\u00e9conomie en STMG, sur trois espaces diff\u00e9rents, et cela en fonction de leurs finalit\u00e9s&nbsp;: Eduscol, Viaeduc et le CRCOM. Afin que vous puissiez y voir un peu plus clair dans la r\u00e9partition de ces ressources, <strong><u>vous trouverez ci-joint une cartographie au 4&nbsp;<\/u><\/strong><strong><u>mai<\/u><\/strong>. Cette cartographie est appel\u00e9e \u00e0 \u00e9voluer au fur et \u00e0 mesure de la mise en ligne des ressources sur Eduscol par la DGESCO.<\/p>\n<hr>\n<\/div>\n<div class=\"\"><b class=\"\">Pour information<\/b><\/div>\n<div class=\"\">&nbsp;<\/div>\n<div class=\"\">Un nouveau format de livret scolaire <span class=\"\">pour le<\/span>&nbsp;baccalaur\u00e9at technologique,<b class=\"\"><span class=\"\" style=\"color: #e32400;\">valable \u00e0&nbsp;partir de la session 2021,<\/span><\/b>&nbsp;vient d\u2019\u00eatre publi\u00e9 au B.O.E.N. ce jeudi 30 avril 2020. (cf lien ci-apr\u00e8s).<\/div>\n<div class=\"\">&nbsp;<\/div>\n<div class=\"\"><a class=\"\" href=\"https:\/\/www.education.gouv.fr\/bo\/20\/Hebdo18\/MENE2005720A.htm\" target=\"_blank\" rel=\"noopener noreferrer\">https:\/\/www.education.gouv.fr\/bo\/20\/Hebdo18\/MENE2005720A.htm<\/a><\/div>\n<\/div>\n<div class=\"\">&nbsp;<\/div>\n<div>&nbsp;<\/div>\n<div class=\"entry-content\">\n<div class=\"\" style=\"text-align: center;\">\n<hr>\n<p style=\"text-align: right;\"><strong><em><span style=\"color: #000000;\">Derni\u00e8re mise \u00e0 jour 20 avril 2020<\/span><\/em><\/strong><\/p>\n<p style=\"text-align: left;\"><span style=\"color: #000000;\">Un texte a \u00e9t\u00e9 publi\u00e9 sur le site du minist\u00e8re de l\u2019enseignement sup\u00e9rieur concernant l\u2019adaptation des modalit\u00e9s de passage des examens nationaux du BTS et du DCG \u00e0 la session 2020&nbsp;:<\/span><\/p>\n<p style=\"text-align: left;\"><span style=\"color: #0000ff;\"><a style=\"color: #0000ff;\" href=\"https:\/\/www.enseignementsup-recherche.gouv.fr\/cid151053\/epidemie-de-covid-19-adaptation-des-modalites-de-passage-des-examens-nationaux-de-bts-et-dcg-session-2020.html\">https:\/\/www.enseignementsup-recherche.gouv.fr\/cid151053\/epidemie-de-covid-19-adaptation-des-modalites-de-passage-des-examens-nationaux-de-bts-et-dcg-session-2020.html<\/a><\/span><\/p>\n<p style=\"text-align: left;\"><span style=\"color: #000000;\">Nous sommes , <u>comme pour la Baccalaur\u00e9at<\/u>, dans l&rsquo;attente des Textes officiels et des circulaires nationales de la DGESCO qui vont faire suite et qui apporteront <u>les pr\u00e9cisions utiles et n\u00e9cessaires \u00e0 la mise en oeuvre pratique de ces nouvelles modalit\u00e9s de validation<\/u> du BTS et du Baccalaur\u00e9at session 2020.<\/span><\/p>\n<p style=\"text-align: left;\"><span style=\"color: #000000;\">Toutefois des \u00e9l\u00e9ments de pr\u00e9cisions pourront vous \u00eatre apport\u00e9s en consultant r\u00e9guli\u00e8rement sur le <u>site du Minist\u00e8re<\/u> les FAQ de chacun de ces examens (Bac et BTS) qui s&rsquo;enrichiront au fur et \u00e0 mesure des r\u00e9ponses apport\u00e9es par la DGESCO aux questions remont\u00e9es par tous les acteurs de ces dipl\u00f4mes, tout cela dans l&rsquo;attente de la diffusion des circulaires nationales.<\/span><\/p>\n<\/div>\n<\/div>\n<div class=\"entry-content\">\n<hr>\n<h3><span style=\"color: #0000ff;\"><strong><span style=\"font-size: 18pt;\">S\u00e9rie STMG<\/span><\/strong><\/span><\/h3>\n<ul>\n<li><span style=\"color: #0000ff;\"><strong><span style=\"font-size: 18pt;\"><a class=\"download\" style=\"color: #0000ff;\" title=\"S0BAC21-Tle-SPE-STMG_Cahier_des_charges (PDF-333.23 Ko-Nouvelle fen\u00eatre)\" href=\"https:\/\/cache.media.eduscol.education.fr\/file\/Annales_zero_BAC_2021_1e\/92\/5\/S0BAC21-Tle-SPE-STMG_Cahier_des_charges_1268925.pdf\" target=\"_blank\" rel=\"noopener noreferrer\"><span style=\"font-size: 14pt;\">Cahier des charges de l&rsquo;\u00e9preuve \u00e9crite de sp\u00e9cialit\u00e9&nbsp;: Droit et \u00e9conomie<\/span><\/a><\/span><\/strong><\/span><\/li>\n<li><span style=\"font-size: 14pt;\"><strong><span style=\"color: #3366ff;\"><a class=\"download\" style=\"color: #3366ff;\" title=\"S0BAC21-Tle-SPE-STMG_Economie-concurrence (PDF-582.34 Ko-Nouvelle fen\u00eatre)\" href=\"https:\/\/cache.media.eduscol.education.fr\/file\/Annales_zero_BAC_2021_1e\/92\/7\/S0BAC21-Tle-SPE-STMG_Economie-concurrence_1268927.pdf\" target=\"_blank\" rel=\"noopener noreferrer\">\u00c9conomie &#8211; Concurrence<\/a><\/span><\/strong><\/span><\/li>\n<li><strong><span style=\"color: #3366ff; font-size: 18pt;\"><span style=\"font-size: 14pt;\"><a class=\"download\" style=\"color: #3366ff;\" title=\"S0BAC21-Tle-SPE-STMG_Droit_Travail (PDF-289.12 Ko-Nouvelle fen\u00eatre)\" href=\"https:\/\/cache.media.eduscol.education.fr\/file\/Annales_zero_BAC_2021_1e\/07\/8\/S0BAC21-Tle-SPE-STMG_Droit_Travail_1258078.pdf\" target=\"_blank\" rel=\"noopener noreferrer\">Droit &#8211; Travail<\/a><\/span><\/span><\/strong><\/li>\n<li><a href=\"https:\/\/cache.media.eduscol.education.fr\/file\/Droit_et_economie\/39\/8\/RA20_Lycee_T_STMG_1re_Utilite_1268398.pdf\" target=\"_blank\" rel=\"noopener noreferrer\"><span style=\"color: #3366ff;\"><span style=\"font-size: 24px;\"><b>1<span style=\"font-size: 14pt;\">\u00e8re: D\u00e9couvrir les concepts d&rsquo;utilit\u00e9 et de raisonnement \u00e0 la &nbsp;marge<\/span><\/b><\/span><\/span><\/a><\/li>\n<\/ul>\n<hr>\n<p><img loading=\"lazy\" decoding=\"async\" class=\"alignnone wp-image-1475\" src=\"https:\/\/www.pedagogie.ac-nice.fr\/economie-gestion\/wp-content\/uploads\/sites\/28\/2019\/10\/attention-jaune-redimen.jpg\" alt=\"\" width=\"44\" height=\"53\">Pour votre information&nbsp;<b>ci-joint les liens vers le BO N\u00b0 sp\u00e9cial <\/b>(en ligne et Pdf) qui comporte <b>les notes de service pr\u00e9cisant la d\u00e9finition des \u00e9preuves du baccalaur\u00e9a<\/b>t :<\/p>\n<div>&#8211; l&rsquo;\u00e9preuve orale dite \u00ab Grand oral \u00bb voie technologique<\/div>\n<div>&#8211; les&nbsp; \u00e9preuves de Management, sciences de gestion et num\u00e9rique et de Droit et \u00e9conomie<\/div>\n<div>&nbsp;<\/div>\n<div><a href=\"https:\/\/www.education.gouv.fr\/pid285\/bulletin_officiel.html%3Fpid_bo%3D39449\" target=\"_blank\" rel=\"noopener noreferrer\">https:\/\/www.education.gouv.fr\/pid285\/bulletin_officiel.html%3Fpid_bo%3D39449<\/a><\/div>\n<div>&nbsp;<\/div>\n<div><a href=\"https:\/\/www.education.gouv.fr\/sites\/default\/files\/imported_files\/documents\/BOspe2_MENJ_1244589.pdf\" target=\"_blank\" rel=\"noopener noreferrer\">https:\/\/www.education.gouv.fr\/sites\/default\/files\/imported_files\/documents\/BOspe2_MENJ_1244589.pdf<\/a><\/div>\n<div>&nbsp;<\/div>\n<div><b>Les nouveaux programmes et les nouvelles \u00e9preuves seront abord\u00e9s lors du seminaire national des <u>25 et 26 mars 2020<\/u><br \/>\n<\/b><\/div>\n<div><b><i>Un restitution de ce s\u00e9minaire&nbsp; <\/i><\/b>vous sera propos\u00e9e<u> lors des formations Bassin \u00ab\u00a0STMG\u00a0\u00bb programm\u00e9es pour Avril, Mai 2020 &#8230;<br \/>\n<\/u><\/div>\n<\/div>\n<p>&nbsp;<\/p>\n<hr>\n<p><strong><img loading=\"lazy\" decoding=\"async\" class=\"wp-image-1296 alignleft\" src=\"https:\/\/www.pedagogie.ac-nice.fr\/economie-gestion\/wp-content\/uploads\/sites\/28\/2019\/10\/coupe.jpg\" alt=\"\" width=\"77\" height=\"66\">Ouverture du concours national \u00ab&nbsp;Prix de l\u2019excellence \u00e9conomique en STMG&nbsp;\u00bb<\/strong>&nbsp;parrain\u00e9 par le minist\u00e8re de l\u2019\u00c9ducation nationale, la banque de France, CITECO et l\u2019IEDOM. Ce concours est une \u00e9manation d\u2019un concours qui jusque-l\u00e0 ne concernait que quelques acad\u00e9mies et dont la derni\u00e8re \u00e9dition s\u2019ach\u00e8ve d\u00e9but mars.<\/p>\n<p>Pour en savoir plus cliquez <span style=\"font-size: 18pt;\"><strong><a href=\"https:\/\/www.pedagogie.ac-nice.fr\/economie-gestion\/?p=2262&amp;preview=true&amp;aiEnableCheckShortcode=true\" target=\"_blank\" rel=\"noopener noreferrer\">ici<\/a><\/strong><\/span>.<\/p>\n<hr>\n<div class=\"entry-content\">\n<p>Veuillez trouver en <a href=\"https:\/\/drive.google.com\/file\/d\/1q4Uq7c_fC6Cr_g6l-Vohu_VF8l7e-kaQ\/view?usp=sharing\" target=\"_blank\" rel=\"noopener noreferrer\"><span style=\"color: #3366ff;\"><strong><span style=\"font-size: 18pt;\">pi\u00e8ce jointe <span style=\"font-size: 12pt;\">(cliquez ici)<\/span><\/span><\/strong><\/span><\/a>, le diaporama de la r\u00e9union des coordinateurs et des DDFPT du 28 janvier 2020. Points abord\u00e9s.<\/p>\n<p><img loading=\"lazy\" decoding=\"async\" class=\"alignnone wp-image-2212\" src=\"https:\/\/www.pedagogie.ac-nice.fr\/economie-gestion\/wp-content\/uploads\/sites\/28\/2020\/02\/programme-300x225.jpg\" alt=\"\" width=\"483\" height=\"362\" srcset=\"https:\/\/www.pedagogie.ac-nice.fr\/economie-gestion\/wp-content\/uploads\/sites\/28\/2020\/02\/programme-300x225.jpg 300w, https:\/\/www.pedagogie.ac-nice.fr\/economie-gestion\/wp-content\/uploads\/sites\/28\/2020\/02\/programme-1024x768.jpg 1024w, https:\/\/www.pedagogie.ac-nice.fr\/economie-gestion\/wp-content\/uploads\/sites\/28\/2020\/02\/programme-768x576.jpg 768w, https:\/\/www.pedagogie.ac-nice.fr\/economie-gestion\/wp-content\/uploads\/sites\/28\/2020\/02\/programme-1536x1152.jpg 1536w, https:\/\/www.pedagogie.ac-nice.fr\/economie-gestion\/wp-content\/uploads\/sites\/28\/2020\/02\/programme.jpg 2000w\" sizes=\"auto, (max-width: 483px) 100vw, 483px\" \/><\/p>\n<p><span style=\"font-size: 14pt;\"><strong><span style=\"color: #0000ff;\">Les documents de la formation BTS CEJM sont disponibles<span style=\"color: #ff0000;\"><a style=\"color: #ff0000;\" href=\"https:\/\/www.pedagogie.ac-nice.fr\/economie-gestion\/2020\/01\/05\/formation-2019-2020\/\" target=\"_blank\" rel=\"noopener noreferrer\">ici<\/a><\/span><\/span><\/strong><\/span><\/p>\n<p><span style=\"font-size: 14pt;\"><strong><span style=\"color: #0000ff;\">Les documents de la formation sur la r\u00e9forme STMG du mois novembre sont disponibles<span style=\"color: #ff0000;\"><a style=\"color: #ff0000;\" href=\"https:\/\/www.pedagogie.ac-nice.fr\/economie-gestion\/2019\/11\/29\/documents-de-la-formation-du-21-novembre\/\" target=\"_blank\" rel=\"noopener noreferrer\">ici<\/a><\/span><\/span><\/strong><\/span><\/p>\n<hr>\n<p><img loading=\"lazy\" decoding=\"async\" class=\"alignnone wp-image-2145\" src=\"https:\/\/www.pedagogie.ac-nice.fr\/economie-gestion\/wp-content\/uploads\/sites\/28\/2019\/11\/Doc315.jpg\" alt=\"\" width=\"85\" height=\"80\">En lien <a href=\"https:\/\/drive.google.com\/file\/d\/1vxBXU4BFpwFRg9k-jEG3fxSzasN3JfZX\/view\" target=\"_blank\" rel=\"noopener noreferrer\">ici<\/a> la pr\u00e9sentation relative \u00e0 l\u2019organisation des modalit\u00e9s d\u2019examen en bts GPME.<\/p>\n<p>La circulaire est \u00e0 la signature et une version comment\u00e9e sera diffus\u00e9e sur le site du CRCOM.<\/p>\n<p>Avec Catherine Chiffe, V\u00e9ronique Monmaron et Catherine Rosso que je remercie, nous restons \u00e0 votre disposition pour vous apporter les pr\u00e9cisions compl\u00e9mentaires qui seraient souhait\u00e9es.<\/p>\n<hr>\n<\/div>\n<p><img loading=\"lazy\" decoding=\"async\" class=\"alignnone wp-image-1051\" src=\"https:\/\/www.pedagogie.ac-nice.fr\/economie-gestion\/wp-content\/uploads\/sites\/28\/2019\/09\/lettre.jpg\" alt=\"\" width=\"51\" height=\"51\" srcset=\"https:\/\/www.pedagogie.ac-nice.fr\/economie-gestion\/wp-content\/uploads\/sites\/28\/2019\/09\/lettre.jpg 300w, https:\/\/www.pedagogie.ac-nice.fr\/economie-gestion\/wp-content\/uploads\/sites\/28\/2019\/09\/lettre-150x150.jpg 150w\" sizes=\"auto, (max-width: 51px) 100vw, 51px\" \/>&nbsp; Veuillez trouver en <a href=\"https:\/\/drive.google.com\/file\/d\/1wqkXFO84z9ZcoNHU28LwC1Yyyi-0J72F\/view?usp=sharing\" target=\"_blank\" rel=\"noopener noreferrer\"><strong>pi\u00e8ce jointe<\/strong><\/a> un compte-rendu r\u00e9dig\u00e9 par Madame Sophie GOFFREDO, enseignante au lyc\u00e9e du Golfe de St Tropez \u00e0 Gassin, qui a pris part aux <strong>Journ\u00e9es de l\u2019Economie (JECO)<\/strong> \u00e0 Lyon les 5, 6 et 7 novembre 2019.<\/p>\n<p>Pour rappel, l\u2019acad\u00e9mie de Nice permet la pr\u00e9sence d\u2019un enseignant d\u2019\u00e9conomie et gestion aux JECO, qui se d\u00e9roulent chaque ann\u00e9e en novembre \u00e0 Lyon. N\u2019h\u00e9sitez pas \u00e0 faire part de votre souhait de candidature aupr\u00e8s de vos inspecteurs d\u00e8s le d\u00e9but du mois d&rsquo;octobre !<\/p>\n<hr>\n<p><img loading=\"lazy\" decoding=\"async\" class=\"alignnone wp-image-1020\" src=\"https:\/\/www.pedagogie.ac-nice.fr\/economie-gestion\/wp-content\/uploads\/sites\/28\/2019\/09\/inormation.jpg\" alt=\"\" width=\"69\" height=\"69\" srcset=\"https:\/\/www.pedagogie.ac-nice.fr\/economie-gestion\/wp-content\/uploads\/sites\/28\/2019\/09\/inormation.jpg 224w, https:\/\/www.pedagogie.ac-nice.fr\/economie-gestion\/wp-content\/uploads\/sites\/28\/2019\/09\/inormation-150x150.jpg 150w\" sizes=\"auto, (max-width: 69px) 100vw, 69px\" \/><strong>&nbsp; Politique mon\u00e9taire<\/strong>,<\/p>\n<p>vous pouvez demander l\u2019intervention de la <strong>Banque de France<\/strong> dans vos cours. Notre coll\u00e8gue Monsieur Charrette (BTS banque) a fait intervenir Monsieur Fran\u00e7ois JEANBRUN adjoint au directeur d\u00e9partemental du Var dans les classes des BTS Banque mais son intervention est tout \u00e0 fait adapt\u00e9e aux STMG.<br \/>\nL\u2019intervention a port\u00e9 sur les r\u00f4les de la Banque de France, la BCE et les outils de la politique mon\u00e9taire.<br \/>\nIl a bien distingu\u00e9 les outils dits conventionnels et les outils non conventionnels utilis\u00e9s par la BCE.<\/p>\n<p>Apr\u00e8s quelques recherches, voici les liens vous permettant de retrouver l\u2019essentiel des informations dispens\u00e9es.<\/p>\n<p><strong>Vid\u00e9o outils conventionnels<\/strong> :<a href=\"https:\/\/www.youtube.com\/watch?time_continue=13&amp;v=cTN6MDn1aVg&amp;feature=emb_logo\" target=\"_blank\" rel=\"noopener noreferrer\">Cliquez<\/a> <img loading=\"lazy\" decoding=\"async\" class=\"alignnone wp-image-2145\" src=\"https:\/\/www.pedagogie.ac-nice.fr\/economie-gestion\/wp-content\/uploads\/sites\/28\/2019\/11\/Doc315.jpg\" alt=\"\" width=\"91\" height=\"87\"><\/p>\n<p><strong>Document : <\/strong><\/p>\n<p><strong>https:\/\/abc-economie.banque-france.fr\/sites\/default\/files\/medias\/documents\/pol_mon_convent.pdf<\/strong><\/p>\n<p>Vid\u00e9o outils non conventionnels : <a href=\"https:\/\/www.youtube.com\/watch?v=BXNlJYwy-p4&amp;feature=emb_logo\" target=\"_blank\" rel=\"noopener noreferrer\">cliquez<\/a> <img loading=\"lazy\" decoding=\"async\" class=\"alignnone wp-image-2145\" src=\"https:\/\/www.pedagogie.ac-nice.fr\/economie-gestion\/wp-content\/uploads\/sites\/28\/2019\/11\/Doc315.jpg\" alt=\"\" width=\"67\" height=\"63\"><br \/>\n<strong>Document : https:\/\/abc-economie.banque-france.fr\/sites\/default\/files\/medias\/documents\/l-eco-en-bref-politiques-monetaires-non-conventionnelles-2019-02-21_0.pdf<\/strong><\/p>\n<p>La Banque de France a ouvert un certain nombre de portails vous permettant d\u2019acc\u00e9der \u00e0 des informations \u00e9conomiques et financi\u00e8res tr\u00e8s int\u00e9ressantes. Les sites contiennent des documents descriptifs, des vid\u00e9os et des liens vers d\u2019autres sites proposant des ressources adapt\u00e9es \u00e0 nos enseignements<\/p>\n<p>Portail internet MES QUESTIONS D\u2019ARGENT \u2013 Comprendre pour mieux d\u00e9cider &#8211; : <a href=\"https:\/\/www.mesquestionsdargent.fr\/\" target=\"_blank\" rel=\"noopener noreferrer\">https:\/\/www.mesquestionsdargent.fr\/<\/a><\/p>\n<p>La Cit\u00e9 de l\u2019Economie : <a href=\"https:\/\/www.citeco.fr\/\" target=\"_blank\" rel=\"noopener noreferrer\">https:\/\/www.citeco.fr\/<\/a><\/p>\n<p>Le jeu d\u2019analyse financi\u00e8re \u00ab AVENTURE ENTREPRENEUR \u00bb : <a href=\"https:\/\/entreprises.banque-france.fr\/jeu\" target=\"_blank\" rel=\"noopener noreferrer\">https:\/\/entreprises.banque-france.fr\/jeu<\/a><\/p>\n<p>ABC de l\u2019\u00e9conomie : <a href=\"https:\/\/abc-economie.banque-france.fr\/\" target=\"_blank\" rel=\"noopener noreferrer\">https:\/\/abc-economie.banque-france.fr\/<\/a><\/p>\n<p>L\u2019espace d\u00e9di\u00e9 aux PARTICULIERS sur le site internet Banque de France (surendettement, Fichiers, Moyens de paiement\u2026): <a href=\"https:\/\/particuliers.banque-france.fr\/\" target=\"_blank\" rel=\"noopener noreferrer\">https:\/\/particuliers.banque-france.fr\/<\/a><\/p>\n<p><span style=\"color: #ff0000;\">Pour le var :<\/span> ceux qui souhaitent b\u00e9n\u00e9ficier de l\u2019intervention de la Banque de France, voici les coordonn\u00e9es de Monsieur Fran\u00e7ois JEAMBRUN<br \/>\nT\u00e9l : 04 94 09 54 03<br \/>\nMob : 06 45 27 81 29<br \/>\nfrancois-noel.jeambrun@banque-france.fr<\/p>\n<p>&nbsp;<\/p>\n<p>Ce dernier ayant obtenu une mutation, une autre personne prendra sa suite, je vous conseille donc de ne pas trop attendre si vous souhaitez prendre contact.<\/p>\n<hr>\n<p style=\"text-align: center;\"><strong><span style=\"color: #ff0000;\">Rappel: vous n&rsquo;avez que jusqu&rsquo;au 20 novembre pour vous inscrire aux stages CEFPEP.<\/span><\/strong><\/p>\n<p>Le Cefpep, Centre d\u2019Etudes et de Formation en Partenariat avec les Entreprises et les Professions, offre aux&nbsp;<strong>enseignants de toutes les disciplines<\/strong> et \u00e0<strong>tous les personnels de l\u2019Education nationale<\/strong> la possibilit\u00e9 de r\u00e9aliser une visite ou un stage en entreprise de 1 \u00e0 5 jours afin :<\/p>\n<ul>\n<li>de d\u00e9couvrir des <strong>m\u00e9tiers<\/strong>, des pistes d\u2019<strong>orientation<\/strong> pour les \u00e9l\u00e8ves,<\/li>\n<li>d\u2019approfondir <strong>leurs comp\u00e9tences disciplinaires,<\/strong><\/li>\n<li>de mettre en \u0153uvre des <strong>projets<\/strong> de nature <strong>interdisciplinaire<\/strong> en participant \u00e0 des stages ouverts \u00e0 des coll\u00e8gues enseignant d\u2019autres disciplines que la v\u00f4tre, et en particulier des formations ax\u00e9es sur l\u2019<strong>entrepreneuriat<\/strong>.<\/li>\n<li>d\u2019offrir un <strong>accompagnement en management <\/strong>pour les postes des<strong> personnels d\u2019encadrement<\/strong>.<\/li>\n<\/ul>\n<p>Vous pouvez consulter le guide \u00ab&nbsp;enseignants&nbsp;\u00bb &nbsp;<a href=\"https:\/\/eduscol.education.fr\/cid84348\/stages-enseignants.html\">Consulter le guide<\/a><\/p>\n<p>&nbsp;<\/p>\n<p><strong>Proc\u00e9dure d\u2019inscription jusqu\u2019au 20 novembre 2019<\/strong><\/p>\n<p>&#8211; Pour <strong>certains stages dits \u00ab&nbsp;\u00e0 inscription directe&nbsp;\u00bb<\/strong>, un lien communiqu\u00e9 par le partenaire, figure sur chaque fiche concern\u00e9e par ce type de stage.<\/p>\n<p>&#8211; Pour la <strong>plupart des stages<\/strong> vous devez&nbsp;:<\/p>\n<p><strong>1-<\/strong> Consulter l\u2019offre et relever les codes des 3 stages qui vous int\u00e9ressent sur&nbsp;<a href=\"https:\/\/eduscol.education.fr\/cid84348\/stages-enseignants.html\"><strong>https:\/\/eduscol.education.fr\/cid84348\/stages-enseignants.html<\/strong><\/a><\/p>\n<p><strong>2- <\/strong>Vous connecter au GAIA CEFPEP (extranet acad\u00e9mique) \u00e0 partir de la <a href=\"http:\/\/eduscol.education.fr\/pid31668\/l-offre-de-stages-courts-cerpep.html?mddtab=23335\"><strong>carte de France<\/strong><\/a> cliquable (bas de page du site du Cefpep).<\/p>\n<p><strong>3-<\/strong> Vous inscrire en \u00e9mettant 3 v\u0153ux maximum sur GAIA CEFPEP.<\/p>\n<p><strong>4-<\/strong> Pour savoir si votre candidature a \u00e9t\u00e9 retenue, vous devrez consulter GAIA CEFPEP \u00e0 partir du 1er f\u00e9vrier 2020 et g\u00e9n\u00e9ralement 1 mois avant le d\u00e9but du stage.<\/p>\n<p><strong>5-<\/strong> Vous recevrez votre convocation au plus tard un mois avant le d\u00e9but du stage.<\/p>\n<p>V\u00e9ronique Blanc, responsable du Cefpep, et son \u00e9quipe sont \u00e0 votre \u00e9coute par mail \u00e0 l\u2019adresse&nbsp;<strong><u>formations-cefpep@education.gouv.fr<\/u><\/strong><\/p>\n<p>&nbsp;<\/p>\n<p style=\"text-align: center;\"><span style=\"font-size: 14pt; color: #000080;\"><strong style=\"font-size: 16px;\">Concours G\u00e9n\u00e9ration \u20acuro 2019-2020<\/strong><strong>&nbsp;<\/strong><\/span><strong style=\"font-size: 18.6667px;\"><img loading=\"lazy\" decoding=\"async\" class=\"wp-image-1296 alignnone\" src=\"https:\/\/www.pedagogie.ac-nice.fr\/stmg\/wp-content\/uploads\/sites\/28\/2019\/10\/coupe.jpg\" alt=\"\" width=\"140\" height=\"120\"><\/strong><\/p>\n<p><strong style=\"font-style: inherit;\">La France participera cette ann\u00e9e pour la premi\u00e8re fois au Concours Lyc\u00e9en G\u00e9n\u00e9ration \u20acuro<\/strong><\/p>\n<p>Le concours lyc\u00e9en G\u00e9n\u00e9ration \u20acuro est organis\u00e9 par la Banque de France en partenariat avec le Minist\u00e8re de l\u2019\u00e9ducation nationale.<\/p>\n<p>Il se d\u00e9roule en 3 \u00e9tapes<\/p>\n<ul>\n<li>Etape 1 : un quiz en ligne,<\/li>\n<li>Etape 2 : une pr\u00e9sentation \u00e9crite,<\/li>\n<li>Etape 3 : une soutenance orale<\/li>\n<\/ul>\n<p><strong>D\u00e8s le 1er octobre<\/strong>, les lyc\u00e9ens fran\u00e7ais pourront s\u2019entra\u00eener avec le quiz d\u2019essai. Les \u00e9quipes pourront se constituer, chacune guid\u00e9e par un professeur. Quand elles se sentiront pr\u00eates, elles pourront,&nbsp;<strong>jusqu\u2019au 15 novembre<\/strong>, s\u2019inscrire sur ce site internet et passer le quiz. Elles recevront alors le certificat attestant de leur score \u00e0 la premi\u00e8re \u00e9tape du concours.<\/p>\n<p>Brochure en <a href=\"https:\/\/drive.google.com\/file\/d\/15QGgQ4GOjI7y23xPmjNaSvRYg9rmcAqC\/view?usp=sharing\" target=\"_blank\" rel=\"noopener noreferrer\">pi\u00e8ce jointe<\/a> et lien vers le site &nbsp;<a href=\"https:\/\/www.generationeuro.eu\/index.php?id=1&amp;L=7\">https:\/\/www.generationeuro.eu\/index.php?id=1&amp;L=7<\/a><\/p>\n<p>&nbsp;<\/p>\n<p class=\"t-16 black mg-t26\" style=\"text-align: center;\"><span style=\"color: #000080;\"><strong>Prix de l&rsquo;excellence \u00e9conomique en&nbsp;<abbr lang=\"\" title=\"Sciences et technologies du management et de la gestion\">STMG<\/abbr><\/strong><\/span><\/p>\n<p class=\"t-16 black mg-t26\" style=\"text-align: center;\">avec le concours de la&nbsp;<strong>Banque de France et CITECO<\/strong>, un&nbsp;<strong>Prix de l\u2019excellence \u00e9conomique<\/strong>&nbsp;pour les \u00e9l\u00e8ves de terminale STMG<\/p>\n","protected":false},"excerpt":{"rendered":"<p>Organisation du concours national: Jeunes, solidaires et citoyens &#8211; ann\u00e9e 2021-2022 lire la suite Les Jeudi 26 ao\u00fbt et Vendredi<\/p>\n","protected":false},"author":205,"featured_media":0,"comment_status":"closed","ping_status":"closed","sticky":false,"template":"","format":"standard","meta":{"colormag_page_container_layout":"default_layout","colormag_page_sidebar_layout":"default_layout","ngg_post_thumbnail":0,"footnotes":""},"categories":[8],"tags":[],"class_list":["post-3054","post","type-post","status-publish","format-standard","hentry","category-actualites"],"rttpg_featured_image_url":null,"rttpg_author":{"display_name":"Estelle REGIS","author_link":"https:\/\/www.pedagogie.ac-nice.fr\/economie-gestion\/author\/stmgadmin1\/"},"rttpg_comment":1,"rttpg_category":"<a href=\"https:\/\/www.pedagogie.ac-nice.fr\/economie-gestion\/category\/actualites\/\" rel=\"category tag\">Actualit\u00e9s<\/a>","rttpg_excerpt":"Organisation du concours national: Jeunes, solidaires et citoyens &#8211; ann\u00e9e 2021-2022 lire la suite Les Jeudi 26 ao\u00fbt et Vendredi","post_mailing_queue_ids":[],"_links":{"self":[{"href":"https:\/\/www.pedagogie.ac-nice.fr\/economie-gestion\/wp-json\/wp\/v2\/posts\/3054","targetHints":{"allow":["GET"]}}],"collection":[{"href":"https:\/\/www.pedagogie.ac-nice.fr\/economie-gestion\/wp-json\/wp\/v2\/posts"}],"about":[{"href":"https:\/\/www.pedagogie.ac-nice.fr\/economie-gestion\/wp-json\/wp\/v2\/types\/post"}],"author":[{"embeddable":true,"href":"https:\/\/www.pedagogie.ac-nice.fr\/economie-gestion\/wp-json\/wp\/v2\/users\/205"}],"replies":[{"embeddable":true,"href":"https:\/\/www.pedagogie.ac-nice.fr\/economie-gestion\/wp-json\/wp\/v2\/comments?post=3054"}],"version-history":[{"count":2,"href":"https:\/\/www.pedagogie.ac-nice.fr\/economie-gestion\/wp-json\/wp\/v2\/posts\/3054\/revisions"}],"predecessor-version":[{"id":3156,"href":"https:\/\/www.pedagogie.ac-nice.fr\/economie-gestion\/wp-json\/wp\/v2\/posts\/3054\/revisions\/3156"}],"wp:attachment":[{"href":"https:\/\/www.pedagogie.ac-nice.fr\/economie-gestion\/wp-json\/wp\/v2\/media?parent=3054"}],"wp:term":[{"taxonomy":"category","embeddable":true,"href":"https:\/\/www.pedagogie.ac-nice.fr\/economie-gestion\/wp-json\/wp\/v2\/categories?post=3054"},{"taxonomy":"post_tag","embeddable":true,"href":"https:\/\/www.pedagogie.ac-nice.fr\/economie-gestion\/wp-json\/wp\/v2\/tags?post=3054"}],"curies":[{"name":"wp","href":"https:\/\/api.w.org\/{rel}","templated":true}]}}