{"id":3130,"date":"2022-01-13T16:20:24","date_gmt":"2022-01-13T15:20:24","guid":{"rendered":"https:\/\/www.pedagogie.ac-nice.fr\/economie-gestion\/?p=3130"},"modified":"2022-01-13T16:20:24","modified_gmt":"2022-01-13T15:20:24","slug":"novembre-2021-2","status":"publish","type":"post","link":"https:\/\/www.pedagogie.ac-nice.fr\/economie-gestion\/2022\/01\/13\/novembre-2021-2\/","title":{"rendered":"Novembre 2021"},"content":{"rendered":"<p style=\"font-weight: 400;\">voici quelques informations&nbsp;publi\u00e9es durant les vacances&nbsp;qui peuvent vous&nbsp;int\u00e9resser:<\/p>\n<p style=\"font-weight: 400;\">&nbsp;<\/p>\n<p style=\"font-weight: 400;\"><strong>Nouvelle lettre EduNum n\u00b0 53&nbsp;en&nbsp;<u>pi\u00e8ce jointe<\/u><\/strong>&nbsp;et sur le site&nbsp;<strong>\u00e9co-gestion Nice<\/strong>.&nbsp;<\/p>\n<p style=\"font-weight: 400;\"><u>Th\u00e8mes trait\u00e9s<\/u>&nbsp;: PIX&nbsp;&nbsp;&nbsp;&#8211;&nbsp;&nbsp;Pr\u00e9sentation&nbsp;&nbsp;de la suite applicative e-comBox version 3 dont les modules peuvent \u00eatre utilis\u00e9s en \u00ab\u00a0sciences de gestion et du num\u00e9rique\u00a0\u00bb, en STS\u2026(d\u00e9j\u00e0 pr\u00e9sent\u00e9 dans des mails pr\u00e9c\u00e9dents), ainsi que d\u2019autres ressources allant de la premi\u00e8re STMG au BTS<\/p>\n<p style=\"font-weight: 400;\"><strong>La DANE&nbsp;<\/strong>a r\u00e9alis\u00e9 un&nbsp;<strong>support Genially<\/strong>&nbsp;qui r\u00e9capitule les applications que vous pouvez utiliser pour partager, \u00e9valuer,&nbsp;r\u00e9aliser des activit\u00e9s\u2026Pour chaque application vous trouverez un tutoriel sur&nbsp;<a href=\"https:\/\/view.genial.ly\/5faaf477325a010d28171292\">https:\/\/view.genial.ly\/5faaf477325a010d28171292<\/a><\/p>\n<p style=\"font-weight: 400;\">Attention, selon le navigateur utilis\u00e9, il est difficile de cliquer sur l\u2019onglet \u00ab&nbsp;construire&nbsp;\u00bb il faut cliquer sur le \u00ab&nbsp;rond orange&nbsp;\u00bb au-dessus de construire.<\/p>\n<p style=\"font-weight: 400;\"><strong>Sur&nbsp;<\/strong><strong>Eduscol<\/strong><strong>&nbsp;mis en ligne le 20 octobre&nbsp;<\/strong>\u00ab&nbsp;Nouveau lyc\u00e9e g\u00e9n\u00e9ral et technologique : Guide de l&rsquo;\u00e9valuation&nbsp;\u00bb&nbsp;<strong>page 42<\/strong>&nbsp;<a href=\"https:\/\/eduscol.education.fr\/2688\/nouveau-lycee-general-et-technologique-guide-de-l-evaluation\">https:\/\/eduscol.education.fr\/2688\/nouveau-lycee-general-et-technologique-guide-de-l-evaluation<\/a>&nbsp;suivi de la foire aux questions<\/p>\n<p style=\"font-weight: 400;\"><strong>Derniers articles de&nbsp;\u00bb la finance pour tous&nbsp;<\/strong>\u00bb sur \u00ab&nbsp; l\u2019indemnit\u00e9 inflation&nbsp;\u00bb, la \u00ab&nbsp;COP26&nbsp;\u00bb\u2026<a href=\"https:\/\/www.lafinancepourtous.com\/actualites\/\">https:\/\/www.lafinancepourtous.com\/actualites\/<\/a><\/p>\n<p style=\"font-weight: 400;\"><strong>Retrouvez de courts documentaires<\/strong>&nbsp;(-10 min) sur&nbsp;<a href=\"https:\/\/www.france.tv\/slash\/commises-d-office\/\">https:\/\/www.france.tv\/slash\/commises-d-office\/<\/a>&nbsp;&nbsp;qui permettent de suivre<strong>&nbsp;les m\u00e9tiers de la justice :<\/strong>&nbsp;le juge d\u2019application des peines, l\u2019avocate\u2026A retrouver sur France TV, la saison 2 est en ligne<strong>&nbsp;jusqu\u2019en d\u00e9cembre 2022.<\/strong><\/p>\n<p style=\"font-weight: 400;\"><strong>De nouvelles ressources STMG sont disponibles<\/strong>&nbsp;dont \u00ab TAUX D\u2019ACTIVIT\u00c9, TAUX D\u2019EMPLOI, TAUX DE CH\u00d4MAGE \u00bb PAR KEVIN HERLEM sur&nbsp;<a href=\"https:\/\/eduscol.education.fr\/1742\/programmes-et-ressources-en-serie-stmg#STMG-numerique-intelligence-collective\">https:\/\/eduscol.education.fr\/1742\/programmes-et-ressources-en-serie-stmg#STMG-numerique-intelligence-collective<\/a><\/p>\n<p style=\"font-weight: 400;\">&nbsp;<\/p>\n<p style=\"font-weight: 400;\">&nbsp;<\/p>\n<p style=\"font-weight: 400;\"><strong>Rappe<\/strong>l&nbsp;: Vous avez<strong>&nbsp;jusqu\u2019au 26 novembre<\/strong>&nbsp;pour vos demandes de cong\u00e9s formation professionnelle.<\/p>\n","protected":false},"excerpt":{"rendered":"<p>voici quelques informations&nbsp;publi\u00e9es durant les vacances&nbsp;qui peuvent vous&nbsp;int\u00e9resser: &nbsp; Nouvelle lettre EduNum n\u00b0 53&nbsp;en&nbsp;pi\u00e8ce jointe&nbsp;et sur le site&nbsp;\u00e9co-gestion Nice.&nbsp; Th\u00e8mes<\/p>\n","protected":false},"author":205,"featured_media":0,"comment_status":"open","ping_status":"open","sticky":false,"template":"","format":"standard","meta":{"colormag_page_container_layout":"default_layout","colormag_page_sidebar_layout":"default_layout","ngg_post_thumbnail":0,"footnotes":""},"categories":[1],"tags":[],"class_list":["post-3130","post","type-post","status-publish","format-standard","hentry","category-non-classe"],"rttpg_featured_image_url":null,"rttpg_author":{"display_name":"Estelle REGIS","author_link":"https:\/\/www.pedagogie.ac-nice.fr\/economie-gestion\/author\/stmgadmin1\/"},"rttpg_comment":0,"rttpg_category":"<a href=\"https:\/\/www.pedagogie.ac-nice.fr\/economie-gestion\/category\/non-classe\/\" rel=\"category tag\">Non class\u00e9<\/a>","rttpg_excerpt":"voici quelques informations&nbsp;publi\u00e9es durant les vacances&nbsp;qui peuvent vous&nbsp;int\u00e9resser: &nbsp; Nouvelle lettre EduNum n\u00b0 53&nbsp;en&nbsp;pi\u00e8ce jointe&nbsp;et sur le site&nbsp;\u00e9co-gestion Nice.&nbsp; Th\u00e8mes","post_mailing_queue_ids":[],"_links":{"self":[{"href":"https:\/\/www.pedagogie.ac-nice.fr\/economie-gestion\/wp-json\/wp\/v2\/posts\/3130","targetHints":{"allow":["GET"]}}],"collection":[{"href":"https:\/\/www.pedagogie.ac-nice.fr\/economie-gestion\/wp-json\/wp\/v2\/posts"}],"about":[{"href":"https:\/\/www.pedagogie.ac-nice.fr\/economie-gestion\/wp-json\/wp\/v2\/types\/post"}],"author":[{"embeddable":true,"href":"https:\/\/www.pedagogie.ac-nice.fr\/economie-gestion\/wp-json\/wp\/v2\/users\/205"}],"replies":[{"embeddable":true,"href":"https:\/\/www.pedagogie.ac-nice.fr\/economie-gestion\/wp-json\/wp\/v2\/comments?post=3130"}],"version-history":[{"count":1,"href":"https:\/\/www.pedagogie.ac-nice.fr\/economie-gestion\/wp-json\/wp\/v2\/posts\/3130\/revisions"}],"predecessor-version":[{"id":3131,"href":"https:\/\/www.pedagogie.ac-nice.fr\/economie-gestion\/wp-json\/wp\/v2\/posts\/3130\/revisions\/3131"}],"wp:attachment":[{"href":"https:\/\/www.pedagogie.ac-nice.fr\/economie-gestion\/wp-json\/wp\/v2\/media?parent=3130"}],"wp:term":[{"taxonomy":"category","embeddable":true,"href":"https:\/\/www.pedagogie.ac-nice.fr\/economie-gestion\/wp-json\/wp\/v2\/categories?post=3130"},{"taxonomy":"post_tag","embeddable":true,"href":"https:\/\/www.pedagogie.ac-nice.fr\/economie-gestion\/wp-json\/wp\/v2\/tags?post=3130"}],"curies":[{"name":"wp","href":"https:\/\/api.w.org\/{rel}","templated":true}]}}