{"id":3277,"date":"2022-06-26T21:38:27","date_gmt":"2022-06-26T19:38:27","guid":{"rendered":"https:\/\/www.pedagogie.ac-nice.fr\/economie-gestion\/?p=3277"},"modified":"2022-06-26T21:38:27","modified_gmt":"2022-06-26T19:38:27","slug":"lettre-ressources-janvier-2022","status":"publish","type":"post","link":"https:\/\/www.pedagogie.ac-nice.fr\/economie-gestion\/2022\/06\/26\/lettre-ressources-janvier-2022\/","title":{"rendered":"Lettre ressources janvier 2022"},"content":{"rendered":"<p><strong><em>Pour les enseignants en STMG principalement, quelques informations (rappels) et ressources documentaires.<\/em><\/strong><\/p>\n<p>Ch\u00e8res et chers coll\u00e8gues,<\/p>\n<p><strong><em>Tout d\u2019abord je vous pr\u00e9sente mes meilleurs v\u0153ux pour cette nouvelle ann\u00e9e&nbsp;!<\/em><\/strong><\/p>\n<ul>\n<li>La plateforme d&rsquo;admission des lyc\u00e9ens dans l&rsquo;enseignement sup\u00e9rieur, PARCOURSUP, est ouverte depuis le 21 d\u00e9cembre 2021&nbsp;<a href=\"http:\/\/www.parcoursup.fr\/\" target=\"_blank\" rel=\"noopener\">parcoursup.fr<\/a><\/li>\n<\/ul>\n<p><strong>Depuis<\/strong>&nbsp;&nbsp;<strong>jeudi 20 janvier 2022<\/strong>,&nbsp;<strong>les \u00e9l\u00e8ves de Terminale peuvent cr\u00e9er leur compte afin de commencer \u00e0 saisir leurs voeux d&rsquo;admission<\/strong>. Ils ont<strong>&nbsp;jusqu\u2019au mardi 29 mars 2022 inclus pour formuler leurs v\u0153ux<\/strong>&nbsp;et jusqu&rsquo;au 07 avril 2022 inclus pour finaliser le dossier et confirmer les v\u0153ux.<\/p>\n<ul>\n<li>\u00ab&nbsp;<strong>La Nuit de l&rsquo;Orientation<\/strong>\u00bb, \u00e9v\u00e8nement d&rsquo;envergure nationale, est organis\u00e9e cette ann\u00e9e pour sa 11e \u00e9dition par une trentaine de Chambres de Commerce et d&rsquo;Industrie.&nbsp; Elle se d\u00e9roulera le&nbsp;<strong>Vendredi 25 f\u00e9vrier de 17h \u00e0 22h&nbsp;Au Palais Consulaire \u2013 20, Bd Carabacel \u00e0 Nice<\/strong><\/li>\n<li>Les documents pr\u00e9sent\u00e9s lors des formations de bassin (<em>r\u00e9alis\u00e9es par Floriana Boyer- Laurence Castanet- Carole Caton-Nicolas Epin- Elisabeth Boutillot<\/em>) sont sur le site acad\u00e9mique dans le bandeau \u00e0 droite ou dans l&rsquo;onglet \u00ab\u00a0pr\u00e9-bac\u00a0\u00bb, puis \u00ab\u00a0r\u00e9novation STMG\u00a0\u00bb, puis Formations STMG.<\/li>\n<\/ul>\n<p><strong>Rappel du lien du site:<\/strong>&nbsp;<a href=\"https:\/\/www.pedagogie.ac-nice.fr\/economie-gestion\/\" target=\"_blank\" rel=\"noopener\">https:\/\/www.pedagogie.ac-nice.fr\/economie-gestion\/<\/a><\/p>\n<ul>\n<li>Ressources documentaires pour vos cours ou pour accompagner les \u00e9l\u00e8ves dans la pr\u00e9paration du grand oral :<\/li>\n<\/ul>\n<p><a href=\"https:\/\/www.editions-tissot.fr\/actualite\/droit-du-travail\/codes-vestimentaires-en-entreprise-la-crise-sanitaire-a-t-elle-change-la-donne\" target=\"_blank\" rel=\"noopener\">&nbsp;Codes vestimentaires en entreprise : la crise sanitaire a-t-elle chang\u00e9 la donne ?<\/a><br \/>\n<em>Depuis la nuit des temps, les diff\u00e9rentes sph\u00e8res d&rsquo;activit\u00e9 ont \u00e9tabli leurs propres codes vestimentaires, comme en t\u00e9moignent notamment les cols blancs (employ\u00e9s de bureau \u00e0 la chemise amidonn\u00e9e) qui ont \u00e9t\u00e9 si longtemps oppos\u00e9s aux cols bleus (ouvriers v\u00eatus d&rsquo;une combinaison de toile bleue<\/em><\/p>\n<p><a href=\"https:\/\/www.editions-tissot.fr\/actualite\/droit-du-travail\/reagir-utilement-aux-prejuges-de-vos-collaborateurs\" target=\"_blank\" rel=\"noopener\">R\u00e9agir utilement aux pr\u00e9jug\u00e9s de vos collaborateurs<\/a><\/p>\n<p><em>Les pr\u00e9jug\u00e9s sont \u00e9mis par un collaborateur dans le but d&rsquo;\u00e9noncer une conviction ou son opinion sur un \u00e9v\u00e8nement ou une t\u00e2che \u00e0 effectuer. Ces pr\u00e9jug\u00e9s ne posent aucun souci d\u00e8s lors qu&rsquo;ils ne remettent pas en cause la motivation de vos collaborateurs. Dans le cas contraire, il devient important d&rsquo;y r\u00e9pondre de fa\u00e7on constructive.<\/em><\/p>\n<p>\ud83d\udcf7&nbsp;<a href=\"https:\/\/www.visualcapitalist.com\/mapped-economic-freedom-around-the-world\/\" target=\"_blank\" rel=\"noopener\">Cartographi\u00e9 : La libert\u00e9 \u00e9conomique dans le monde<\/a><\/p>\n<p><em>Les pierres angulaires de la libert\u00e9 \u00e9conomique par la plupart des mesures sont le choix personnel, l&rsquo;\u00e9change volontaire, l&rsquo;ind\u00e9pendance pour concurrencer sur les march\u00e9s et la s\u00e9curit\u00e9 de la personne et de la propri\u00e9t\u00e9 priv\u00e9e.<\/em><\/p>\n<p><a href=\"https:\/\/www.blogdumoderateur.com\/e-commerce-conseils-optimiser-tunnel-achat\/\" target=\"_blank\" rel=\"noopener\">E-commerce : 10 conseils pour optimiser votre tunnel d&rsquo;achat<\/a><br \/>\n<em>Avant toute chose, rappelons les bases. Qu&rsquo;est-ce qu&rsquo;un tunnel d&rsquo;achat ? Appel\u00e9 aussi tunnel de commande ou encore entonnoir d&rsquo;achat, il correspond au parcours d&rsquo;achat du client, de l&rsquo;arriv\u00e9e sur le site e-commerce jusqu&rsquo;\u00e0 l&rsquo;acte d&rsquo;achat, ou autrement dit : la confirmation d&rsquo;une commande. Voici quelques pr\u00e9cieux conseils pour r\u00e9duire les frictions dans votre tunnel d&rsquo;achat et offrir une meilleure exp\u00e9rience client sur votre site.<\/em><\/p>\n<p><a href=\"https:\/\/www.economie.gouv.fr\/particuliers\/faux-avis-consommateurs-sur-internet\" target=\"_blank\" rel=\"noopener\">Achats en ligne : pouvez-vous faire confiance aux avis post\u00e9s ?<\/a><br \/>\n<em>Les avis en ligne peuvent \u00eatre un bon indicateur concernant la qualit\u00e9 d&rsquo;un bien ou d&rsquo;un service propos\u00e9 sur le web. Retrouvez tous nos conseils pour faire le tri entre les vrais et faux avis avant d&rsquo;acheter<\/em><\/p>\n<p><a href=\"https:\/\/siecledigital.fr\/2021\/12\/20\/differents-formats-publicites-instagram\/\" target=\"_blank\" rel=\"noopener\">Quels sont les diff\u00e9rents formats de publicit\u00e9s Instagram ?<\/a><br \/>\n<em>Avant de cr\u00e9er vos publicit\u00e9s sur Instagram, vous devez avant tout choisir le format publicitaire adapt\u00e9. Zoom sur les diff\u00e9rents formats propos\u00e9s.<\/em><\/p>\n<p><a href=\"https:\/\/www.larevuedudigital.com\/un-chatbot-est-a-placer-au-bon-endroit-dans-le-parcours-client-en-e-commerce\/\" target=\"_blank\" rel=\"noopener\">Un chatbot est \u00e0 placer au bon endroit dans le parcours client en e-commerce<\/a><br \/>\n<em>Deux \u00e9tudes produites par le fran\u00e7ais Botnation, sp\u00e9cialiste de la cr\u00e9ation de chatbot, \u00e0 huit mois d&rsquo;intervalle d\u00e9taillent les attentes des utilisateurs en mati\u00e8re d&rsquo;agents conversationnels plac\u00e9s sur les sites de e-commerce. Les consommateurs en d\u00e9plorent le manque de subtilit\u00e9 mais l&rsquo;utilisent pour des raisons de disponibilit\u00e9.<\/em><\/p>\n<p><a href=\"https:\/\/www.magazine-decideurs.com\/news\/comment-les-outils-collaboratifs-revolutionnent-ils-les-habitudes-de-travail\" target=\"_blank\" rel=\"noopener\">Comment les outils collaboratifs r\u00e9volutionnent-ils les habitudes de travail<\/a><br \/>\n<em>L&rsquo;exp\u00e9rience de la crise sanitaire a profond\u00e9ment boulevers\u00e9 les habitudes de travail : les entreprises ont adopt\u00e9 le t\u00e9l\u00e9travail en un temps record, ont digitalis\u00e9 leurs pratiques et ont massivement eu recours aux solutions collaboratives.<\/em><\/p>\n<p><a href=\"https:\/\/www.francetvinfo.fr\/replay-radio\/c-est-mon-boulot\/un-forfait-teletravail-pour-booster-le-travail-dans-les-espaces-de-coworking_4858225.html\" target=\"_blank\" rel=\"noopener\">Un forfait t\u00e9l\u00e9travail pour booster le travail dans les espaces de coworking<\/a><br \/>\n<em>Une proposition de loi pourrait \u00eatre examin\u00e9 au d\u00e9but de l&rsquo;ann\u00e9e, au mieux, pour une entr\u00e9e en vigueur \u00e0 la fin de 2022.<\/em><\/p>\n<p><a href=\"https:\/\/www.inc-conso.fr\/content\/special-developpement-durable\" target=\"_blank\" rel=\"noopener\">Sp\u00e9cial \u00ab\u00a0D\u00e9veloppement durable\u00a0\u00bb<\/a><br \/>\n<em>Le d\u00e9veloppement durable est une pr\u00e9occupation qui nous concerne tous.<br \/>\nDe l&rsquo;impact du num\u00e9rique sur l&rsquo;environnement, \u00e0 l&rsquo;indice de r\u00e9parabilit\u00e9 des produits, en passant par les \u00e9tiquettes et labels environnementaux, il existe des moyens pour r\u00e9duire notre empreinte carbone.<\/em><\/p>\n<p><a href=\"https:\/\/www.francetvinfo.fr\/economie\/soldes\/a-peine-deballe-votre-cadeau-de-noel-a-un-defaut-voici-comment-faire-jouer-la-garantie_4890355.html\" target=\"_blank\" rel=\"noopener\">\u00c0 peine d\u00e9ball\u00e9, votre cadeau de No\u00ebl a un d\u00e9faut ? Voici comment faire jouer la garantie<\/a><\/p>\n<p><em>Peu de consommateurs le savent, mais il existe une garantie l\u00e9gale de conformit\u00e9 qui s&rsquo;applique sur de nombreux produits neufs ou d&rsquo;occasion. Obligatoire et diff\u00e9rente d&rsquo;une garantie commerciale, elle s&rsquo;applique dans un d\u00e9lai de deux ans aux d\u00e9fauts d\u00e9j\u00e0 pr\u00e9sents \u00e0 la date de livraison du produit.<\/em><br \/>\n<a href=\"https:\/\/www.francetvinfo.fr\/replay-radio\/le-conseil-conso\/franceinfo-conso-les-sept-cactus-du-pire-de-60-millions-de-consommateurs_4225803.html\" target=\"_blank\" rel=\"noopener\">\ud83c\udfa7&nbsp; \u00ab\u00a0Les cactus de la conso\u00a0\u00bb<\/a><br \/>\n<em>Les Cactus de la consommation c&rsquo;est un peu une distribution de bonnets d&rsquo;\u00e2ne. Le magazine \u00ab\u00a060 Millions de consommateurs\u00a0\u00bb \u00e9pingle des entreprises, des marques qui ont abus\u00e9 leurs clients d&rsquo;une mani\u00e8re ou d&rsquo;une autre<\/em><\/p>\n<p><a href=\"https:\/\/www.blogdumoderateur.com\/rapport-tendances-pme-salesforce-2022\/\" target=\"_blank\" rel=\"noopener\">La crise sanitaire, vecteur d&rsquo;un changement profond dans le rapport des PME au digital<\/a><br \/>\n&nbsp;<em>Face \u00e0 la crise sanitaire, comment se sont organis\u00e9es les PME ? Comment le digital et la technologie les aident-elles \u00e0 continuer \u00e0 se d\u00e9velopper ? Pour le savoir, Salesforce a r\u00e9alis\u00e9 une enqu\u00eate en ligne via The Harris Poll aupr\u00e8s de 2 534 propri\u00e9taires et dirigeants d&rsquo;entreprises de 2 \u00e0 200 salari\u00e9s, en Am\u00e9rique du Nord, en Am\u00e9rique latine, en Am\u00e9rique du Sud, en Europe et en Asie-Pacifique.<\/em><\/p>\n<p><a href=\"https:\/\/www.lesechos.fr\/economie-france\/conjoncture\/la-forte-inflation-ampute-le-pouvoir-dachat-des-francais-alertent-les-economistes-1378768\" target=\"_blank\" rel=\"noopener\">La forte inflation ampute le pouvoir d&rsquo;achat des Fran\u00e7ais, alertent les \u00e9conomistes<\/a><br \/>\n<em>La commission des Finances du S\u00e9nat a auditionn\u00e9 ce mercredi plusieurs \u00e9conomistes sur \u00ab les perspectives et les cons\u00e9quences \u00e0 moyen terme \u00bb de la forte hausse des prix en France. La question du pouvoir d&rsquo;achat des m\u00e9nages a \u00e9t\u00e9 longuement \u00e9voqu\u00e9e. Illustration de l&rsquo;article avec des podcasts<\/em><\/p>\n<p><a href=\"https:\/\/www.francetvinfo.fr\/economie\/commerce\/video-baguette-a-29-centimes-chez-leclerc-un-boulanger-a-30-centimes-pendant-quatre-mois-il-est-mort-denonce-la-profession_4914993.html\" target=\"_blank\" rel=\"noopener\">Les perspectives et les cons\u00e9quences \u00e0 moyen terme \u00bb de la forte hausse des prix en France<\/a><br \/>\n<em>\u00ab\u00a0On est vent debout, on est tr\u00e8s en col\u00e8re\u00a0\u00bb, a r\u00e9agi vivement jeudi 13 janvier sur franceinfo Dominique Anract, pr\u00e9sident de la Conf\u00e9d\u00e9ration de la boulangerie-p\u00e2tisserie fran\u00e7aise alors que les magasins Leclerc annoncent \u00e0 grand renfort de publicit\u00e9 que la baguette de pain sera vendu au prix imbattable de 29 centimes pendant quatre mois. Il d\u00e9nonce \u00ab\u00a0une concurrence d\u00e9loyale\u00a0\u00bb et \u00ab\u00a0un gros coup de com\u00a0\u00bb qui \u00ab\u00a0peut faire du mal aux boulangeries, notamment dans des villages\u00a0\u00bb<\/em><\/p>\n<p><a href=\"https:\/\/www.editions-tissot.fr\/actualite\/sante-securite\/pour-leur-securite-coquez-les-pieds-de-vos-salaries\" target=\"_blank\" rel=\"noopener\">Pour leur s\u00e9curit\u00e9, coquez les pieds de vos salari\u00e9s !<\/a><br \/>\n<em>Dans un r\u00e9cent arr\u00eat, la Cour de cassation a rappel\u00e9 que l&#8217;employeur a l&rsquo;obligation de fournir des chaussures de s\u00e9curit\u00e9 \u00e0 ses salari\u00e9s d\u00e8s lors qu&rsquo;elles prot\u00e8gent contre un risque auquel ceux-ci sont expos\u00e9s. A partir de la situation concern\u00e9e par le jugement, d\u00e9couvrez-en davantage sur le risque de chute d&rsquo;objet.<\/em><\/p>\n<p><a href=\"https:\/\/fr.statista.com\/infographie\/26581\/pouvoir-achat-2022-part-de-la-population-qui-pense-que-les-prix-augmenteront-plus-vite-que-les-salaires\/\" target=\"_blank\" rel=\"noopener\">\ud83d\udcf7&nbsp;Un pouvoir d&rsquo;achat menac\u00e9 en 2022 ?<\/a><br \/>\n<em>\u00c0 quoi faut-il s&rsquo;attendre sur le plan \u00e9conomique pour l&rsquo;ann\u00e9e 2022 ?<\/em><\/p>\n<p><a href=\"https:\/\/fr.statista.com\/infographie\/26543\/evolution-pib-pays-ocde-pandemie-covid\/\" target=\"_blank\" rel=\"noopener\">Les gagnants et les perdants \u00e9conomiques de la pand\u00e9mie<\/a><br \/>\n<em>Alors que la pand\u00e9mie du Covid-19 est toujours en cours, la plupart des \u00e9conomies des pays de l&rsquo;OCDE ont commenc\u00e9 \u00e0 se remettre des effets de 2020. Selon les donn\u00e9es collect\u00e9es par The Economist, l&rsquo;Irlande a \u00e9t\u00e9 le pays ayant connu la plus forte hausse du PIB entre le quatri\u00e8me trimestre 2019 et le troisi\u00e8me trimestre 2021, augmentant son produit int\u00e9rieur brut de 22,3%<\/em><\/p>\n<p><a href=\"https:\/\/www.mediametrie.fr\/sites\/default\/files\/2021-11\/2021%2011%2025%20CP%20M%C3%A9diam%C3%A9trie%20FEVAD%20T3%202021_0.pdf\" target=\"_blank\" rel=\"noopener\">Barom\u00e8tre trimestriel de l&rsquo;audience du e-commerce en France &#8211; 3\u00e8me trimestre 2021<\/a><br \/>\nAchats en ligne et modes de livraison, Intentions d&rsquo;achats en ligne Black Friday\/Cyber Monday et Intentions d&rsquo;achats de No\u00ebl<\/p>\n<p><a href=\"https:\/\/www.mesquestionsdargent.fr\/pages\/pourquoi-ce-site\" target=\"_blank\" rel=\"noopener\">Mes questions d&rsquo;argent<\/a><\/p>\n<p><em>La Banque de France met \u00e0 disposition un portail d&rsquo;information sur les questions li\u00e9es \u00e0 l&rsquo;argent.<\/em><\/p>\n<ul>\n<li><a href=\"https:\/\/www.mesquestionsdargent.fr\/epargne-et-placements\/les-bases-de-l-epargne\" target=\"_blank\" rel=\"noopener\">Base de l&rsquo;\u00e9pargne<\/a><\/li>\n<li><a href=\"https:\/\/www.mesquestionsdargent.fr\/compte-bancaire\/autres-moyens-de-paiement\" target=\"_blank\" rel=\"noopener\">Conna\u00eetre les autres moyens de paiement<\/a><\/li>\n<\/ul>\n<p><a href=\"https:\/\/www.arte.tv\/fr\/videos\/094926-001-A\/emoji-nation-1-3\/\" target=\"_blank\" rel=\"noopener\">\ud83d\udcf7Arte &#8211; \u00c9moji Nation<\/a><\/p>\n<p><em>Une mini-s\u00e9rie en 3 \u00e9pisodes de 20 minComment les emojis ont conquis le monde ? \u00ab\u00a0Voir grand, commencer petit.\u00a0\u00bb C&rsquo;est sans doute ce qu&rsquo;ils r\u00e9pondraient s&rsquo;ils pouvaient parler. Nous avons donc pos\u00e9 la question \u00e0 leurs cr\u00e9ateurs : de Shigetaka Kurita, designer des premiers \u00e9mojis, \u00e0 Rayouf Alhumedhi \u00e0 l&rsquo;origine de l&#8217;emoji hijab<\/em><\/p>\n<p><a href=\"https:\/\/www.usine-digitale.fr\/article\/est-ce-la-fin-de-google-analytics-en-europe.N1773702\" target=\"_blank\" rel=\"noopener\">Est-ce la fin de Google Analytics en Europe ?<\/a><br \/>\n<em>La version actuelle de Google Analytics ne convient pas \u00e0 l&rsquo;autorit\u00e9 autrichienne de la protection des donn\u00e9es, qui la juge non conforme au RGPD. R\u00e9agissant \u00e0 cette d\u00e9cision, son homologue n\u00e9erlandais \u2013 qui enqu\u00eate sur l&rsquo;utilisation de cet outil \u2013 alerte sur la possibilit\u00e9 que Google Analytics ne soit plus autoris\u00e9 en Europe. Ce sont les transferts de donn\u00e9es personnelles des Europ\u00e9ens vers les Etats-Unis qui constituent le coeur de ces proc\u00e9dures.<\/em><\/p>\n<p>\ud83d\udcfaUn brin d&rsquo;humour pour sensibiliser aux cybetattaques [<a href=\"https:\/\/youtu.be\/8EomYZ2xGb0\" target=\"_blank\" rel=\"noopener\">vid\u00e9o<\/a>]<\/p>\n<p><a href=\"https:\/\/youtu.be\/Cl9ixUM5D5I\" target=\"_blank\" rel=\"noopener\">\ud83d\udc4d&nbsp;Connecte ta bo\u00eete &#8211; Le magasin de jouets de Delphine<\/a><\/p>\n<p><em>Delphine tient un magasin de jouets dans les Pyr\u00e9n\u00e9es Atlantiques. Les experts de l&rsquo;\u00e9mission vont l&rsquo;aider \u00e0 gagner du temps, \u00e0 d\u00e9mat\u00e9rialiser ses documents, \u00e0 fid\u00e9liser ses clients et d\u00e9velopper les ventes de son site internet.<\/em><\/p>\n<p><a href=\"https:\/\/business.lesechos.fr\/entrepreneurs\/marketing-vente\/0700725409206-inflation-bien-rediger-ses-devis-pour-pouvoir-reviser-ses-prix-346744.php\" target=\"_blank\" rel=\"noopener\">Inflation : bien r\u00e9diger ses devis pour pouvoir r\u00e9viser ses prix<\/a><br \/>\n<em>Face \u00e0 la hausse du prix des mati\u00e8res premi\u00e8res, des transports et de l&rsquo;\u00e9nergie, certaines entreprises voient fondre leurs marges. D&rsquo;autres sont contraintes d&rsquo;augmenter leurs prix. Pour \u00e9viter tout litige avec ses clients et fournisseurs, mieux vaut bien r\u00e9diger ses devis et contrats !<\/em><\/p>\n<p><a href=\"https:\/\/www.francetvinfo.fr\/economie\/emploi\/video-salaries-contents-de-venir-au-travail-benefices-quadruples-pour-cette-entreprise-la-semaine-de-quatre-jours-serait-elle-la-formule-magique_4922563.html\" target=\"_blank\" rel=\"noopener\">Salari\u00e9s \u00ab\u00a0contents de venir au travail\u00a0\u00bb, b\u00e9n\u00e9fices quadrupl\u00e9s pour cette entreprise&#8230; la semaine de quatre jours serait-elle la formule magique ?<\/a><br \/>\n<em>A l&rsquo;heure o\u00f9 la pand\u00e9mie a modifi\u00e9 le rapport au travail des Fran\u00e7ais, les entreprises sont-elles pr\u00eates \u00e0 leur proposer la semaine de quatre jours ? Celles qui osent le passage aux 32 heures pay\u00e9es 35 restent encore rares&#8230; Et pourtant, dans cette soci\u00e9t\u00e9 lyonnaise o\u00f9 s&rsquo;est rendu \u00ab\u00a0Envoy\u00e9 sp\u00e9cial\u00a0\u00bb, les salari\u00e9s comme le patron ne sont pas loin d&rsquo;y voir \u00ab\u00a0la formule magique\u00a0\u00bb.<\/em><\/p>\n<p><a href=\"https:\/\/business.lesechos.fr\/entrepreneurs\/management\/cercle-223100-teletravail-5-fausses-croyances-a-depasser-346717.php\" target=\"_blank\" rel=\"noopener\">Le t\u00e9l\u00e9travail est un accord gagnant-gagnant pour l&rsquo;entreprise et le salari\u00e9<\/a><br \/>\n<em>OPINION &#8211; Innovation, contr\u00f4le, productivit\u00e9&#8230; Matthieu Poirot, psychologue et docteur en gestion, d\u00e9construit cinq contre-v\u00e9rit\u00e9s sur le travail \u00e0 distance.<br \/>\nLe t\u00e9l\u00e9travail est un accord gagnant-gagnant pour l&rsquo;entreprise et le salari\u00e9. Les entreprises peuvent ainsi recruter dans diff\u00e9rents bassins d&#8217;emploi et faire baisser les co\u00fbts aff\u00e9rents aux locaux et transports. Il n&rsquo;y aura pas de retour en arri\u00e8re sur cette r\u00e9volution.<\/em><\/p>\n<p><a href=\"https:\/\/www.francetvinfo.fr\/replay-radio\/c-est-mon-boulot\/emploi-neuf-recruteurs-sur-dix-prevoient-d-embaucher-en-2022_4907161.html\" target=\"_blank\" rel=\"noopener\">Emploi : neuf recruteurs sur dix pr\u00e9voient d&#8217;embaucher en 2022<\/a><br \/>\n<em>Selon la toute derni\u00e8re \u00e9tude men\u00e9e par le site d&#8217;emploi Monster, pas moins de neuf recruteurs sur dix, 91% exactement, comptent bien signer de nouveaux contrats de travail cette ann\u00e9e. C&rsquo;est un bond de neuf points par rapport \u00e0 l&rsquo;an dernier. Ils ne sont que 8% \u00e0 avoir l&rsquo;intention de geler les embauches. Ils \u00e9taient 18% dans ce cas l&rsquo;an dernier.<\/em><\/p>\n<p><a href=\"https:\/\/business.lesechos.fr\/entrepreneurs\/ressources-humaines\/0700518356321-sport-en-entreprise-une-exoneration-de-cotisations-sociales-346644.php\" target=\"_blank\" rel=\"noopener\">Sport en entreprise : une exon\u00e9ration de cotisations sociales<\/a><br \/>\n<em>Monter une \u00e9quipe de rugby avec vos salari\u00e9s ou am\u00e9nager une salle de sport dans vos locaux&#8230; Ces investissements, bons pour la sant\u00e9 et la coh\u00e9sion, peuvent \u00eatre exon\u00e9r\u00e9s de cotisations sociales depuis peu.<\/em><\/p>\n<p><a href=\"https:\/\/www.republik-retail.fr\/strategie-retail\/concepts\/decouvrez-ochama-le-nouveau-concept-de-magasin-robotise-de-jd-com.html\" target=\"_blank\" rel=\"noopener\">D\u00e9couvrez Ochama, le nouveau concept de magasin robotis\u00e9 de JD.com ouvert aux Pays-Bas<\/a><\/p>\n<p><em>JD.com a inaugur\u00e9 deux nouveaux magasins robotis\u00e9s aux Pays-Bas qui proposent le retrait de commandes e-commerce, mixant omnicanal et fun. Pr\u00e9sentation.<\/em><\/p>\n<p><em>\u00ab Avec notre riche exp\u00e9rience dans le retail et les technologies logistiques de pointe que l&rsquo;entreprise a accumul\u00e9es au fil des ans, nous aspirons \u00e0 cr\u00e9er un format d&rsquo;achat sans pr\u00e9c\u00e9dent pour les clients en Europe avec de meilleurs prix et un meilleur service \u00bb, a d\u00e9clar\u00e9 Pass Lei, general manager d&rsquo;Ochama au sein de JD Worldwide, dans le communiqu\u00e9 d&rsquo;annonce.<\/em><\/p>\n<p><a href=\"https:\/\/www.republik-retail.fr\/solutions-techno\/omnicanal\/picard-relance-le-deploiement-de-ses-snackbars-connectes.html\" target=\"_blank\" rel=\"noopener\">Picard relance le d\u00e9ploiement de ses snackbars connect\u00e9s<\/a><br \/>\n<em>\u00ab Le d\u00e9veloppement des snackbars connect\u00e9s est un \u00e9l\u00e9ment cl\u00e9 de notre strat\u00e9gie de diversification, dans le cadre de notre plan de croissance Proxima, explique Cathy Collart Geiger, pr\u00e9sidente directrice g\u00e9n\u00e9rale de Picard. Cette solution nous permet de nous rapprocher encore un peu plus de nos clients, en nous implantant directement sur leurs lieux d&rsquo;activit\u00e9.&nbsp;<\/em>\u00bb<\/p>\n<p><a href=\"https:\/\/business.lesechos.fr\/entrepreneurs\/marketing-vente\/0700490746015-offres-speciales-promo-soldes-6-conseils-de-vente-pour-liquider-vos-stocks-346255.php#utm_source=newsletter&amp;utm_medium=email&amp;utm_campaign=nl_lee_hebdo&amp;utm_content=20220116&amp;xtor=EPR-6135-[20220116]\" target=\"_blank\" rel=\"noopener\">Soldes, offres sp\u00e9ciales, promo : 6 conseils de vente pour liquider vos stocks<\/a><br \/>\nL<em>a raret\u00e9 et l&rsquo;urgence sont deux ressorts psychologiques essentiels \u00e0 utiliser pour vos promotions. Mais tout le \u00ab packaging \u00bb de l&rsquo;offre sp\u00e9ciale doit \u00e9galement \u00eatre soign\u00e9.<\/em><\/p>\n<p>Les 20 g\u00e9ants de l&rsquo;Internet qui dominent le Web (1998 \u00e0 aujourd&rsquo;hui) [<a href=\"https:\/\/www.visualcapitalist.com\/20-internet-giants-rule-web\/\" target=\"_blank\" rel=\"noopener\">Infographie<\/a>]<\/p>\n<p><a href=\"https:\/\/www.blogdumoderateur.com\/instagram-devance-tiktok-application-plus-telechargee-fin-2021\/\" target=\"_blank\" rel=\"noopener\">Instagram devance TikTok et devient l&rsquo;application la plus t\u00e9l\u00e9charg\u00e9e dans le monde fin 2021<\/a><br \/>\n<em>C&rsquo;est avec une hausse de 10 % du nombre de t\u00e9l\u00e9chargements, par rapport au troisi\u00e8me trimestre 2021, qu&rsquo;Instagram devance TikTok dans le classement des applications les plus t\u00e9l\u00e9charg\u00e9es dans le monde. Sensor Tower souligne ainsi qu&rsquo;il s&rsquo;agit du meilleur trimestre de l&rsquo;application du groupe Meta depuis 2014 et seulement la seconde fois en 2 ans que TikTok n&rsquo;est pas en t\u00eate de ce classement.<\/em><\/p>\n<p><a href=\"https:\/\/www.blogdumoderateur.com\/marketing-automation-etapes-cles-realiser-campagne-efficace\/\" target=\"_blank\" rel=\"noopener\">Marketing automation : 6 \u00e9tapes cl\u00e9s pour r\u00e9aliser une campagne efficace<\/a><br \/>\n<em>D\u00e9couvrez les \u00e9tapes essentielles qui permettent de cr\u00e9er une campagne de marketing automation optimale.<\/em><\/p>\n<p><a href=\"https:\/\/lehub.laposte.fr\/tendance\/vite-clients-veulent-gagner-temps\" target=\"_blank\" rel=\"noopener\">Vite ! Les clients veulent gagner du temps<\/a><br \/>\n<em>Des courses livr\u00e9es dans le r\u00e9frig\u00e9rateur, des commandes qui arrivent en 15 minutes, des paiements facilit\u00e9s, des personal shoppers qui se rendent en magasin \u00e0 la place du client&#8230; Les initiatives se multiplient pour faire gagner du temps aux consommateurs. Le temps devient une denr\u00e9e pr\u00e9cieuse qui permet de fid\u00e9liser. Une Tendance \u00e0 lire sans attendre<\/em><\/p>\n<p><a href=\"https:\/\/www.usine-digitale.fr\/article\/etude-ou-en-sont-les-entreprises-francaises-en-matiere-de-cybersecurite.N1774277\" target=\"_blank\" rel=\"noopener\">O\u00f9 en sont les entreprises fran\u00e7aises en mati\u00e8re de cybers\u00e9curit\u00e9 ?<\/a><br \/>\n<em>\u00c9tude Alors que les attaques informatiques se multiplient, et en particulier les ransomwares, les entreprises fran\u00e7aises augmentent leur niveau de vigilance, d&rsquo;apr\u00e8s un sondage du CESIN. Les budgets d\u00e9di\u00e9s \u00e0 la cybers\u00e9curit\u00e9 sont en hausse, de m\u00eame que le nombre de campagnes de sensibilisation.<\/em><br \/>\n<a href=\"https:\/\/bit.ly\/3HbGPNj\" target=\"_blank\" rel=\"noopener\">\ud83d\udcfa&nbsp;ARTE &#8211; Les r\u00e9seaux sociaux<\/a><\/p>\n<p><em>De courtes vid\u00e9os pour illustrer les r\u00e9seaux sociaux<\/em><\/p>\n<p>\ud83d\udcfa\ud83c\udfa7<a href=\"http:\/\/www.cerpeg.fr\/cerpeg\/index.php\/menu-accueil-ressources\/mediatheque\/491-reportage-audio-commerce\" target=\"_blank\" rel=\"noopener\">Des reportages pour illustrer le commerce<\/a><br \/>\n<em>Les reportages audio ou vid\u00e9o sont courts et informatifs, ils permettent d&rsquo;apprendre \u00e0 mieux \u00e9couter l&rsquo;actualit\u00e9.<\/em><\/p>\n<p><em>&nbsp;<\/em><\/p>\n<p>Elisabeth Boutillot<\/p>\n","protected":false},"excerpt":{"rendered":"<p>Pour les enseignants en STMG principalement, quelques informations (rappels) et ressources documentaires. Ch\u00e8res et chers coll\u00e8gues, Tout d\u2019abord je vous<\/p>\n","protected":false},"author":205,"featured_media":0,"comment_status":"closed","ping_status":"closed","sticky":false,"template":"","format":"standard","meta":{"colormag_page_container_layout":"default_layout","colormag_page_sidebar_layout":"default_layout","ngg_post_thumbnail":0,"footnotes":""},"categories":[1],"tags":[],"class_list":["post-3277","post","type-post","status-publish","format-standard","hentry","category-non-classe"],"rttpg_featured_image_url":null,"rttpg_author":{"display_name":"Estelle REGIS","author_link":"https:\/\/www.pedagogie.ac-nice.fr\/economie-gestion\/author\/stmgadmin1\/"},"rttpg_comment":0,"rttpg_category":"<a href=\"https:\/\/www.pedagogie.ac-nice.fr\/economie-gestion\/category\/non-classe\/\" rel=\"category tag\">Non class\u00e9<\/a>","rttpg_excerpt":"Pour les enseignants en STMG principalement, quelques informations (rappels) et ressources documentaires. Ch\u00e8res et chers coll\u00e8gues, Tout d\u2019abord je vous","post_mailing_queue_ids":[],"_links":{"self":[{"href":"https:\/\/www.pedagogie.ac-nice.fr\/economie-gestion\/wp-json\/wp\/v2\/posts\/3277","targetHints":{"allow":["GET"]}}],"collection":[{"href":"https:\/\/www.pedagogie.ac-nice.fr\/economie-gestion\/wp-json\/wp\/v2\/posts"}],"about":[{"href":"https:\/\/www.pedagogie.ac-nice.fr\/economie-gestion\/wp-json\/wp\/v2\/types\/post"}],"author":[{"embeddable":true,"href":"https:\/\/www.pedagogie.ac-nice.fr\/economie-gestion\/wp-json\/wp\/v2\/users\/205"}],"replies":[{"embeddable":true,"href":"https:\/\/www.pedagogie.ac-nice.fr\/economie-gestion\/wp-json\/wp\/v2\/comments?post=3277"}],"version-history":[{"count":1,"href":"https:\/\/www.pedagogie.ac-nice.fr\/economie-gestion\/wp-json\/wp\/v2\/posts\/3277\/revisions"}],"predecessor-version":[{"id":3278,"href":"https:\/\/www.pedagogie.ac-nice.fr\/economie-gestion\/wp-json\/wp\/v2\/posts\/3277\/revisions\/3278"}],"wp:attachment":[{"href":"https:\/\/www.pedagogie.ac-nice.fr\/economie-gestion\/wp-json\/wp\/v2\/media?parent=3277"}],"wp:term":[{"taxonomy":"category","embeddable":true,"href":"https:\/\/www.pedagogie.ac-nice.fr\/economie-gestion\/wp-json\/wp\/v2\/categories?post=3277"},{"taxonomy":"post_tag","embeddable":true,"href":"https:\/\/www.pedagogie.ac-nice.fr\/economie-gestion\/wp-json\/wp\/v2\/tags?post=3277"}],"curies":[{"name":"wp","href":"https:\/\/api.w.org\/{rel}","templated":true}]}}