{"id":3379,"date":"2023-05-10T14:10:06","date_gmt":"2023-05-10T12:10:06","guid":{"rendered":"https:\/\/www.pedagogie.ac-nice.fr\/economie-gestion\/?p=3379"},"modified":"2023-05-10T14:10:06","modified_gmt":"2023-05-10T12:10:06","slug":"avril-2023","status":"publish","type":"post","link":"https:\/\/www.pedagogie.ac-nice.fr\/economie-gestion\/2023\/05\/10\/avril-2023\/","title":{"rendered":"avril 2023"},"content":{"rendered":"<p><strong><em>Pour les enseignants en STMG principalement, quelques informations et ressources documentaires.<\/em><\/strong><\/p>\n<p>Ch\u00e8res et chers coll\u00e8gues,<\/p>\n<p>Voici le lien pour retrouver l&rsquo;ensemble des&nbsp;<strong>sujets des enseignements de sp\u00e9cialit\u00e9 de la session mars 2023<\/strong><\/p>\n<p><a href=\"https:\/\/www.education.gouv.fr\/reussir-au-lycee\/bac-2023-les-sujets-des-epreuves-ecrites-de-specialite-357743\" target=\"_blank\" rel=\"noopener\">https:\/\/www.education.gouv.fr\/reussir-au-lycee\/bac-2023-les-sujets-des-epreuves-ecrites-de-specialite-357743<\/a><\/p>\n<p>Quelques ressources documentaires qui pourraient vous int\u00e9resser :<\/p>\n<p><a href=\"https:\/\/imss91-ctp.trendmicro.com\/wis\/clicktime\/v1\/query?url=https%3a%2f%2fwww.editions%2dtissot.fr%2factualite%2fdroit%2ddu%2dtravail%2frgdp%2dla%2dcnil%2dpublie%2dun%2dguide%2dpour%2dles%2drecruteurs&amp;umid=E492E011-F4B8-1605-B6FB-A39448781568&amp;auth=ad5d1f4e78d7393a50d77a7acd54f2690c4d4fe6-29ffbb799d490fea73679c745c912cce50bb3475\" target=\"_blank\" rel=\"noopener\">RGPD : la CNIL publie un guide pour les recruteurs<\/a><br \/>\n<em>Avec l&rsquo;essor des nouvelles technologies, les canaux de recrutement et les outils d&rsquo;\u00e9valuation des candidats se sont multipli\u00e9s. Mais toutes ces donn\u00e9es recueillies par les recruteurs doivent respecter le RGPD. La CNIL publie un guide qui rappelle les fondements en mati\u00e8re de recrutement. Pour les TPE-PME, elle propose \u00e9galement une synth\u00e8se de questions-r\u00e9ponses incontournables en mati\u00e8re de recrutement, ainsi qu&rsquo;un questionnaire d&rsquo;auto-\u00e9valuation au RGPD<\/em>.<\/p>\n<p><a href=\"https:\/\/culture-rh.com\/hyperconnexion\/\" target=\"_blank\" rel=\"noopener\">Hyperconnexion : quels risques pour vos salari\u00e9s ?<\/a><br \/>\n<em>T\u00e9l\u00e9travail et travail hybride ont fortement boulevers\u00e9 les modes de fonctionnement des salari\u00e9s. L&rsquo;hyperconnexion, li\u00e9e \u00e0 un trop grand nombre de mails et de r\u00e9unions, peut avoir des effets tr\u00e8s n\u00e9fastes sur la QVT.&nbsp;10% des salari\u00e9s expos\u00e9s \u00e0 des risques de fatigue cognitive accrue, \u00e0 cause de l&rsquo;hyperconnexion. Cela peut para\u00eetre peu, mais c&rsquo;est d\u00e9j\u00e0 trop.<\/em><\/p>\n<p><a href=\"https:\/\/imss91-ctp.trendmicro.com\/wis\/clicktime\/v1\/query?url=https%3a%2f%2fwerecruit.com%2fblog%2fretour%2dsur%2dles%2dcampagnes%2dde%2drecrutement%2doriginales&amp;umid=E492E011-F4B8-1605-B6FB-A39448781568&amp;auth=ad5d1f4e78d7393a50d77a7acd54f2690c4d4fe6-261a2ea19b66d94a5d973675ef4df3b02374dd48\" target=\"_blank\" rel=\"noopener\">Retour sur les campagnes de recrutement originales de 2022<\/a><br \/>\n<em>Face au manque de candidatures et aux postes vacants, les entreprises rivalisent d&rsquo;originalit\u00e9 dans leurs campagnes de recrutement.<\/em><\/p>\n<p><em>Quelques ingr\u00e9dients semblent incontournables : le format vid\u00e9o, la proximit\u00e9 recherch\u00e9e avec le candidat, l&rsquo;humour, les r\u00e9seaux sociaux et de nouvelles plateformes (TikTok, Metavers)<\/em><br \/>\n<a href=\"https:\/\/eurogip.fr\/espagne-la-chute-dun-teletravailleur-dans-sa-cuisine-pour-boire-de-leau-reconnue-en-at\/\" target=\"_blank\" rel=\"noopener\">La chute d&rsquo;un t\u00e9l\u00e9travailleur dans sa cuisine pour boire de l&rsquo;eau reconnue en AT<\/a><br \/>\n<em>En deuxi\u00e8me instance, le Tribunal sup\u00e9rieur de justice de Madrid a, dans un arr\u00eat, reconnu comme un accident du travail (AT) la blessure dont a \u00e9t\u00e9 victime un t\u00e9l\u00e9travailleur dans la cuisine de son domicile alors qu&rsquo;il buvait de l&rsquo;eau<\/em><\/p>\n<p><a href=\"https:\/\/www.visualcapitalist.com\/mapped-2023-inflation-forecasts-by-country\/\" target=\"_blank\" rel=\"noopener\">Carte des pr\u00e9visions d&rsquo;inflation 2023 par pays<\/a><br \/>\n<em>L&rsquo;inflation a bondi \u00e0 l&rsquo;\u00e9chelle mondiale en 2022, atteignant des niveaux records dans de nombreux pays. Pourrait-il enfin s&rsquo;att\u00e9nuer en 2023 ?<\/em><\/p>\n<p><a href=\"https:\/\/www.lesechos.fr\/industrie-services\/conso-distribution\/legumes-la-dependance-de-la-france-aux-importations-de-surgeles-et-conserves-saggrave-1905531\" target=\"_blank\" rel=\"noopener\">L\u00e9gumes : la d\u00e9pendance de la France aux importations s&rsquo;aggrave<\/a><br \/>\n<em>Pr\u00e8s des deux tiers des l\u00e9gumes en conserve et surgel\u00e9s consomm\u00e9s en France sont import\u00e9s. Un s\u00e9rieux accroc \u00e0 la souverainet\u00e9 alimentaire.<\/em><\/p>\n<p><a href=\"https:\/\/www.lesechos.fr\/tech-medias\/hightech\/telephones-subventionnes-bouygues-perd-la-premiere-manche-face-a-free-1905555\" target=\"_blank\" rel=\"noopener\">T\u00e9l\u00e9phones subventionn\u00e9s : Bouygues perd la premi\u00e8re manche face \u00e0 Free<\/a><br \/>\n<em>L&rsquo;op\u00e9rateur de Martin Bouygues a \u00e9t\u00e9 condamn\u00e9 jeudi \u00e0 verser \u00e0 Free 308 millions d&rsquo;euros de dommages et int\u00e9r\u00eat. Son rival l&rsquo;avait accus\u00e9 de faire du cr\u00e9dit \u00e0 la consommation d\u00e9guis\u00e9 en vendant des smartphones coupl\u00e9s avec des forfaits. Bouygues a fait appel.<\/em><\/p>\n<p><a href=\"https:\/\/comarketing-news.fr\/conso-quand-les-decisions-dachat-se-mettent-au-vert\/\" target=\"_blank\" rel=\"noopener\">Conso : quand les d\u00e9cisions d&rsquo;achat se mettent au vert<\/a><br \/>\n<em>Si l&rsquo;environnement prend de plus en plus de place dans le choix des consommateurs, ceux-ci ne sont pas dupes du greenwashing de certaines marques<\/em><\/p>\n<p><a href=\"https:\/\/siecledigital.fr\/2023\/02\/06\/boolv-outil-transformer-pages-produit-videos-promotionnelles\/\" target=\"_blank\" rel=\"noopener\">Boolv, l&rsquo;outil pour transformer des pages produit en vid\u00e9os promotionnelles<\/a><br \/>\n<em>L&rsquo;outil utilise une intelligence artificielle (IA) pour acc\u00e9l\u00e9rer le processus de cr\u00e9ation.<\/em><\/p>\n<p><a href=\"https:\/\/www.codeur.com\/blog\/tendances-branding\" target=\"_blank\" rel=\"noopener\">7 grandes tendances 2023 pour un branding efficace<\/a><\/p>\n<p><em>Le branding est ce qui d\u00e9finit votre entreprise et surtout, c&rsquo;est un facteur de diff\u00e9renciation tr\u00e8s fort envers la concurrence.<\/em><\/p>\n<p><a href=\"https:\/\/comarketing-news.fr\/chatgpt-un-nouvelle-ere-pour-le-referencement\/\" target=\"_blank\" rel=\"noopener\">ChatGPT : un nouvelle \u00e8re pour le r\u00e9f\u00e9rencement ?<\/a><br \/>\n<em>Que ChatGPT fascine, intrigue ou inqui\u00e8te, cette nouvelle utilisation de l&rsquo;IA aura sans aucun doute un \u00e9norme impact sur notre fa\u00e7on d&rsquo;utiliser le web&#8230;<\/em><\/p>\n<p>Infographie &#8211;&nbsp;<a href=\"https:\/\/fr.statista.com\/infographie\/29187\/temps-qu-il-a-fallu-a-certains-services-plateformes-en-ligne-pour-atteindre-1-million-utilisateurs\/\" target=\"_blank\" rel=\"noopener\">ChatGPT a attir\u00e9 un million d&rsquo;utilisateurs en cinq jours. Qu&rsquo;en est-il d&rsquo;autres plateformes populaires ?<\/a><\/p>\n<p><em>Ce robot conversationnel bas\u00e9 sur l&rsquo;intelligence artificielle peut produire des textes semblables \u00e0 ceux \u00e9crits par des humains. Il est utilis\u00e9 pour toutes sortes d&rsquo;usages : r\u00e9daction d&rsquo;articles, de po\u00e8mes ou de travaux universitaires, mais \u00e9galement la traduction, l&rsquo;\u00e9criture de code informatique et la r\u00e9solution d&rsquo;\u00e9quation math\u00e9matique.<\/em><\/p>\n<p><a href=\"https:\/\/www.blogdumoderateur.com\/google-devoile-bard\/\" target=\"_blank\" rel=\"noopener\">Google d\u00e9voile Bard, sa r\u00e9ponse \u00e0 ChatGPT<\/a><br \/>\n<em>Google montre comment son moteur de recherche va \u00e9voluer gr\u00e2ce aux progr\u00e8s de l&rsquo;intelligence artificielle.<\/em><\/p>\n<p><a href=\"https:\/\/www.blogdumoderateur.com\/classement-reseaux-sociaux-france-2023\/\" target=\"_blank\" rel=\"noopener\">Les r\u00e9seaux sociaux les plus utilis\u00e9s en France : le classement 2023<\/a><br \/>\n<em>Comment \u00e9voluent les usages des plateformes sociales en France ? On fait le point sur le classement et les chiffres cl\u00e9s !<\/em><\/p>\n<p><a href=\"https:\/\/start.lesechos.fr\/travailler-mieux\/vie-entreprise\/ces-entreprises-mettent-en-place-des-conciergeries-pour-faciliter-le-quotidien-de-leurs-salaries-1908439\" target=\"_blank\" rel=\"noopener\">Ces entreprises mettent en place des conciergeries pour faciliter le quotidien de leurs salari\u00e9s<\/a><br \/>\n<em>Coiffeur, pressing, paniers de fruits et l\u00e9gumes&#8230; Les conciergeries d&rsquo;entreprise proposent une multitude de services aux salari\u00e9s sur leur lieu de travail. Un syst\u00e8me qui permet de faciliter le quotidien des salari\u00e9s et de leur faire gagner du temps. Pour les employeurs, mettre en place une conciergerie est un atout pour recruter et fid\u00e9liser leurs effectifs.<\/em><\/p>\n<p><a href=\"https:\/\/start.lesechos.fr\/travailler-mieux\/flexibilite-au-travail\/semaine-de-quatre-jours-autant-de-travail-a-faire-en-moins-de-temps-1904184\" target=\"_blank\" rel=\"noopener\">Semaine de quatre jours : autant de travail \u00e0 faire en moins de temps ?<\/a><br \/>\n<em>La semaine de quatre jours de travail est sur toutes les l\u00e8vres, m\u00eame celles des ministres pour certains fonctionnaires. Mais qu&rsquo;est-ce que cela implique dans l&rsquo;organisation d&rsquo;une entreprise ?<\/em><\/p>\n<p><a href=\"https:\/\/www.visualcapitalist.com\/mapped-unemployment-forecasts-by-country-in-2023\/\" target=\"_blank\" rel=\"noopener\">Cartographie : pr\u00e9visions de ch\u00f4mage, par pays en 2023<\/a><br \/>\n<em>Le taux de ch\u00f4mage dans six des pays du G7 est proche du plus bas depuis un si\u00e8cle. Avec un taux de ch\u00f4mage de 3,4 % , le taux de ch\u00f4mage aux \u00c9tats-Unis n&rsquo;est pas tomb\u00e9 aussi bas depuis 1969.&nbsp;Mais alors que certaines \u00e9conomies naviguent sur un march\u00e9 du travail solide malgr\u00e9 une inflation \u00e9lev\u00e9e et une politique mon\u00e9taire belliciste, d&rsquo;autres sont confront\u00e9es \u00e0 des conditions plus difficiles.<\/em><\/p>\n<p><a href=\"https:\/\/www.lesechos.fr\/economie-france\/conjoncture\/toujours-inquiets-les-menages-francais-sont-prets-a-epargner-plus-1909751\" target=\"_blank\" rel=\"noopener\">Toujours inquiets, les m\u00e9nages fran\u00e7ais sont pr\u00eats \u00e0 \u00e9pargner plus<\/a><br \/>\n<em>Le moral des m\u00e9nages en France est rest\u00e9 tr\u00e8s d\u00e9grad\u00e9 en f\u00e9vrier, selon l&rsquo;Insee. Il reste \u00e0 des niveaux proches de ceux de l&rsquo;\u00e9t\u00e9 2013, lorsque la France sortait \u00e0 peine de r\u00e9cession.<\/em><\/p>\n<p><a href=\"https:\/\/www.visualcapitalist.com\/cp\/mapped-the-price-of-starbucks-in-every-country\/\" target=\"_blank\" rel=\"noopener\">Cartographie&nbsp; &#8211; Le prix de Starbucks par pays<\/a><br \/>\n<em>En 1971, trois anciens \u00e9tudiants de l&rsquo;Universit\u00e9 de San Francisco ont cr\u00e9\u00e9 le premier Starbucks au Pike Place Market de Seattle, vendant des grains de caf\u00e9 fra\u00eechement torr\u00e9fi\u00e9s, des th\u00e9s et des \u00e9pices du monde entier. Ce fut un d\u00e9but relativement modeste pour ce qui est maintenant la plus grande cha\u00eene de caf\u00e9s au monde.<br \/>\nAujourd&rsquo;hui, Starbucks compte 32 000 magasins dans 80 pays, juste derri\u00e8re McDonald&rsquo;s dans le secteur de la cha\u00eene de restauration rapide. Et comme chez McDonald&rsquo;s, le prix d&rsquo;un caf\u00e9 chez Starbucks varie \u00e9norm\u00e9ment selon le pays dans lequel vous vous trouvez.<\/em><\/p>\n<p><a href=\"https:\/\/imss91-ctp.trendmicro.com\/wis\/clicktime\/v1\/query?url=https%3a%2f%2fwww.republik%2dretail.fr%2fstrategie%2dretail%2fenseignes%2fl%2de%2dcommerce%2dvient%2ddoper%2dles%2dresultats%2dde%2dbureau%2dvallee.html&amp;umid=E6E39AC3-F65D-8205-B100-242A817A921D&amp;auth=ad5d1f4e78d7393a50d77a7acd54f2690c4d4fe6-91eb966180354e5e3071a25a4c1c33d4405c6eaf\" target=\"_blank\" rel=\"noopener\">L&rsquo;e-commerce vient doper les r\u00e9sultats de Bureau Vall\u00e9e<\/a><\/p>\n<p><em>Bureau Vall\u00e9e, enseigne de papeterie et de fournitures de bureau, termine 2022 sur un bilan positif, avec une croissance notamment port\u00e9e par l&rsquo;e-commerce.<\/em><\/p>\n<p><a href=\"https:\/\/www.reech.com\/fr\/marketing-influence-etude-reech\" target=\"_blank\" rel=\"noopener\">Marketing d&rsquo;influence : l&rsquo;\u00e9tude Reech 2023<\/a><\/p>\n<p><em>V\u00e9ritable r\u00e9f\u00e9rence dans l&rsquo;univers du marketing d&rsquo;influence, l&rsquo;\u00e9tude annuelle Reech d\u00e9di\u00e9e jusqu&rsquo;ici aux relations entre les marques et les influenceurs prend une tournure in\u00e9dite \u00e0 l&rsquo;occasion de cette 7\u00e8me \u00e9dition. \u00ab\u00a063 % des 18-24 ans indiquent suivre des cr\u00e9ateurs de contenu sur les r\u00e9seaux sociaux, 13% chez les 50-64 ans, et m\u00eame \u00e0 5% chez les plus de 65 ans\u00a0\u00bb<\/em><\/p>\n<p><a href=\"https:\/\/www.blogdumoderateur.com\/plateforme-de-marque-definition-bonnes-pratiques-exemples\/\" target=\"_blank\" rel=\"noopener\">Plateforme de marque : d\u00e9finition, bonnes pratiques et exemples<\/a><br \/>\n<em>D\u00e9couvrez \u00e0 quoi sert la plateforme de marque, et les \u00e9tapes \u00e0 suivre pas \u00e0 pas pour cr\u00e9er la v\u00f4tre !<\/em><\/p>\n<p><a href=\"https:\/\/www.codeur.com\/blog\/tendances-emailing-2023\/\" target=\"_blank\" rel=\"noopener\">10 tendances emailing \u00e0 adopter en 2023<\/a><br \/>\n<em>La bonne humeur est au c\u0153ur des tendances emailing ! En 2023, vos emails devront se parer de leurs plus beaux atours, rappeler la joie avec de beaux visuels color\u00e9s et donner de l&rsquo;espoir dans un contexte qui s&rsquo;annonce assez particulier&#8230;<\/em><\/p>\n<p><a href=\"https:\/\/www.ecommercemag.fr\/Thematique\/retail-1220\/veille-internationale-2170\/Diaporamas\/Les-10-idees-retail-et-experience-client-27-fevrier-3-379288\/taco-bell-marie-ses-fans-metavers-379289.htm#Diapo9\" target=\"_blank\" rel=\"noopener\">Les 10 id\u00e9es retail et exp\u00e9rience client<\/a><br \/>\n<em>Au menu des 10 id\u00e9es cette semaine : Taco Bell marie ses fans dans le m\u00e9tavers, Ikea r\u00e9invente son parcours client en magasin gr\u00e2ce \u00e0 l&rsquo;AR, Forever21 d\u00e9ploie son nouveau concept au Japon, les acteurs du BNPL s&rsquo;attaquent au commerce physique et les restaurants sont s\u00e9duits par l&rsquo;abonnement.<\/em><\/p>\n<p><a href=\"https:\/\/www.blogdumoderateur.com\/meta-devoile-modele-langage-llama\/\" target=\"_blank\" rel=\"noopener\">Meta d\u00e9voile LLaMA, son mod\u00e8le de langage \u00e0 la ChatGPT : ce qu&rsquo;il faut savoir<\/a><br \/>\n<em>Meta se lance \u00e0 son tour dans la course \u00e0 l&rsquo;IA en rendant accessible LLaMA, son propre mod\u00e8le de langage.<\/em><br \/>\n<a href=\"https:\/\/www.francetvinfo.fr\/replay-radio\/c-est-mon-boulot\/emploi-apres-les-rtt-une-startup-met-en-place-les-ttr_5676875.html\" target=\"_blank\" rel=\"noopener\">Emploi : apr\u00e8s les RTT, une startup met en place les TTR<\/a><br \/>\n<em>Ces \u00ab\u00a0temps de trajet responsables\u00a0\u00bb sont une nouvelle forme de cong\u00e9s imagin\u00e9s par les employ\u00e9s d&rsquo;une start-up parisienne, pour inciter les salari\u00e9s \u00e0 se d\u00e9placer en train plut\u00f4t qu&rsquo;en avion.<\/em><\/p>\n<p><a href=\"https:\/\/business.lesechos.fr\/entrepreneurs\/ressources-humaines\/19944657-un-nouveau-modele-de-bulletin-de-paie-351319.php\" target=\"_blank\" rel=\"noopener\">Un nouveau mod\u00e8le de bulletin de paie<\/a><br \/>\n<em>Au 1er janvier 2025, tous les employeurs devront utiliser un nouveau mod\u00e8le de bulletin de paie.<\/em><\/p>\n<p><a href=\"https:\/\/www.economie.gouv.fr\/entreprises\/obligations-affichage-informations-salaries\" target=\"_blank\" rel=\"noopener\">Employeurs : vos obligations d&rsquo;affichage et de diffusion d&rsquo;informations \u00e0 vos salari\u00e9s<\/a><br \/>\n<em>Saviez-vous qu&rsquo;en tant qu&#8217;employeur, vous \u00eates tenu d&rsquo;afficher au sein de vos locaux un certain nombre d&rsquo;informations \u00e0 l&rsquo;attention de vos salari\u00e9s ? Saviez-vous \u00e9galement que, dans certains cas, cette obligation d&rsquo;affichage peut \u00eatre remplac\u00e9e par une diffusion de l&rsquo;information par tout autre moyen garantissant un acc\u00e8s \u00e9quivalent, comme sur le site intranet de votre entreprise ?<\/em><\/p>\n<p><a href=\"https:\/\/imss91-ctp.trendmicro.com\/wis\/clicktime\/v1\/query?url=https%3a%2f%2fwww.pourleco.com%2ffinance%2fcomme%2dpour%2dles%2dcryptos%2dlhistoire%2dbancaire%2dete%2dchaotique%2dodile%2dlakomski%2dlaguerre&amp;umid=6D95C35D-F7EF-8805-9FAD-0E2BB0F83682&amp;auth=ad5d1f4e78d7393a50d77a7acd54f2690c4d4fe6-1a9970c50e019c9a093e0b91bf6c369131e84670\" target=\"_blank\" rel=\"noopener\">\u00ab Comme pour les cryptos, l&rsquo;histoire bancaire a \u00e9t\u00e9 chaotique \u00bb<\/a><br \/>\n<em>Krachs, drames, abus&#8230; Le r\u00e9seau bancaire ne s&rsquo;est pas constitu\u00e9 en un jour mais en un ou deux si\u00e8cles<\/em><\/p>\n<p><a href=\"https:\/\/imss91-ctp.trendmicro.com\/wis\/clicktime\/v1\/query?url=https%3a%2f%2fwww.pourleco.com%2fconsommation%2fukraine%2denergie%2dsalaires%2dcombien%2dune%2dpomme%2daujourdhui&amp;umid=6D95C35D-F7EF-8805-9FAD-0E2BB0F83682&amp;auth=ad5d1f4e78d7393a50d77a7acd54f2690c4d4fe6-266c4a2b92b246b61642e39df322811268d6afb1\" target=\"_blank\" rel=\"noopener\">Ukraine, \u00e9nergie, salaires&#8230; Combien \u00e7a co\u00fbte, une pomme aujourd&rsquo;hui ?<\/a><br \/>\n<em>Sur le prix pay\u00e9 en supermarch\u00e9, la part la plus importante revient au distributeur, tandis que les producteurs de pommes doivent faire face \u00e0 une forte hausse de leurs co\u00fbts.<\/em><\/p>\n<p><a href=\"https:\/\/imss91-ctp.trendmicro.com\/wis\/clicktime\/v1\/query?url=https%3a%2f%2fwww.cercledesepargnants.com%2fwp%2dcontent%2fuploads%2f2023%2f02%2fRapport%2dLes%2dFrancais%2dlepargne%2det%2dla%2dretraite%2dIpsos%2dpour%2dle%2dCercle%2ddes%2depargnants.pptx%2d.pdf&amp;umid=6D95C35D-F7EF-8805-9FAD-0E2BB0F83682&amp;auth=ad5d1f4e78d7393a50d77a7acd54f2690c4d4fe6-716c927f7d1bd7db96268b32655b88fddb537c6a\" target=\"_blank\" rel=\"noopener\">Les fran\u00e7ais, l&rsquo;\u00e9pargne et la retraite<\/a><br \/>\n<em>Le barom\u00e8tre \u00ab Les Fran\u00e7ais, l&rsquo;\u00e9pargne et la Retraite \u00bb en est \u00e0 sa 21\u00e8me \u00e9dition, son \u00e9volution et ses r\u00e9sultats permettent de suivre et de mieux appr\u00e9hender les \u00e9volutions des comportements en mati\u00e8re d&rsquo;\u00e9pargne et de retraite.<\/em><\/p>\n<p><u><a href=\"https:\/\/imss91-ctp.trendmicro.com\/wis\/clicktime\/v1\/query?url=https%3a%2f%2fwww.fiducial.fr%2fExpertise%2dcomptable%2fFacturation%2delectronique%2dobligatoire%2dcomment%2dca%2dmarche%2det%2dquels%2dimpacts%2dpour%2dles%2dpetites%2dentreprises%3futm%5fcampaign%3d032023%5fNewsletter%5fFIDUCIAL%26utm%5fmedium%3demail%26utm%5fsource%3dEloqua&amp;umid=6D95C35D-F7EF-8805-9FAD-0E2BB0F83682&amp;auth=ad5d1f4e78d7393a50d77a7acd54f2690c4d4fe6-3a98ce5b72e286e8868e18145c58ec7f6ac2be12\" target=\"_blank\" rel=\"noopener\">Facturation \u00e9lectronique obligatoire : comment \u00e7a marche et quels impacts pour les petites entreprises ?<\/a><\/u><\/p>\n<p><em>L&rsquo;arriv\u00e9e prochaine de la facturation \u00e9lectronique obligatoire ou e-invoicing est un sujet majeur qui va changer la fa\u00e7on dont vous administrez votre entreprise. Quels seront son p\u00e9rim\u00e8tre et son calendrier de mise en place ? Comment fonctionnera la facturation \u00e9lectronique ? Dans cet article, nous faisons le point sur vos futures obligations.<\/em><\/p>\n<p><a href=\"https:\/\/imss91-ctp.trendmicro.com\/wis\/clicktime\/v1\/query?url=https%3a%2f%2fwww.fiducial.fr%2fExpertise%2dcomptable%2fChoisir%2dune%2dplateforme%2dde%2ddematerialisation%2dde%2dfactures%2dquand%2det%2dcomment%3futm%5fcampaign%3d032023%5fNewsletter%5fFIDUCIAL%26utm%5fmedium%3demail%26utm%5fsource%3dEloqua&amp;umid=6D95C35D-F7EF-8805-9FAD-0E2BB0F83682&amp;auth=ad5d1f4e78d7393a50d77a7acd54f2690c4d4fe6-719102c5e716038fa78f66e0e19e978f4275699a\" target=\"_blank\" rel=\"noopener\">Choisir une plateforme de d\u00e9mat\u00e9rialisation de factures : quand et comment ?<\/a><br \/>\n<em>\u00c0 partir du 1er juillet 2024, l&rsquo;ensemble des entreprises \u00e9tablies en France seront soumises \u00e0 l&rsquo;obligation de recevoir des factures \u00e9lectroniques. Il vous faudra pour cela choisir une plateforme de r\u00e9ception de factures. Quand et comment choisir une plateforme de d\u00e9mat\u00e9rialisation de factures ? Sur quels crit\u00e8res baser votre choix ? Quelles sont les erreurs \u00e0 ne pas commettre ?<\/em><\/p>\n<p><a href=\"https:\/\/www.lesechos.fr\/industrie-services\/conso-distribution\/bic-reprend-des-couleurs-1914182\" target=\"_blank\" rel=\"noopener\">Audio &#8211; Bic reprend des couleurs<\/a><br \/>\n<em>Le repr\u00e9sentant de la troisi\u00e8me g\u00e9n\u00e9ration est arriv\u00e9 aux manettes de la marque aux produits de masse jetables comme le stylo-bille, le rasoir ou le briquet. Pour \u00ab La Story \u00bb, le podcast d&rsquo;actualit\u00e9 des \u00ab Echos \u00bb, Pierrick Fay et Florence Bauchard retracent l&rsquo;aventure industrielle de Bic.<\/em><\/p>\n<p><a href=\"https:\/\/www.lalibre.be\/economie\/digital\/2023\/03\/18\/pourquoi-les-marques-ne-peuvent-plus-se-passer-des-createurs-de-contenus-ce-marche-devrait-peser-50-milliards-deuros-dici-2027-R3BKI7LQIVEKBIS3ECQIOCSJCA\/\" target=\"_blank\" rel=\"noopener\">Pourquoi les marques ne peuvent plus se passer des \u00ab\u00a0cr\u00e9ateurs de contenus\u00a0\u00bb : \u00ab\u00a0Ce march\u00e9 devrait peser 50 milliards d&rsquo;euros d&rsquo;ici 2027\u00a0\u00bb<\/a><\/p>\n<p><em>L&rsquo;utilisation des cr\u00e9ateurs et cr\u00e9atrices de contenus devient incontournable dans l&rsquo;univers du marketing. Coup de projecteur sur ce march\u00e9 en pleine expansion.<\/em><\/p>\n<p><a href=\"https:\/\/www.blogdumoderateur.com\/comment-creer-fiche-entreprise-google\/\" target=\"_blank\" rel=\"noopener\">Comment cr\u00e9er une fiche d&rsquo;entreprise sur Google : le guide complet<\/a><br \/>\n<em>D\u00e9couvrez comment cr\u00e9er et g\u00e9rer votre fiche d&rsquo;\u00e9tablissement sur Google.<\/em><br \/>\n<a href=\"https:\/\/www.webmarketing-com.com\/2023\/03\/16\/1708733-avenir-et-tendances-e-commerce\" target=\"_blank\" rel=\"noopener\">Avenir et tendances du e-commerce : que nous r\u00e9serve le commerce en ligne pour ces prochaines ann\u00e9es ?<\/a><br \/>\n<em>Entre les progr\u00e8s technologiques, l&rsquo;am\u00e9lioration des services aux consommateurs, l&rsquo;\u00e9volution de la demande et de l&rsquo;offre et l&rsquo;augmentation du nombre d&rsquo;acheteurs, les entreprises doivent rester comp\u00e9titives. Parmi les secteurs ayant un avenir certain, il y a l&rsquo;e-commerce avec des ventes en ligne estim\u00e9es \u00e0 6,39 trillions de dollars d&rsquo;ici 2024. Mais que nous r\u00e9serve-t-il vraiment ?<\/em><\/p>\n<p><a href=\"https:\/\/imss91-ctp.trendmicro.com\/wis\/clicktime\/v1\/query?url=https%3a%2f%2fwww.republik%2dretail.fr%2fsolutions%2dtechno%2fdata%2fpratiques%2favec%2dla%2dfin%2ddes%2dcookies%2dtiers%2dle%2dretail%2dmedia%2dva%2ddevenir%2dencore%2dplus%2drentable.html&amp;umid=6D95C35D-F7EF-8805-9FAD-0E2BB0F83682&amp;auth=ad5d1f4e78d7393a50d77a7acd54f2690c4d4fe6-01e2c92cbb7511a555f9227d17560549f757005f\" target=\"_blank\" rel=\"noopener\">Avec la fin des cookies tiers, le retail media va devenir encore plus rentable<\/a><br \/>\n<em>Les distributeurs ont acc\u00e9l\u00e9r\u00e9 leurs efforts depuis plusieurs ann\u00e9es pour structurer une offre de dispositifs publicitaires reposant sur leur data, le retail media. Avec la fin des cookies tiers, pr\u00e9vue pour 2024, ce march\u00e9 pourrait se montrer encore plus lucratif pour eux. Explications<\/em><\/p>\n<p><a href=\"https:\/\/www.usine-digitale.fr\/article\/la-cnil-autrichienne-juge-illegaux-les-outils-de-pistage-publicitaire-de-meta.N2112371\" target=\"_blank\" rel=\"noopener\">La Cnil autrichienne juge ill\u00e9gaux les outils de pistage publicitaire de Meta<\/a><br \/>\n<em>Le r\u00e9seau social est accus\u00e9 de ne pas respecter les r\u00e8gles europ\u00e9ennes sur le transfert de donn\u00e9es vers les Etats-Unis.<\/em><br \/>\n<a href=\"https:\/\/www.usine-digitale.fr\/article\/un-million-d-appels-telephoniques-venant-de-services-clients-pirates-en-vente-sur-internet.N2112126\" target=\"_blank\" rel=\"noopener\">Un million d&rsquo;appels t\u00e9l\u00e9phoniques venant de services clients pirat\u00e9s en vente sur internet<\/a><br \/>\n<em>Cette gigantesque base de conversations en Fran\u00e7ais contient des donn\u00e9es personnelles et des codes confidentiels, mais aussi les num\u00e9ros de t\u00e9l\u00e9phone des clients, qui pourraient \u00eatre la cible d&rsquo;arnaques.<\/em><\/p>\n<p><a href=\"https:\/\/www.blogdumoderateur.com\/etude-sites-wordpress-problemes-securite\/\" target=\"_blank\" rel=\"noopener\">\u00c9tude : 42 % des sites WordPress ont des probl\u00e8mes de s\u00e9curit\u00e9<\/a><br \/>\n<em>Une vue d&rsquo;ensemble des vuln\u00e9rabilit\u00e9s sur WordPress (plugings, th\u00e8mes, CMS)<\/em><\/p>\n<p>Elisabeth Boutillot<\/p>\n<p><strong>Catherine Rosso et Dominique Cornu<\/strong><\/p>\n<p><strong>IA-IPR Economie-Gestion<\/strong><\/p>\n","protected":false},"excerpt":{"rendered":"<p>Pour les enseignants en STMG principalement, quelques informations et ressources documentaires. Ch\u00e8res et chers coll\u00e8gues, Voici le lien pour retrouver<\/p>\n","protected":false},"author":205,"featured_media":0,"comment_status":"closed","ping_status":"closed","sticky":false,"template":"","format":"standard","meta":{"colormag_page_container_layout":"default_layout","colormag_page_sidebar_layout":"default_layout","ngg_post_thumbnail":0,"footnotes":""},"categories":[1],"tags":[],"class_list":["post-3379","post","type-post","status-publish","format-standard","hentry","category-non-classe"],"rttpg_featured_image_url":null,"rttpg_author":{"display_name":"Estelle REGIS","author_link":"https:\/\/www.pedagogie.ac-nice.fr\/economie-gestion\/author\/stmgadmin1\/"},"rttpg_comment":0,"rttpg_category":"<a href=\"https:\/\/www.pedagogie.ac-nice.fr\/economie-gestion\/category\/non-classe\/\" rel=\"category tag\">Non class\u00e9<\/a>","rttpg_excerpt":"Pour les enseignants en STMG principalement, quelques informations et ressources documentaires. Ch\u00e8res et chers coll\u00e8gues, Voici le lien pour retrouver","post_mailing_queue_ids":[],"_links":{"self":[{"href":"https:\/\/www.pedagogie.ac-nice.fr\/economie-gestion\/wp-json\/wp\/v2\/posts\/3379","targetHints":{"allow":["GET"]}}],"collection":[{"href":"https:\/\/www.pedagogie.ac-nice.fr\/economie-gestion\/wp-json\/wp\/v2\/posts"}],"about":[{"href":"https:\/\/www.pedagogie.ac-nice.fr\/economie-gestion\/wp-json\/wp\/v2\/types\/post"}],"author":[{"embeddable":true,"href":"https:\/\/www.pedagogie.ac-nice.fr\/economie-gestion\/wp-json\/wp\/v2\/users\/205"}],"replies":[{"embeddable":true,"href":"https:\/\/www.pedagogie.ac-nice.fr\/economie-gestion\/wp-json\/wp\/v2\/comments?post=3379"}],"version-history":[{"count":1,"href":"https:\/\/www.pedagogie.ac-nice.fr\/economie-gestion\/wp-json\/wp\/v2\/posts\/3379\/revisions"}],"predecessor-version":[{"id":3380,"href":"https:\/\/www.pedagogie.ac-nice.fr\/economie-gestion\/wp-json\/wp\/v2\/posts\/3379\/revisions\/3380"}],"wp:attachment":[{"href":"https:\/\/www.pedagogie.ac-nice.fr\/economie-gestion\/wp-json\/wp\/v2\/media?parent=3379"}],"wp:term":[{"taxonomy":"category","embeddable":true,"href":"https:\/\/www.pedagogie.ac-nice.fr\/economie-gestion\/wp-json\/wp\/v2\/categories?post=3379"},{"taxonomy":"post_tag","embeddable":true,"href":"https:\/\/www.pedagogie.ac-nice.fr\/economie-gestion\/wp-json\/wp\/v2\/tags?post=3379"}],"curies":[{"name":"wp","href":"https:\/\/api.w.org\/{rel}","templated":true}]}}