{"id":3419,"date":"2023-12-18T14:48:23","date_gmt":"2023-12-18T13:48:23","guid":{"rendered":"https:\/\/www.pedagogie.ac-nice.fr\/economie-gestion\/?p=3419"},"modified":"2023-12-18T14:48:23","modified_gmt":"2023-12-18T13:48:23","slug":"webinaire-bac-stmg-session-2024-du-17-janvier-2024","status":"publish","type":"post","link":"https:\/\/www.pedagogie.ac-nice.fr\/economie-gestion\/2023\/12\/18\/webinaire-bac-stmg-session-2024-du-17-janvier-2024\/","title":{"rendered":"Webinaire \u00ab\u00a0BAC STMG Session 2024\u00a0\u00bb du 17 janvier 2024"},"content":{"rendered":"<p>Ce webinaire est destin\u00e9 aux professeurs de pr\u00e9-bac de 1\u00e8re et Terminale STMG (prioritairement les professeurs de terminale). Le coordonnateur et\/ou DDFPT de votre \u00e9tablissement est convoqu\u00e9 pour y assister, accompagn\u00e9 par les professeurs de l&rsquo;\u00e9quipe d\u00e9sign\u00e9s par l\u2019\u00e9tablissement (tout ou partie en fonction des disponibilit\u00e9s et des contraintes&#8230;). Ce Webinaire se d\u00e9roulera dans votre \u00e9tablissement, un seul point de connexion par lyc\u00e9e, le professeur coordonnateur et le lyc\u00e9e seront destinataires une semaine avant du lien de connexion \u00e0 ce Webinaire).<\/p>\n<p>Les professeurs dans l&rsquo;impossibilit\u00e9 majeure d&rsquo;assister \u00e0 ce Webinaire seront inform\u00e9s par leur coordonnateur des \u00e9l\u00e9ments et informations transmises (une captation de ce Webinaire avec sa mise \u00e0 disposition \u00e0 l&rsquo;ensemble des \u00e9tablissements peut \u00eatre \u00e9galement envisag\u00e9e).<\/p>\n<p><strong>Vous trouverez ci-apr\u00e8s l&rsquo;ODJ de ce Webinaire arr\u00eat\u00e9 \u00e0 ce jour :<\/strong><\/p>\n<ul>\n<li>Les nouveaux enjeux du contr\u00f4le continu et de l&rsquo;\u00e9valuation en STMG<\/li>\n<li>La d\u00e9finition et L&rsquo;\u00e9valuation de l&rsquo;EDS : MSDGetN<\/li>\n<li>La d\u00e9finition et L&rsquo;\u00e9valuation de l&rsquo;EDS : Droit &#8211; Economie<\/li>\n<li>Le \u00ab Grand Oral 2024 \u00bb : D\u00e9finition, modalit\u00e9s, \u00e9valuation&#8230;<\/li>\n<li>Le D\u00e9roulement des examens&nbsp; : Le calendrier, les convocations, les corrections, les interrogations orales ..<\/li>\n<li>L&rsquo;\u00e9volution de la s\u00e9rie technologique \u00ab\u00a0STMG\u00a0\u00bb et les poursuites d&rsquo;\u00e9tudes &#8230;<\/li>\n<\/ul>\n<div id=\"v1v1v1v1v1v1v1_rc_sig\">En fichiers joints <strong>vous disposez des documents de r\u00e9f\u00e9rence<\/strong> supports du webinaire et <strong>relatifs \u00e0 la mise en place de la session 2024 du BAC STMG<\/strong> (aspects r\u00e9glementaires et p\u00e9dagogiques) :<\/div>\n<div>&#8211; Le Guide d&rsquo;\u00e9valuation<\/div>\n<div>&#8211; Le Guide du Grand ORAL<\/div>\n<div>&#8211; STMG Document consolid\u00e9 EDS (MSDGetN \/ Droit-Economie)<\/div>\n<div>&#8211; STMG Document consolid\u00e9 GO<\/div>\n<div>-BO MEN cf. partie Calendrier<\/div>\n<div>&#8211; Lettre du ministre de la rentr\u00e9e &#8230;<\/div>\n<div><strong>NB : Pour des raisons de taille &#8230; Ces fichiers vous sont transmis en 3 envois successifs &#8230;<\/strong><\/div>\n<div>&nbsp;<\/div>\n<div>D\u00e8s \u00e0 pr\u00e9sent nous portons votre attention sur un tr\u00e8s court extrait du nouveau \u00ab\u00a0<strong>guide du Grand Oral<\/strong>\u00a0\u00bb pour STMG avec la phrase suivante \u00e0 <strong>la page 26<\/strong> :<\/div>\n<div>&#8230; \u00ab\u00a0La pr\u00e9paration du Grand oral s\u2019appuie sur un projet portant sur l\u2019enseignement de Management, sciences de gestion et num\u00e9rique et plus pr\u00e9cis\u00e9ment sur l\u2019enseignement sp\u00e9cifique. La conduite du projet permet de traiter ou de faire \u00e9merger les deux questions choisies par le candidat. La partie commune du programme de terminale Management, sciences de gestion et num\u00e9rique, les programmes de droit et \u00e9conomie ainsi que ceux de premi\u00e8re de Management, Sciences de gestion et num\u00e9rique peuvent \u00eatre mobilis\u00e9s dans le traitement des questions.\u00a0\u00bb &#8230;.<\/div>\n<div><strong>NB : <\/strong><em>Attention d&rsquo;autres informations \u00e0 cette page pr\u00e9cises ce paragraphe &#8230;<\/em><\/div>\n<div>&nbsp;<\/div>\n<div><strong>En compl\u00e9ment aux fichiers joints :<\/strong><\/div>\n<div><em>2 liens essentiels<\/em> sur \u00e9duscol vous permettant de retrouver les documents joints et d&rsquo;autres ressources compl\u00e9mentaires (des infographies, des FAQ etc.).<\/div>\n<div>&nbsp;<\/div>\n<div><a href=\"https:\/\/eduscol.education.fr\/759\/baccalaureat-technologique-serie-sciences-et-technologies-du-management-et-de-la-gestion-stmg\" target=\"_blank\" rel=\"noopener noreferrer\">https:\/\/eduscol.education.fr\/759\/baccalaureat-technologique-serie-sciences-et-technologies-du-management-et-de-la-gestion-stmg<\/a><\/div>\n<div>&nbsp;<\/div>\n<div><a href=\"https:\/\/eduscol.education.fr\/729\/presentation-du-grand-oral\" target=\"_blank\" rel=\"noopener noreferrer\">https:\/\/eduscol.education.fr\/729\/presentation-du-grand-oral <\/a><\/div>\n<div>&nbsp;<\/div>\n<div>Nous vous sollicitons bien \u00e9videmment, si cela n&rsquo;est pas d\u00e9j\u00e0 fait, pour vous saisir de ces information, documents et ressources, et faire remonter le cas \u00e9ch\u00e9ant \u00e0 votre coordonnateur en vue du Webinaire du <strong>17 janvier 2024<\/strong> vos interrogations ou demandes de pr\u00e9cisions qui demeureraient &#8230;<\/div>\n<div>&nbsp;<\/div>\n","protected":false},"excerpt":{"rendered":"<p>Ce webinaire est destin\u00e9 aux professeurs de pr\u00e9-bac de 1\u00e8re et Terminale STMG (prioritairement les professeurs de terminale). Le coordonnateur<\/p>\n","protected":false},"author":205,"featured_media":0,"comment_status":"closed","ping_status":"closed","sticky":false,"template":"","format":"standard","meta":{"colormag_page_container_layout":"default_layout","colormag_page_sidebar_layout":"default_layout","ngg_post_thumbnail":0,"footnotes":""},"categories":[1],"tags":[],"class_list":["post-3419","post","type-post","status-publish","format-standard","hentry","category-non-classe"],"rttpg_featured_image_url":null,"rttpg_author":{"display_name":"Estelle REGIS","author_link":"https:\/\/www.pedagogie.ac-nice.fr\/economie-gestion\/author\/stmgadmin1\/"},"rttpg_comment":0,"rttpg_category":"<a href=\"https:\/\/www.pedagogie.ac-nice.fr\/economie-gestion\/category\/non-classe\/\" rel=\"category tag\">Non class\u00e9<\/a>","rttpg_excerpt":"Ce webinaire est destin\u00e9 aux professeurs de pr\u00e9-bac de 1\u00e8re et Terminale STMG (prioritairement les professeurs de terminale). Le coordonnateur","post_mailing_queue_ids":[],"_links":{"self":[{"href":"https:\/\/www.pedagogie.ac-nice.fr\/economie-gestion\/wp-json\/wp\/v2\/posts\/3419","targetHints":{"allow":["GET"]}}],"collection":[{"href":"https:\/\/www.pedagogie.ac-nice.fr\/economie-gestion\/wp-json\/wp\/v2\/posts"}],"about":[{"href":"https:\/\/www.pedagogie.ac-nice.fr\/economie-gestion\/wp-json\/wp\/v2\/types\/post"}],"author":[{"embeddable":true,"href":"https:\/\/www.pedagogie.ac-nice.fr\/economie-gestion\/wp-json\/wp\/v2\/users\/205"}],"replies":[{"embeddable":true,"href":"https:\/\/www.pedagogie.ac-nice.fr\/economie-gestion\/wp-json\/wp\/v2\/comments?post=3419"}],"version-history":[{"count":1,"href":"https:\/\/www.pedagogie.ac-nice.fr\/economie-gestion\/wp-json\/wp\/v2\/posts\/3419\/revisions"}],"predecessor-version":[{"id":3420,"href":"https:\/\/www.pedagogie.ac-nice.fr\/economie-gestion\/wp-json\/wp\/v2\/posts\/3419\/revisions\/3420"}],"wp:attachment":[{"href":"https:\/\/www.pedagogie.ac-nice.fr\/economie-gestion\/wp-json\/wp\/v2\/media?parent=3419"}],"wp:term":[{"taxonomy":"category","embeddable":true,"href":"https:\/\/www.pedagogie.ac-nice.fr\/economie-gestion\/wp-json\/wp\/v2\/categories?post=3419"},{"taxonomy":"post_tag","embeddable":true,"href":"https:\/\/www.pedagogie.ac-nice.fr\/economie-gestion\/wp-json\/wp\/v2\/tags?post=3419"}],"curies":[{"name":"wp","href":"https:\/\/api.w.org\/{rel}","templated":true}]}}