{"id":3425,"date":"2023-12-18T15:09:01","date_gmt":"2023-12-18T14:09:01","guid":{"rendered":"https:\/\/www.pedagogie.ac-nice.fr\/economie-gestion\/?p=3425"},"modified":"2023-12-18T15:09:01","modified_gmt":"2023-12-18T14:09:01","slug":"reforme-bts-banque","status":"publish","type":"post","link":"https:\/\/www.pedagogie.ac-nice.fr\/economie-gestion\/2023\/12\/18\/reforme-bts-banque\/","title":{"rendered":"R\u00e9forme BTS banque"},"content":{"rendered":"<div>La <strong>publication de l&rsquo;arr\u00eat\u00e9&nbsp;du 22 novembre 2023<\/strong>&nbsp;<strong>portant d\u00e9finition du nouveau r\u00e9f\u00e9rentiel du BTS Banque<\/strong>, qui entrera en vigueur <strong>\u00e0 la rentr\u00e9e scolaire 2024<\/strong> :<\/div>\n<div>&nbsp;<\/div>\n<div><a href=\"https:\/\/www.legifrance.gouv.fr\/download\/pdf?id=KoLtWQ9nHJTEcjEusiy6SpmZxgNwLlgVqs1D12Pbd_0=\" target=\"_blank\" rel=\"noopener noreferrer\">https:\/\/www.legifrance.gouv.fr\/download\/pdf?id=KoLtWQ9nHJTEcjEusiy6SpmZxgNwLlgVqs1D12Pbd_0=<\/a><\/div>\n<div>&nbsp;<\/div>\n<div>\u00c9crit en blocs de comp\u00e9tences, le nouveau r\u00e9f\u00e9rentiel d\u00e9veloppe le caract\u00e8re omnicanal de la relation des entreprises du secteur avec leur client\u00e8le et leur environnement, renforce les aspects d\u00e9ontologie et r\u00e9glementation et introduit un bloc de comp\u00e9tences commerciales.<\/div>\n<div>&nbsp;<\/div>\n<div>Nous tenons \u00e0 remercier le groupe national de r\u00e9novation qui a travaill\u00e9 dans un premier temps avec \u00c9ric Cayol IGSR sur la r\u00e9alisation du rapport d&rsquo;opportunit\u00e9s, puis avec Fabienne K\u00e9roulas IGSR sur l&rsquo;\u00e9criture du r\u00e9f\u00e9rentiel.&nbsp;<\/div>\n<div>&nbsp;<\/div>\n<div>L&rsquo;<strong>accompagnement national<\/strong> est en pr\u00e9paration, il se traduira par la mise \u00e0 disposition d&rsquo;un guide d&rsquo;accompagnement p\u00e9dagogique et l&rsquo;organisation d&rsquo;un&nbsp;<strong>s\u00e9minaire national<\/strong>, relevant du PNF, qui se d\u00e9roulera le <strong>mercredi 7 f\u00e9vrier 2024, \u00e0 Paris<\/strong>, dans les locaux de l&rsquo;AMF.<\/div>\n<div>&nbsp;<\/div>\n<div>Cette journ\u00e9e sera suivie <strong>de trois webinaires<\/strong> de deux heures portant sur la certification ; le premier<strong> webinaire<\/strong> est programm\u00e9 <strong>jeudi 4 avril de 16h \u00e0 18h. <\/strong>Les deux autres webinaires seront programm\u00e9s au d\u00e9but de l&rsquo;ann\u00e9e scolaire 2024-2025.<\/div>\n<div>&nbsp;<\/div>\n<div><strong>La Dgesco adressera tr\u00e8s prochainement aux recteurs et aux rectrices le courrier les invitant \u00e0 constituer leur d\u00e9l\u00e9gation acad\u00e9mique (2 \u00e0 3 places pour notre acad\u00e9mie &#8230; ).<\/strong><\/div>\n","protected":false},"excerpt":{"rendered":"<p>La publication de l&rsquo;arr\u00eat\u00e9&nbsp;du 22 novembre 2023&nbsp;portant d\u00e9finition du nouveau r\u00e9f\u00e9rentiel du BTS Banque, qui entrera en vigueur \u00e0 la<\/p>\n","protected":false},"author":205,"featured_media":0,"comment_status":"closed","ping_status":"closed","sticky":false,"template":"","format":"standard","meta":{"colormag_page_container_layout":"default_layout","colormag_page_sidebar_layout":"default_layout","ngg_post_thumbnail":0,"footnotes":""},"categories":[1],"tags":[],"class_list":["post-3425","post","type-post","status-publish","format-standard","hentry","category-non-classe"],"rttpg_featured_image_url":null,"rttpg_author":{"display_name":"Estelle REGIS","author_link":"https:\/\/www.pedagogie.ac-nice.fr\/economie-gestion\/author\/stmgadmin1\/"},"rttpg_comment":0,"rttpg_category":"<a href=\"https:\/\/www.pedagogie.ac-nice.fr\/economie-gestion\/category\/non-classe\/\" rel=\"category tag\">Non class\u00e9<\/a>","rttpg_excerpt":"La publication de l&rsquo;arr\u00eat\u00e9&nbsp;du 22 novembre 2023&nbsp;portant d\u00e9finition du nouveau r\u00e9f\u00e9rentiel du BTS Banque, qui entrera en vigueur \u00e0 la","post_mailing_queue_ids":[],"_links":{"self":[{"href":"https:\/\/www.pedagogie.ac-nice.fr\/economie-gestion\/wp-json\/wp\/v2\/posts\/3425","targetHints":{"allow":["GET"]}}],"collection":[{"href":"https:\/\/www.pedagogie.ac-nice.fr\/economie-gestion\/wp-json\/wp\/v2\/posts"}],"about":[{"href":"https:\/\/www.pedagogie.ac-nice.fr\/economie-gestion\/wp-json\/wp\/v2\/types\/post"}],"author":[{"embeddable":true,"href":"https:\/\/www.pedagogie.ac-nice.fr\/economie-gestion\/wp-json\/wp\/v2\/users\/205"}],"replies":[{"embeddable":true,"href":"https:\/\/www.pedagogie.ac-nice.fr\/economie-gestion\/wp-json\/wp\/v2\/comments?post=3425"}],"version-history":[{"count":2,"href":"https:\/\/www.pedagogie.ac-nice.fr\/economie-gestion\/wp-json\/wp\/v2\/posts\/3425\/revisions"}],"predecessor-version":[{"id":3427,"href":"https:\/\/www.pedagogie.ac-nice.fr\/economie-gestion\/wp-json\/wp\/v2\/posts\/3425\/revisions\/3427"}],"wp:attachment":[{"href":"https:\/\/www.pedagogie.ac-nice.fr\/economie-gestion\/wp-json\/wp\/v2\/media?parent=3425"}],"wp:term":[{"taxonomy":"category","embeddable":true,"href":"https:\/\/www.pedagogie.ac-nice.fr\/economie-gestion\/wp-json\/wp\/v2\/categories?post=3425"},{"taxonomy":"post_tag","embeddable":true,"href":"https:\/\/www.pedagogie.ac-nice.fr\/economie-gestion\/wp-json\/wp\/v2\/tags?post=3425"}],"curies":[{"name":"wp","href":"https:\/\/api.w.org\/{rel}","templated":true}]}}