{"id":4311,"date":"2026-01-20T21:29:15","date_gmt":"2026-01-20T20:29:15","guid":{"rendered":"https:\/\/www.pedagogie.ac-nice.fr\/edd\/?p=4311"},"modified":"2026-03-31T15:11:56","modified_gmt":"2026-03-31T13:11:56","slug":"labellisation-e3d","status":"publish","type":"post","link":"https:\/\/www.pedagogie.ac-nice.fr\/edd\/labellisation-e3d\/","title":{"rendered":"Labellisation E3D"},"content":{"rendered":"<div class=\"moz-signature\"><img loading=\"lazy\" decoding=\"async\" class=\"wp-image-4313 alignnone \" src=\"https:\/\/www.pedagogie.ac-nice.fr\/edd\/wp-content\/uploads\/sites\/72\/2026\/02\/e3D.png\" alt=\"\" width=\"91\" height=\"76\" \/>La d\u00e9marche de labellisation \u00c9tablissement en D\u00e9marche de D\u00e9veloppement Durable (E3D) est une belle occasion de valoriser les actions d\u00e9j\u00e0 men\u00e9es en \u00e9tablissement autour de l\u2019\u00e9ducation au d\u00e9veloppement durable (EDD).<\/div>\n<div class=\"moz-signature\"><\/div>\n<div class=\"moz-signature\">Obtenir le label national E3D, c\u2019est avant tout la reconnaissance officielle de l\u2019engagement collectif de la communaut\u00e9 scolaire de l\u2019\u00e9tablissement\u00a0 : \u00e9l\u00e8ves, personnels, partenaires et acteurs du territoire.<\/div>\n<div class=\"moz-signature\">Ce label valorise une dynamique collective au service d\u2019un projet d\u2019\u00e9tablissement attentif aux enjeux environnementaux.<\/div>\n<div class=\"moz-signature\"><\/div>\n<div class=\"moz-signature\"><b>Chaque \u00e9tablissement,<\/b>\u00a0<b>quel que soit son niveau d\u2019avancement,<\/b>\u00a0peut s\u2019inscrire dans cette d\u00e9marche qui valorise les initiatives locales et renforce le travail d\u2019\u00e9quipe.<\/div>\n<div class=\"moz-signature\"><\/div>\n<div class=\"moz-signature\">La campagne de labellisation<b>\u00a0conduite cette ann\u00e9e offre \u00e9galement aux \u00e9tablissements labellis\u00e9s en 2022-2023\u00a0<\/b>ou ant\u00e9rieurement\u00a0<b>la possibilit\u00e9 de renouveler leur labellisation.<\/b><\/div>\n<div class=\"moz-signature\"><b>\u00a0<\/b><\/div>\n<div class=\"moz-signature\">Afin\u00a0de simplifier la proc\u00e9dure de demande de labellisation E3D des \u00e9tablissements scolaires,\u00a0<b>sous l\u2019autorit\u00e9 du chef d\u2019\u00e9tablissement<\/b>, une d\u00e9marche de candidature en ligne a \u00e9t\u00e9 mise en place.<\/div>\n<div><\/div>\n<div><span style=\"font-size: 14pt; color: #ff6600;\"><strong>Vous avez jusqu&rsquo;au 27 avril 2026 pour rendre le dossier<\/strong><\/span><\/div>\n<div class=\"moz-signature\"><\/div>\n<h3 class=\"moz-signature\">Pour le premier degr\u00e9<\/h3>\n<hr \/>\n<div class=\"moz-signature\">\n<p>&nbsp;<\/p>\n<p><b>\u2013 pour les demandes de labellisation de niveau 1 :<\/b> <a href=\"https:\/\/demarche.numerique.gouv.fr\/commencer\/labellisation-e3d-ac-nice-niveau-1-premier-degre\" target=\"_blank\" rel=\"noopener\">https:\/\/demarche.numerique.gouv.fr\/commencer\/labellisation-e3d-ac-nice-niveau-1-premier-degre<\/a><\/p>\n<div class=\"moz-signature\">\n<div class=\"moz-signature\">\n<div class=\"moz-signature\"><b>\u2013 pour les demandes de labellisation de niveau 2 et 3 : <\/b><a href=\"https:\/\/demarche.numerique.gouv.fr\/commencer\/labellisation-e3d-ac-nice-niveau-2-3-premier-degre\" target=\"_blank\" rel=\"noopener\">https:\/\/demarche.numerique.gouv.fr\/commencer\/labellisation-e3d-ac-nice-niveau-2-3-premier-degre<\/a><\/div>\n<\/div>\n<\/div>\n<\/div>\n<div>\n<h3><\/h3>\n<h3 class=\"moz-signature\">Pour le second degr\u00e9<\/h3>\n<hr \/>\n<div class=\"moz-signature\"><\/div>\n<\/div>\n<div class=\"moz-signature\">\n<p><b>\u2013 pour les demandes de labellisation de niveau 1 :<\/b>\u00a0\u00a0<a href=\"https:\/\/www.demarches-simplifiees.fr\/commencer\/labellisation-e3d-ac-nice-niveau-1-second-degre\">https:\/\/www.demarches-simplifiees.fr\/commencer\/labellisation-e3d-ac-nice-niveau-1-second-degre<\/a><\/p>\n<div class=\"moz-signature\">\n<div class=\"moz-signature\">\n<div class=\"moz-signature\"><b>\u2013 pour les demandes de labellisation de niveau 2 et 3 : <\/b><a class=\"moz-txt-link-freetext\" href=\"https:\/\/www.demarches-simplifiees.fr\/commencer\/labellisation-e3d-ac-nice-niveau-2-3-second-degre\">https:\/\/www.demarches-simplifiees.fr\/commencer\/labellisation-e3d-ac-nice-niveau-2-3-second-degre<\/a><\/div>\n<\/div>\n<\/div>\n<\/div>\n<div class=\"moz-signature\">\n<p>&nbsp;<\/p>\n<p><b>Toute demande d\u2019information compl\u00e9mentaire<\/b>\u00a0peut \u00eatre adress\u00e9e \u00e0 :\u00a0<a href=\"https:\/\/www.pedagogie.ac-nice.fr\/edd\/labellisation-e3d\/mission-edd@ac-nice.fr\">mission-edd@ac-nice.fr\u00a0<\/a><\/p>\n<\/div>\n","protected":false},"excerpt":{"rendered":"<p>La d\u00e9marche de labellisation \u00c9tablissement en D\u00e9marche de D\u00e9veloppement Durable (E3D) est une belle occasion de valoriser les actions d\u00e9j\u00e0 men\u00e9es en \u00e9tablissement autour de l\u2019\u00e9ducation au d\u00e9veloppement durable (EDD). Obtenir le label national E3D, c\u2019est avant tout la reconnaissance officielle de l\u2019engagement collectif de la communaut\u00e9 scolaire de l\u2019\u00e9tablissement\u00a0 : \u00e9l\u00e8ves, personnels, partenaires et [&hellip;]<\/p>\n","protected":false},"author":139,"featured_media":4423,"comment_status":"closed","ping_status":"closed","sticky":false,"template":"","format":"standard","meta":{"_et_pb_use_builder":"","_et_pb_old_content":"","_et_gb_content_width":"","ngg_post_thumbnail":0,"footnotes":""},"categories":[116,113],"tags":[],"class_list":["post-4311","post","type-post","status-publish","format-standard","has-post-thumbnail","hentry","category-candidater","category-en-avant","et-has-post-format-content","et_post_format-et-post-format-standard"],"rttpg_featured_image_url":{"full":["https:\/\/www.pedagogie.ac-nice.fr\/edd\/wp-content\/uploads\/sites\/72\/2026\/01\/Capture-decran-2026-02-17-a-10.40.34.png",980,928,false],"landscape":["https:\/\/www.pedagogie.ac-nice.fr\/edd\/wp-content\/uploads\/sites\/72\/2026\/01\/Capture-decran-2026-02-17-a-10.40.34.png",980,928,false],"portraits":["https:\/\/www.pedagogie.ac-nice.fr\/edd\/wp-content\/uploads\/sites\/72\/2026\/01\/Capture-decran-2026-02-17-a-10.40.34.png",980,928,false],"thumbnail":["https:\/\/www.pedagogie.ac-nice.fr\/edd\/wp-content\/uploads\/sites\/72\/2026\/01\/Capture-decran-2026-02-17-a-10.40.34-150x150.png",150,150,true],"medium":["https:\/\/www.pedagogie.ac-nice.fr\/edd\/wp-content\/uploads\/sites\/72\/2026\/01\/Capture-decran-2026-02-17-a-10.40.34-300x284.png",300,284,true],"large":["https:\/\/www.pedagogie.ac-nice.fr\/edd\/wp-content\/uploads\/sites\/72\/2026\/01\/Capture-decran-2026-02-17-a-10.40.34.png",980,928,false],"1536x1536":["https:\/\/www.pedagogie.ac-nice.fr\/edd\/wp-content\/uploads\/sites\/72\/2026\/01\/Capture-decran-2026-02-17-a-10.40.34.png",980,928,false],"2048x2048":["https:\/\/www.pedagogie.ac-nice.fr\/edd\/wp-content\/uploads\/sites\/72\/2026\/01\/Capture-decran-2026-02-17-a-10.40.34.png",980,928,false],"et-builder-post-main-image":["https:\/\/www.pedagogie.ac-nice.fr\/edd\/wp-content\/uploads\/sites\/72\/2026\/01\/Capture-decran-2026-02-17-a-10.40.34-400x250.png",400,250,true],"et-builder-post-main-image-fullwidth":["https:\/\/www.pedagogie.ac-nice.fr\/edd\/wp-content\/uploads\/sites\/72\/2026\/01\/Capture-decran-2026-02-17-a-10.40.34-980x675.png",980,675,true],"et-builder-portfolio-image":["https:\/\/www.pedagogie.ac-nice.fr\/edd\/wp-content\/uploads\/sites\/72\/2026\/01\/Capture-decran-2026-02-17-a-10.40.34-400x284.png",400,284,true],"et-builder-portfolio-image-single":["https:\/\/www.pedagogie.ac-nice.fr\/edd\/wp-content\/uploads\/sites\/72\/2026\/01\/Capture-decran-2026-02-17-a-10.40.34.png",980,928,false],"et-builder-gallery-image-portrait":["https:\/\/www.pedagogie.ac-nice.fr\/edd\/wp-content\/uploads\/sites\/72\/2026\/01\/Capture-decran-2026-02-17-a-10.40.34-400x516.png",400,516,true],"extra-image-huge":["https:\/\/www.pedagogie.ac-nice.fr\/edd\/wp-content\/uploads\/sites\/72\/2026\/01\/Capture-decran-2026-02-17-a-10.40.34-980x768.png",980,768,true],"extra-image-single-post":["https:\/\/www.pedagogie.ac-nice.fr\/edd\/wp-content\/uploads\/sites\/72\/2026\/01\/Capture-decran-2026-02-17-a-10.40.34-980x640.png",980,640,true],"extra-image-medium":["https:\/\/www.pedagogie.ac-nice.fr\/edd\/wp-content\/uploads\/sites\/72\/2026\/01\/Capture-decran-2026-02-17-a-10.40.34-627x376.png",627,376,true],"extra-image-small":["https:\/\/www.pedagogie.ac-nice.fr\/edd\/wp-content\/uploads\/sites\/72\/2026\/01\/Capture-decran-2026-02-17-a-10.40.34-440x264.png",440,264,true],"extra-image-square-medium":["https:\/\/www.pedagogie.ac-nice.fr\/edd\/wp-content\/uploads\/sites\/72\/2026\/01\/Capture-decran-2026-02-17-a-10.40.34-440x440.png",440,440,true],"extra-image-square-small":["https:\/\/www.pedagogie.ac-nice.fr\/edd\/wp-content\/uploads\/sites\/72\/2026\/01\/Capture-decran-2026-02-17-a-10.40.34-150x150.png",150,150,true],"mailpoet_newsletter_max":["https:\/\/www.pedagogie.ac-nice.fr\/edd\/wp-content\/uploads\/sites\/72\/2026\/01\/Capture-decran-2026-02-17-a-10.40.34.png",980,928,false],"advps-thumb-one":["https:\/\/www.pedagogie.ac-nice.fr\/edd\/wp-content\/uploads\/sites\/72\/2026\/01\/Capture-decran-2026-02-17-a-10.40.34-600x220.png",600,220,true]},"rttpg_author":{"display_name":"Yves Castel","author_link":"https:\/\/www.pedagogie.ac-nice.fr\/edd\/author\/castel\/"},"rttpg_comment":0,"rttpg_category":"<a href=\"https:\/\/www.pedagogie.ac-nice.fr\/edd\/category\/candidater\/\" rel=\"category tag\">Candidater<\/a> <a href=\"https:\/\/www.pedagogie.ac-nice.fr\/edd\/category\/en-avant\/\" rel=\"category tag\">En avant<\/a>","rttpg_excerpt":"La d\u00e9marche de labellisation \u00c9tablissement en D\u00e9marche de D\u00e9veloppement Durable (E3D) est une belle occasion de valoriser les actions d\u00e9j\u00e0 men\u00e9es en \u00e9tablissement autour de l\u2019\u00e9ducation au d\u00e9veloppement durable (EDD). Obtenir le label national E3D, c\u2019est avant tout la reconnaissance officielle de l\u2019engagement collectif de la communaut\u00e9 scolaire de l\u2019\u00e9tablissement\u00a0 : \u00e9l\u00e8ves, personnels, partenaires et\u2026","post_mailing_queue_ids":[],"_links":{"self":[{"href":"https:\/\/www.pedagogie.ac-nice.fr\/edd\/wp-json\/wp\/v2\/posts\/4311","targetHints":{"allow":["GET"]}}],"collection":[{"href":"https:\/\/www.pedagogie.ac-nice.fr\/edd\/wp-json\/wp\/v2\/posts"}],"about":[{"href":"https:\/\/www.pedagogie.ac-nice.fr\/edd\/wp-json\/wp\/v2\/types\/post"}],"author":[{"embeddable":true,"href":"https:\/\/www.pedagogie.ac-nice.fr\/edd\/wp-json\/wp\/v2\/users\/139"}],"replies":[{"embeddable":true,"href":"https:\/\/www.pedagogie.ac-nice.fr\/edd\/wp-json\/wp\/v2\/comments?post=4311"}],"version-history":[{"count":8,"href":"https:\/\/www.pedagogie.ac-nice.fr\/edd\/wp-json\/wp\/v2\/posts\/4311\/revisions"}],"predecessor-version":[{"id":5791,"href":"https:\/\/www.pedagogie.ac-nice.fr\/edd\/wp-json\/wp\/v2\/posts\/4311\/revisions\/5791"}],"wp:featuredmedia":[{"embeddable":true,"href":"https:\/\/www.pedagogie.ac-nice.fr\/edd\/wp-json\/wp\/v2\/media\/4423"}],"wp:attachment":[{"href":"https:\/\/www.pedagogie.ac-nice.fr\/edd\/wp-json\/wp\/v2\/media?parent=4311"}],"wp:term":[{"taxonomy":"category","embeddable":true,"href":"https:\/\/www.pedagogie.ac-nice.fr\/edd\/wp-json\/wp\/v2\/categories?post=4311"},{"taxonomy":"post_tag","embeddable":true,"href":"https:\/\/www.pedagogie.ac-nice.fr\/edd\/wp-json\/wp\/v2\/tags?post=4311"}],"curies":[{"name":"wp","href":"https:\/\/api.w.org\/{rel}","templated":true}]}}