{"id":502,"date":"2023-06-01T15:20:18","date_gmt":"2023-06-01T13:20:18","guid":{"rendered":"https:\/\/www.pedagogie.ac-nice.fr\/education-developpement-durable\/?p=502"},"modified":"2023-06-02T09:04:47","modified_gmt":"2023-06-02T07:04:47","slug":"labellisation-e3d","status":"publish","type":"post","link":"https:\/\/www.pedagogie.ac-nice.fr\/education-developpement-durable\/labellisation-e3d\/","title":{"rendered":"Labellisation E3D"},"content":{"rendered":"<p>La labellisation \u00ab\u00a0E3D\u00a0\u00bb (\u00c9cole en D\u00e9marche globale de D\u00e9veloppement Durable)\u00a0d\u00e9velopp\u00e9e par le minist\u00e8re de l\u2019\u00e9ducation nationale permet de reconna\u00eetre et de valoriser l\u2019investissement d\u2019une \u00e9cole engag\u00e9e dans une d\u00e9marche globale de d\u00e9veloppement durable.<\/p>\n<p>Cette labellisation n\u2019est pas une fin en soi mais un levier pour \u00e9laborer des projets p\u00e9rennes incluant toute la communaut\u00e9 \u00e9ducative. C\u2019est une vitrine aupr\u00e8s des acteurs locaux amen\u00e9s \u00e0 collaborer avec les \u00e9coles.<span class=\"Apple-converted-space\">\u00a0<\/span><\/p>\n<p>Elle doit encourager \u00ab\u00a0une approche transversale \u00e0 l\u2019\u00e9chelle de l\u2019\u00e9tablissement tout entier, en \u00e9tablissant une continuit\u00e9 entre les enseignements, les actions et projets p\u00e9dagogiques, la vie scolaire, la gestion et la maintenance de la structure tout en s\u2019ouvrant sur l\u2019ext\u00e9rieur, notamment sur le territoire et ses acteurs, par le partenariat \u00bb (Eduscol).<\/p>\n<p>Les 3 \u00e9tapes de la labellisation<span class=\"Apple-converted-space\">\u00a0<\/span><\/p>\n<p>1 Candidature<\/p>\n<p>Le formulaire de candidature pour une labellisation e3d est \u00e0 retourner par mail avant le 7 avril 2023. Vous trouverez toutes les informations sur le lien suivant :\u00a0<a href=\"https:\/\/www.pedagogie.ac-nice.fr\/edd\/index.php\/campagne-de-labellisation-des-etablissements#labellisation\" target=\"_blank\" rel=\"noopener\">Etablissements<\/a>. Il est conseill\u00e9 de ne pas attendre la date butoir pour le d\u00e9p\u00f4t de candidature ce qui permettra d\u2019\u00e9taler les visites diagnostiques dans le temps et ainsi s\u2019assurer qu\u2019elles auront toutes lieues dans les meilleures conditions.<\/p>\n<p>Des compl\u00e9ments d\u2019information peuvent vous \u00eatre apport\u00e9s pour faciliter la r\u00e9daction de votre candidature en vous adressant \u00e0 maitre.referent-edd@ac-nice.fr<\/p>\n<p>2 Visite diagnostique<\/p>\n<p>R\u00e9alis\u00e9e par Daniel Berriaux IEN charg\u00e9 de la mission EDD, elle est un moment de dialogue durant lequel sont \u00e9voqu\u00e9es les actions men\u00e9es, leur renforcement, leur p\u00e9rennisation, les possibilit\u00e9s d\u2019\u00e9volution des projets EDD.<\/p>\n<p>3 Examen de la candidature<\/p>\n<p>Au cours du mois de mai un jury se r\u00e9unit pour \u00e9valuer la candidature et attribuer un des trois niveaux de labellisation (I Engagement, II Approfondissement, III D\u00e9ploiement). Ces trois niveaux permettent aux \u00e9coles des s\u2019engager tr\u00e8s progressivement dans une d\u00e9marche globale de d\u00e9veloppement durable. Les projets EDD propos\u00e9s par les collectivit\u00e9s territoriales, les associations peuvent \u00eatre de bons supports pour cette labellisation.<\/p>\n<p>Les cl\u00e9s de la r\u00e9ussite.<\/p>\n<p>6 cl\u00e9s pour r\u00e9ussir au mieux\u00a0la\u00a0mise\u00a0en place d&rsquo;une d\u00e9marche globale\u00a0de d\u00e9veloppement durable dans une \u00e9cole :<\/p>\n<p>&nbsp;<\/p>\n<ul>\n<li>Avoir, au sein de l&rsquo;\u00e9tablissement, une culture commune du d\u00e9veloppement durable, de ses enjeux et des concepts li\u00e9s.<span class=\"Apple-converted-space\">\u00a0<\/span><\/li>\n<li>\u00catre r\u00e9aliste et modeste : l&rsquo;entr\u00e9e dans la d\u00e9marche DD doit \u00eatre soutenable et progressive. Il est indispensable de se donner du temps : il faut \u00eatre volontaire mais pas impatient.<\/li>\n<li>\u00catre simple pour perdurer car g\u00e9n\u00e9ralement ce qui n&rsquo;est pas simple, n&rsquo;est pas durable.<\/li>\n<li>Adapter la d\u00e9marche \u00e0 l&rsquo;\u00e9tablissement : cette d\u00e9marche doit s&rsquo;int\u00e9grer dans des structures d\u00e9j\u00e0 existantes tout en cr\u00e9ant quelques dispositifs propres.<\/li>\n<li>Communiquer (m\u00eame si le projet est modeste) en interne mais \u00e9galement en dehors de l&rsquo;\u00e9tablissement scolaire (ne pas oublier de diffuser les informations sur le site Internet de l&rsquo;\u00e9tablissement et d&rsquo;en informer les m\u00e9dias locaux). Ceci permet aux diff\u00e9rents acteurs du projet de se rassurer et de se (re)motiver, \u00e9l\u00e9ments indispensables pour assurer la durabilit\u00e9 de ce type de d\u00e9marche.<\/li>\n<li>Travailler en partenariat : \u00ab se dire que l&rsquo;on n&rsquo;est pas seul \u00bb Ce type de d\u00e9marche n\u00e9cessite un accompagnement (formations, partenariats avec des associations locales, des collectivit\u00e9s territoriales\u2026).<\/li>\n<\/ul>\n<p>La labellisation E3D participe donc \u00e0 la n\u00e9cessit\u00e9 de faire \u00e9merger au sein de l\u2019\u00e9cole une \u00e9thique du d\u00e9veloppement durable qui \u00e0 terme transformera son fonctionnement afin d\u2019assurer le respect des dix-sept objectifs primordiaux du d\u00e9veloppement durable.<\/p>\n<p>Toutes les infos et d\u00e9marches d\u2019inscription sur le site acad\u00e9mique<span class=\"Apple-converted-space\">\u00a0<\/span><\/p>\n<p><a href=\"https:\/\/www.pedagogie.ac-nice.fr\/edd\/index.php\/campagne-de-labellisation-des-etablissements\" target=\"_blank\" rel=\"noopener\">Informations et inscriptions<\/a><\/p>\n<p>Des sources d\u2019information.<\/p>\n<p><a href=\"https:\/\/www.education.gouv.fr\/bo\/20\/Hebdo36\/MENE2025449C.htm\" target=\"_blank\" rel=\"noopener\">https:\/\/www.education.gouv.fr\/bo\/20\/Hebdo36\/MENE2025449C.htm<\/a><\/p>\n<p>Le BO du 24 septembre 2020 sur le renforcement de l\u2019EDD et l\u2019annexe pr\u00e9sentant le label E3D<\/p>\n<p><a href=\"https:\/\/www.education.gouv.fr\/bo\/13\/Hebdo31\/MENE1320526N.htm\" target=\"_blank\" rel=\"noopener\">https:\/\/www.education.gouv.fr\/bo\/13\/Hebdo31\/MENE1320526N.htm<\/a><\/p>\n<p>R\u00e9f\u00e9rentiel de mise en \u0153uvre de Labellisation E3D<\/p>\n<p><a href=\"https:\/\/eduscol.education.fr\/1118\/la-labellisation-e3d\" target=\"_blank\" rel=\"noopener\">https:\/\/eduscol.education.fr\/1118\/la-labellisation-e3d<\/a><\/p>\n<p>Un dossier E3D d\u2019Eduscol et un Vademecum EDD t\u00e9l\u00e9chargeable<span class=\"Apple-converted-space\">\u00a0<\/span><\/p>\n","protected":false},"excerpt":{"rendered":"<p>La labellisation \u00ab\u00a0E3D\u00a0\u00bb (\u00c9cole en D\u00e9marche globale de D\u00e9veloppement Durable)\u00a0d\u00e9velopp\u00e9e par le minist\u00e8re de l\u2019\u00e9ducation nationale permet de reconna\u00eetre et de valoriser l\u2019investissement d\u2019une \u00e9cole engag\u00e9e dans une d\u00e9marche globale de d\u00e9veloppement durable. Cette labellisation n\u2019est pas une fin en &hellip; <a href=\"https:\/\/www.pedagogie.ac-nice.fr\/education-developpement-durable\/labellisation-e3d\/\">Continuer la lecture <span class=\"meta-nav\">&rarr;<\/span><\/a><\/p>\n","protected":false},"author":329,"featured_media":536,"comment_status":"closed","ping_status":"closed","sticky":false,"template":"","format":"standard","meta":{"footnotes":""},"categories":[7],"tags":[],"class_list":["post-502","post","type-post","status-publish","format-standard","has-post-thumbnail","hentry","category-a-la-une"],"rttpg_featured_image_url":{"full":["https:\/\/www.pedagogie.ac-nice.fr\/education-developpement-durable\/wp-content\/uploads\/sites\/62\/2023\/06\/D47212D1-2FB0-41F8-A8E1-01BD6E1895F6.jpeg",1200,675,false],"landscape":["https:\/\/www.pedagogie.ac-nice.fr\/education-developpement-durable\/wp-content\/uploads\/sites\/62\/2023\/06\/D47212D1-2FB0-41F8-A8E1-01BD6E1895F6.jpeg",1200,675,false],"portraits":["https:\/\/www.pedagogie.ac-nice.fr\/education-developpement-durable\/wp-content\/uploads\/sites\/62\/2023\/06\/D47212D1-2FB0-41F8-A8E1-01BD6E1895F6.jpeg",1200,675,false],"thumbnail":["https:\/\/www.pedagogie.ac-nice.fr\/education-developpement-durable\/wp-content\/uploads\/sites\/62\/2023\/06\/D47212D1-2FB0-41F8-A8E1-01BD6E1895F6-150x150.jpeg",150,150,true],"medium":["https:\/\/www.pedagogie.ac-nice.fr\/education-developpement-durable\/wp-content\/uploads\/sites\/62\/2023\/06\/D47212D1-2FB0-41F8-A8E1-01BD6E1895F6-300x169.jpeg",300,169,true],"large":["https:\/\/www.pedagogie.ac-nice.fr\/education-developpement-durable\/wp-content\/uploads\/sites\/62\/2023\/06\/D47212D1-2FB0-41F8-A8E1-01BD6E1895F6-1024x576.jpeg",584,329,true],"1536x1536":["https:\/\/www.pedagogie.ac-nice.fr\/education-developpement-durable\/wp-content\/uploads\/sites\/62\/2023\/06\/D47212D1-2FB0-41F8-A8E1-01BD6E1895F6.jpeg",1200,675,false],"2048x2048":["https:\/\/www.pedagogie.ac-nice.fr\/education-developpement-durable\/wp-content\/uploads\/sites\/62\/2023\/06\/D47212D1-2FB0-41F8-A8E1-01BD6E1895F6.jpeg",1200,675,false],"post-thumbnail":["https:\/\/www.pedagogie.ac-nice.fr\/education-developpement-durable\/wp-content\/uploads\/sites\/62\/2023\/06\/D47212D1-2FB0-41F8-A8E1-01BD6E1895F6.jpeg",512,288,false],"large-feature":["https:\/\/www.pedagogie.ac-nice.fr\/education-developpement-durable\/wp-content\/uploads\/sites\/62\/2023\/06\/D47212D1-2FB0-41F8-A8E1-01BD6E1895F6.jpeg",512,288,false],"small-feature":["https:\/\/www.pedagogie.ac-nice.fr\/education-developpement-durable\/wp-content\/uploads\/sites\/62\/2023\/06\/D47212D1-2FB0-41F8-A8E1-01BD6E1895F6.jpeg",500,281,false],"advps-thumb-one":["https:\/\/www.pedagogie.ac-nice.fr\/education-developpement-durable\/wp-content\/uploads\/sites\/62\/2023\/06\/D47212D1-2FB0-41F8-A8E1-01BD6E1895F6-600x220.jpeg",600,220,true]},"rttpg_author":{"display_name":"vauger","author_link":"https:\/\/www.pedagogie.ac-nice.fr\/education-developpement-durable\/author\/erun0060661\/"},"rttpg_comment":0,"rttpg_category":"<a href=\"https:\/\/www.pedagogie.ac-nice.fr\/education-developpement-durable\/article\/nos-articles\/a-la-une\/\" rel=\"category tag\">A la une<\/a>","rttpg_excerpt":"La labellisation \u00ab\u00a0E3D\u00a0\u00bb (\u00c9cole en D\u00e9marche globale de D\u00e9veloppement Durable)\u00a0d\u00e9velopp\u00e9e par le minist\u00e8re de l\u2019\u00e9ducation nationale permet de reconna\u00eetre et de valoriser l\u2019investissement d\u2019une \u00e9cole engag\u00e9e dans une d\u00e9marche globale de d\u00e9veloppement durable. Cette labellisation n\u2019est pas une fin en &hellip; Continuer la lecture &rarr;","post_mailing_queue_ids":[],"_links":{"self":[{"href":"https:\/\/www.pedagogie.ac-nice.fr\/education-developpement-durable\/wp-json\/wp\/v2\/posts\/502","targetHints":{"allow":["GET"]}}],"collection":[{"href":"https:\/\/www.pedagogie.ac-nice.fr\/education-developpement-durable\/wp-json\/wp\/v2\/posts"}],"about":[{"href":"https:\/\/www.pedagogie.ac-nice.fr\/education-developpement-durable\/wp-json\/wp\/v2\/types\/post"}],"author":[{"embeddable":true,"href":"https:\/\/www.pedagogie.ac-nice.fr\/education-developpement-durable\/wp-json\/wp\/v2\/users\/329"}],"replies":[{"embeddable":true,"href":"https:\/\/www.pedagogie.ac-nice.fr\/education-developpement-durable\/wp-json\/wp\/v2\/comments?post=502"}],"version-history":[{"count":7,"href":"https:\/\/www.pedagogie.ac-nice.fr\/education-developpement-durable\/wp-json\/wp\/v2\/posts\/502\/revisions"}],"predecessor-version":[{"id":540,"href":"https:\/\/www.pedagogie.ac-nice.fr\/education-developpement-durable\/wp-json\/wp\/v2\/posts\/502\/revisions\/540"}],"wp:featuredmedia":[{"embeddable":true,"href":"https:\/\/www.pedagogie.ac-nice.fr\/education-developpement-durable\/wp-json\/wp\/v2\/media\/536"}],"wp:attachment":[{"href":"https:\/\/www.pedagogie.ac-nice.fr\/education-developpement-durable\/wp-json\/wp\/v2\/media?parent=502"}],"wp:term":[{"taxonomy":"category","embeddable":true,"href":"https:\/\/www.pedagogie.ac-nice.fr\/education-developpement-durable\/wp-json\/wp\/v2\/categories?post=502"},{"taxonomy":"post_tag","embeddable":true,"href":"https:\/\/www.pedagogie.ac-nice.fr\/education-developpement-durable\/wp-json\/wp\/v2\/tags?post=502"}],"curies":[{"name":"wp","href":"https:\/\/api.w.org\/{rel}","templated":true}]}}