{"id":5187,"date":"2021-09-09T05:34:19","date_gmt":"2021-09-09T03:34:19","guid":{"rendered":"https:\/\/www.pedagogie.ac-nice.fr\/eps\/?p=5187"},"modified":"2025-02-27T10:21:23","modified_gmt":"2025-02-27T09:21:23","slug":"vademecum-academique","status":"publish","type":"post","link":"https:\/\/www.pedagogie.ac-nice.fr\/eps\/vademecum-academique\/","title":{"rendered":"VADEMECUM ACADEMIQUE APPN"},"content":{"rendered":"<h2>Vad\u00e9m\u00e9cum acad\u00e9mique sur la s\u00e9curit\u00e9 dans l&rsquo;enseignement des activit\u00e9s de pleine nature (APPN)<\/h2>\n<p>Il a pour objectif de rassembler les informations n\u00e9cessaires d&rsquo;ordre r\u00e9glementaire et p\u00e9dagogique. Il est destin\u00e9 aux personnels d&rsquo;encadrement et aux enseignants du 1er et 2nd degr\u00e9, et \u00e0 vocation \u00e0 aider \u00e0 mettre en \u0153uvre les conditions s\u00e9curitaires pour organiser l&rsquo;enseignement des APPN respectueuses des exigences institutionnelles, en r\u00e9f\u00e9rence \u00e0 la circulaire n\u00b0 2017-075 du 19.04.2017.<\/p>\n<p><a href=\"https:\/\/www.pedagogie.ac-nice.fr\/eps\/wp-content\/uploads\/sites\/20\/2021\/09\/VADEMECUM-ACADEMIQUE_-Avril-2018_La-se\u0301curite\u0301-dans-lenseignement-des-activite\u0301s-de-pleine-nature.-1er-et-2nd-degre\u0301s.pdf\" target=\"_blank\" rel=\"noopener\"><img loading=\"lazy\" decoding=\"async\" class=\"size-medium wp-image-3012 alignleft\" src=\"https:\/\/www.pedagogie.ac-nice.fr\/eps\/wp-content\/uploads\/sites\/20\/2018\/09\/Capture-d\u2019\u00e9cran-2018-09-09-\u00e0-13.03.10-226x300.png\" alt=\"\" width=\"226\" height=\"300\" srcset=\"https:\/\/www.pedagogie.ac-nice.fr\/eps\/wp-content\/uploads\/sites\/20\/2018\/09\/Capture-d\u2019\u00e9cran-2018-09-09-\u00e0-13.03.10-226x300.png 226w, https:\/\/www.pedagogie.ac-nice.fr\/eps\/wp-content\/uploads\/sites\/20\/2018\/09\/Capture-d\u2019\u00e9cran-2018-09-09-\u00e0-13.03.10-768x1020.png 768w, https:\/\/www.pedagogie.ac-nice.fr\/eps\/wp-content\/uploads\/sites\/20\/2018\/09\/Capture-d\u2019\u00e9cran-2018-09-09-\u00e0-13.03.10-771x1024.png 771w, https:\/\/www.pedagogie.ac-nice.fr\/eps\/wp-content\/uploads\/sites\/20\/2018\/09\/Capture-d\u2019\u00e9cran-2018-09-09-\u00e0-13.03.10.png 934w\" sizes=\"auto, (max-width: 226px) 100vw, 226px\" \/><\/a>Les activit\u00e9s de pleine nature sont de merveilleux terrains d&rsquo;exp\u00e9riences pour offrir aux \u00e9l\u00e8ves des situations porteuses de transformation et d&rsquo;\u00e9panouissement. L&rsquo;enseignement des APPN en \u00e9ducation physique et sportive (EPS), \u00e0 l&rsquo;association sportive, lors de s\u00e9jours ou stages et dans tout autre dispositif scolaire facultatif, interdisciplinaire ou transversal offre des occasions concr\u00e8tes d&rsquo;une \u00e9ducation \u00e0 la ma\u00eetrise des risques et de l&rsquo;autonomie pour maintenant et plus tard.<\/p>\n<div id=\"principal\">\n<p>Cette mission de l&rsquo;\u00e9cole engage particuli\u00e8rement la responsabilit\u00e9 des chefs d&rsquo;\u00e9tablissements et des enseignants dans l&rsquo;exigence de la s\u00e9curisation des activit\u00e9s physiques de pleine nature programm\u00e9es dans le cadre scolaire.<\/p>\n<p>Le vad\u00e9m\u00e9cum acad\u00e9mique sur la s\u00e9curit\u00e9 dans l&rsquo;enseignement des APPN concerne l&rsquo;int\u00e9gralit\u00e9 des dispositifs relatifs \u00e0 l&rsquo;encadrement des activit\u00e9s de pleine nature de tous les \u00e9l\u00e8ves scolaris\u00e9s dans l&rsquo;acad\u00e9mie de Nice. C&rsquo;est \u00e0 dire, l&rsquo;enseignement obligatoire de l&rsquo;EPS (1er et 2nd degr\u00e9), l&rsquo;enseignement facultatif, les sections sportives scolaires, les pratiques de l&rsquo;association sportive &#8211; USEP &#8211; UNSS, les enseignements d&rsquo;exploration et de compl\u00e9ment, les enseignements dispens\u00e9s dans les \u00e9tablissements en bi-qualification ainsi que les sorties p\u00e9dagogiques, les stages sportifs relevant de la politique \u00e9ducative de l&rsquo;\u00e9tablissement.<\/p>\n<p>Le vad\u00e9m\u00e9cum acad\u00e9mique est le fruit d&rsquo;un travail de r\u00e9flexion du groupe d&rsquo;experts mis en place par le recteur en septembre 2017.<\/p>\n<\/div>\n","protected":false},"excerpt":{"rendered":"<p>Vad\u00e9m\u00e9cum acad\u00e9mique sur la s\u00e9curit\u00e9 dans l&rsquo;enseignement des activit\u00e9s de pleine nature (APPN) Il a pour objectif de rassembler les informations n\u00e9cessaires d&rsquo;ordre r\u00e9glementaire et p\u00e9dagogique. Il est destin\u00e9 aux personnels d&rsquo;encadrement et aux enseignants du 1er et 2nd degr\u00e9, et \u00e0 vocation \u00e0 aider \u00e0 mettre en \u0153uvre les conditions s\u00e9curitaires pour organiser l&rsquo;enseignement &hellip; <a href=\"https:\/\/www.pedagogie.ac-nice.fr\/eps\/vademecum-academique\/\" class=\"more-link\">Continuer la lecture de <span class=\"screen-reader-text\">VADEMECUM ACADEMIQUE APPN<\/span> <span class=\"meta-nav\">&rarr;<\/span><\/a><\/p>\n","protected":false},"author":267,"featured_media":0,"comment_status":"closed","ping_status":"closed","sticky":false,"template":"","format":"standard","meta":{"footnotes":""},"categories":[1],"tags":[],"class_list":["post-5187","post","type-post","status-publish","format-standard","hentry","category-non-classe"],"rttpg_featured_image_url":null,"rttpg_author":{"display_name":"cedricjourdan","author_link":"https:\/\/www.pedagogie.ac-nice.fr\/eps\/author\/cedricjourdan\/"},"rttpg_comment":0,"rttpg_category":"<a href=\"https:\/\/www.pedagogie.ac-nice.fr\/eps\/category\/non-classe\/\" rel=\"category tag\">Non class\u00e9<\/a>","rttpg_excerpt":"Vad\u00e9m\u00e9cum acad\u00e9mique sur la s\u00e9curit\u00e9 dans l&rsquo;enseignement des activit\u00e9s de pleine nature (APPN) Il a pour objectif de rassembler les informations n\u00e9cessaires d&rsquo;ordre r\u00e9glementaire et p\u00e9dagogique. Il est destin\u00e9 aux personnels d&rsquo;encadrement et aux enseignants du 1er et 2nd degr\u00e9, et \u00e0 vocation \u00e0 aider \u00e0 mettre en \u0153uvre les conditions s\u00e9curitaires pour organiser l&rsquo;enseignement\u2026","post_mailing_queue_ids":[],"_links":{"self":[{"href":"https:\/\/www.pedagogie.ac-nice.fr\/eps\/wp-json\/wp\/v2\/posts\/5187","targetHints":{"allow":["GET"]}}],"collection":[{"href":"https:\/\/www.pedagogie.ac-nice.fr\/eps\/wp-json\/wp\/v2\/posts"}],"about":[{"href":"https:\/\/www.pedagogie.ac-nice.fr\/eps\/wp-json\/wp\/v2\/types\/post"}],"author":[{"embeddable":true,"href":"https:\/\/www.pedagogie.ac-nice.fr\/eps\/wp-json\/wp\/v2\/users\/267"}],"replies":[{"embeddable":true,"href":"https:\/\/www.pedagogie.ac-nice.fr\/eps\/wp-json\/wp\/v2\/comments?post=5187"}],"version-history":[{"count":4,"href":"https:\/\/www.pedagogie.ac-nice.fr\/eps\/wp-json\/wp\/v2\/posts\/5187\/revisions"}],"predecessor-version":[{"id":7628,"href":"https:\/\/www.pedagogie.ac-nice.fr\/eps\/wp-json\/wp\/v2\/posts\/5187\/revisions\/7628"}],"wp:attachment":[{"href":"https:\/\/www.pedagogie.ac-nice.fr\/eps\/wp-json\/wp\/v2\/media?parent=5187"}],"wp:term":[{"taxonomy":"category","embeddable":true,"href":"https:\/\/www.pedagogie.ac-nice.fr\/eps\/wp-json\/wp\/v2\/categories?post=5187"},{"taxonomy":"post_tag","embeddable":true,"href":"https:\/\/www.pedagogie.ac-nice.fr\/eps\/wp-json\/wp\/v2\/tags?post=5187"}],"curies":[{"name":"wp","href":"https:\/\/api.w.org\/{rel}","templated":true}]}}