{"id":5873,"date":"2021-10-12T10:57:51","date_gmt":"2021-10-12T08:57:51","guid":{"rendered":"https:\/\/www.pedagogie.ac-nice.fr\/eps\/?p=5873"},"modified":"2023-05-02T18:54:42","modified_gmt":"2023-05-02T16:54:42","slug":"pratiques-sportives","status":"publish","type":"post","link":"https:\/\/www.pedagogie.ac-nice.fr\/eps\/pratiques-sportives\/","title":{"rendered":"Pratiques sportives"},"content":{"rendered":"<h2>D\u00e9ploiement du dispositif deux heures hebdomadaires suppl\u00e9mentaires d\u2019activit\u00e9 physique et sportive pour les coll\u00e9giens &#8211; Rentr\u00e9e scolaire 2023<\/h2>\n<a href=\"https:\/\/www.pedagogie.ac-nice.fr\/eps\/wp-content\/uploads\/sites\/20\/2023\/05\/2h-APS_BO-n\u00b017-du-27-04-2023.pdf\" class=\"pdfemb-viewer\" style=\"\" data-width=\"max\" data-height=\"max\" data-toolbar=\"bottom\" data-toolbar-fixed=\"off\">2h APS_BO n\u00b017 du 27 04 2023<\/a>\n<p><a href=\"https:\/\/www.pedagogie.ac-nice.fr\/eps\/wp-content\/uploads\/sites\/20\/2023\/05\/2h-APS_BO-n\u00b017-du-27-04-2023.pdf\" target=\"_blank\" rel=\"noopener\">A TELECHARGER ICI AU FORMAT PDF<\/a><\/p>\n<p>&nbsp;<\/p>\n<h2>Exp\u00e9rimentation 2h hebdomadaires suppl\u00e9mentaires d&rsquo;activit\u00e9 physique et sportive pour les coll\u00e9giens<\/h2>\n<p><a href=\"https:\/\/www.pedagogie.ac-nice.fr\/eps\/wp-content\/uploads\/sites\/20\/2022\/09\/2hEPS_note-de-service_26082022.pdf\" target=\"_blank\" rel=\"noopener\">Note de service du 26 08 2022<\/a><\/p>\n<h2>Circulaire du 23 juin 2021 relative aux pratiques sportives<\/h2>\n<p>\u00c9l\u00e9ment clef de l&rsquo;apprentissage d&rsquo;une culture sp\u00e9cifique, des r\u00e8gles de vie en soci\u00e9t\u00e9 et du respect d&rsquo;autrui, la pratique r\u00e9guli\u00e8re d&rsquo;une activit\u00e9 physique et sportive (APS) doit \u00eatre favoris\u00e9e dans l&rsquo;ensemble des espaces et temps scolaires, avec et au-del\u00e0 de l&rsquo;\u00e9ducation physique et sportive (EPS), discipline obligatoire, et du sport scolaire qui en constituent le fil conducteur.<\/p>\n<a href=\"https:\/\/www.pedagogie.ac-nice.fr\/eps\/wp-content\/uploads\/sites\/20\/2021\/10\/sport_circulaire_23-6-2021_pratiques-sportives.pdf\" class=\"pdfemb-viewer\" style=\"\" data-width=\"max\" data-height=\"max\" data-toolbar=\"bottom\" data-toolbar-fixed=\"off\">sport_circulaire_23 6 2021_pratiques sportives<\/a>\n<p><a href=\"https:\/\/www.pedagogie.ac-nice.fr\/eps\/wp-content\/uploads\/sites\/20\/2021\/10\/sport_circulaire_23-6-2021_pratiques-sportives.pdf\" target=\"_blank\" rel=\"noopener\">A TELECHARGER ICI AU FORMAT PDF<\/a><\/p>\n<h2>Loi du 2 mars 2022 visant \u00e0 d\u00e9mocratiser le sport en France<\/h2>\n<div id=\"actualite\" class=\"lead\">\n<p>Cette loi facilite le sport sant\u00e9 et l&rsquo;acc\u00e8s des associations aux \u00e9quipements sportifs scolaires. Elle pr\u00e9voit le renouvellement des instances dirigeantes, avec la parit\u00e9 femmes\/hommes dans les f\u00e9d\u00e9rations sportives et la limitation du nombre de mandats des pr\u00e9sidents. Enfin, elle tend \u00e0 prot\u00e9ger le mod\u00e8le \u00e9conomique du sport.<\/p>\n<\/div>\n<p>L&rsquo;objectif de d\u00e9mocratisation du sport en France s&rsquo;articule en trois parties dans la loi du 2\u00a0mars\u00a02022\u00a0:<br \/>\n&#8211; D\u00e9veloppement de la pratique sportive pour le plus grand nombre.<br \/>\n&#8211; Renouvellement de la gouvernance des f\u00e9d\u00e9rations<br \/>\n&#8211; Consolidation du mod\u00e8le \u00e9conomique du sport.<\/p>\n<a href=\"https:\/\/www.pedagogie.ac-nice.fr\/eps\/wp-content\/uploads\/sites\/20\/2021\/10\/Loi_2_mars_2022_visant-a\u0300-democratiser-le-sport-en-France.pdf\" class=\"pdfemb-viewer\" style=\"\" data-width=\"max\" data-height=\"max\" data-toolbar=\"bottom\" data-toolbar-fixed=\"off\">Loi_2_mars_2022_visant a\u0300 democratiser le sport en France<\/a>\n<p><a href=\"https:\/\/www.pedagogie.ac-nice.fr\/eps\/wp-content\/uploads\/sites\/20\/2021\/10\/Loi_2_mars_2022_visant-a\u0300-democratiser-le-sport-en-France.pdf\" target=\"_blank\" rel=\"noopener\">A TELECHARGER ICI AU FORMAT PDF<\/a><\/p>\n","protected":false},"excerpt":{"rendered":"<p>D\u00e9ploiement du dispositif deux heures hebdomadaires suppl\u00e9mentaires d\u2019activit\u00e9 physique et sportive pour les coll\u00e9giens &#8211; Rentr\u00e9e scolaire 2023 A TELECHARGER ICI AU FORMAT PDF &nbsp; Exp\u00e9rimentation 2h hebdomadaires suppl\u00e9mentaires d&rsquo;activit\u00e9 physique et sportive pour les coll\u00e9giens Note de service du 26 08 2022 Circulaire du 23 juin 2021 relative aux pratiques sportives \u00c9l\u00e9ment clef de &hellip; <a href=\"https:\/\/www.pedagogie.ac-nice.fr\/eps\/pratiques-sportives\/\" class=\"more-link\">Continuer la lecture de <span class=\"screen-reader-text\">Pratiques sportives<\/span> <span class=\"meta-nav\">&rarr;<\/span><\/a><\/p>\n","protected":false},"author":133,"featured_media":0,"comment_status":"closed","ping_status":"closed","sticky":false,"template":"","format":"standard","meta":{"footnotes":""},"categories":[1],"tags":[58],"class_list":["post-5873","post","type-post","status-publish","format-standard","hentry","category-non-classe","tag-eps-et-sport"],"rttpg_featured_image_url":null,"rttpg_author":{"display_name":"Karine Logeart","author_link":"https:\/\/www.pedagogie.ac-nice.fr\/eps\/author\/k-logeart\/"},"rttpg_comment":1,"rttpg_category":"<a href=\"https:\/\/www.pedagogie.ac-nice.fr\/eps\/category\/non-classe\/\" rel=\"category tag\">Non class\u00e9<\/a>","rttpg_excerpt":"D\u00e9ploiement du dispositif deux heures hebdomadaires suppl\u00e9mentaires d\u2019activit\u00e9 physique et sportive pour les coll\u00e9giens &#8211; Rentr\u00e9e scolaire 2023 A TELECHARGER ICI AU FORMAT PDF &nbsp; Exp\u00e9rimentation 2h hebdomadaires suppl\u00e9mentaires d&rsquo;activit\u00e9 physique et sportive pour les coll\u00e9giens Note de service du 26 08 2022 Circulaire du 23 juin 2021 relative aux pratiques sportives \u00c9l\u00e9ment clef de\u2026","post_mailing_queue_ids":[],"_links":{"self":[{"href":"https:\/\/www.pedagogie.ac-nice.fr\/eps\/wp-json\/wp\/v2\/posts\/5873","targetHints":{"allow":["GET"]}}],"collection":[{"href":"https:\/\/www.pedagogie.ac-nice.fr\/eps\/wp-json\/wp\/v2\/posts"}],"about":[{"href":"https:\/\/www.pedagogie.ac-nice.fr\/eps\/wp-json\/wp\/v2\/types\/post"}],"author":[{"embeddable":true,"href":"https:\/\/www.pedagogie.ac-nice.fr\/eps\/wp-json\/wp\/v2\/users\/133"}],"replies":[{"embeddable":true,"href":"https:\/\/www.pedagogie.ac-nice.fr\/eps\/wp-json\/wp\/v2\/comments?post=5873"}],"version-history":[{"count":7,"href":"https:\/\/www.pedagogie.ac-nice.fr\/eps\/wp-json\/wp\/v2\/posts\/5873\/revisions"}],"predecessor-version":[{"id":6832,"href":"https:\/\/www.pedagogie.ac-nice.fr\/eps\/wp-json\/wp\/v2\/posts\/5873\/revisions\/6832"}],"wp:attachment":[{"href":"https:\/\/www.pedagogie.ac-nice.fr\/eps\/wp-json\/wp\/v2\/media?parent=5873"}],"wp:term":[{"taxonomy":"category","embeddable":true,"href":"https:\/\/www.pedagogie.ac-nice.fr\/eps\/wp-json\/wp\/v2\/categories?post=5873"},{"taxonomy":"post_tag","embeddable":true,"href":"https:\/\/www.pedagogie.ac-nice.fr\/eps\/wp-json\/wp\/v2\/tags?post=5873"}],"curies":[{"name":"wp","href":"https:\/\/api.w.org\/{rel}","templated":true}]}}