{"id":6393,"date":"2022-03-16T17:27:22","date_gmt":"2022-03-16T16:27:22","guid":{"rendered":"https:\/\/www.pedagogie.ac-nice.fr\/eps\/?p=6393"},"modified":"2025-11-10T16:45:10","modified_gmt":"2025-11-10T15:45:10","slug":"savoir-nager","status":"publish","type":"post","link":"https:\/\/www.pedagogie.ac-nice.fr\/eps\/savoir-nager\/","title":{"rendered":"SAVOIR NAGER"},"content":{"rendered":"<p><img loading=\"lazy\" decoding=\"async\" class=\"alignleft\" src=\"https:\/\/www.pedagogie.ac-nice.fr\/eps\/wp-content\/uploads\/sites\/20\/2021\/10\/8.png\" width=\"354\" height=\"199\" \/><\/p>\n<p><a href=\"https:\/\/www.pedagogie.ac-nice.fr\/eps\/wp-content\/uploads\/sites\/20\/2022\/03\/natation_note-de-service_28-02-2022.pdf\" target=\"_blank\" rel=\"noopener\"><span style=\"text-decoration: underline;\"><strong>La note de service du 28 f\u00e9vrier 2022<\/strong><\/span><\/a> parue au BO n\u00b09 du 3 mars 2022\u00a0 a pour objet de d\u00e9finir les conditions de l&rsquo;enseignement de la natation dans les premier et second degr\u00e9s dans le respect du cadre l\u00e9gislatif et r\u00e9glementaire en vigueur. Elle a pour objet de d\u00e9finir les conditions de l&rsquo;acquisition par les \u00e9l\u00e8ves, d\u00e8s leur plus jeune \u00e2ge, d&rsquo;une aisance suffisante pour \u00e9voluer en s\u00e9curit\u00e9 dans le milieu aquatique et de d\u00e9finir l&rsquo;enseignement de la natation dans le cadre scolaire, dans le respect de la r\u00e9glementation en vigueur. Elle vise \u00e0 faire toute sa place aux premiers apprentissages permettant d&rsquo;\u00e9voluer en s\u00e9curit\u00e9 dans un milieu aquatique surveill\u00e9 tout en conservant la perspective de la construction des comp\u00e9tences, par la pratique de la natation et des activit\u00e9s aquatiques, d\u00e9finies par le programme de l&rsquo;EPS au fil de la scolarit\u00e9.<\/p>\n<p><em>Elle abroge la circulaire n\u00b0 2017-127 du 22 aout 2017 .<\/em><\/p>\n<p>&nbsp;<\/p>\n<h2><span style=\"color: #000000;\"><a style=\"color: #000000;\" href=\"https:\/\/www.pedagogie.ac-nice.fr\/eps\/wp-content\/uploads\/sites\/20\/2022\/03\/modele-attestation-savoir-nager.pdf\" target=\"_blank\" rel=\"noopener\">Attestation<\/a> <\/span><strong>du \u00ab\u00a0Savoir Nager\u00a0\u00bb en S\u00e9curit\u00e9 (ASNS)<\/strong><\/h2>\n<p>Le SAVOIR NAGER S\u00c9CURITAIRE: <span style=\"text-decoration: underline;\"><strong>\u00a0<a href=\"https:\/\/www.pedagogie.ac-nice.fr\/eps\/wp-content\/uploads\/sites\/20\/2022\/03\/savoir-nager_Arrete_28-02-2022_attestation-savoir-nager-en-securite.pdf\" target=\"_blank\" rel=\"noopener\">Arr\u00eat\u00e9 du 28 f\u00e9vrier 2022<\/a><\/strong><\/span><\/p>\n<p><em>Il abroge l&rsquo;<span class=\"nor_nature\">arr\u00eat\u00e9 du 9-7-2015 publi\u00e9 au<\/span> BO n\u00b030 du 23 juillet 2015.<\/em><\/p>\n<p>&nbsp;<\/p>\n<p><strong>Vid\u00e9o du test<\/strong> du savoir nager: \u00a0 \u00a0 <a href=\"https:\/\/www.youtube.com\/watch?v=JRw6g5HsvEg\" target=\"_blank\" rel=\"noopener noreferrer\"><img loading=\"lazy\" decoding=\"async\" class=\"\" src=\"https:\/\/www.pedagogie.ac-nice.fr\/eps\/wp-content\/uploads\/sites\/20\/2017\/10\/savoir-nager-1.jpg\" width=\"120\" height=\"80\" \/><\/a><\/p>\n<p><img loading=\"lazy\" decoding=\"async\" class=\"alignnone wp-image-7429\" src=\"https:\/\/www.pedagogie.ac-nice.fr\/eps\/wp-content\/uploads\/sites\/20\/2024\/09\/logo-attention-300x253.jpg\" alt=\"\" width=\"72\" height=\"61\" srcset=\"https:\/\/www.pedagogie.ac-nice.fr\/eps\/wp-content\/uploads\/sites\/20\/2024\/09\/logo-attention-300x253.jpg 300w, https:\/\/www.pedagogie.ac-nice.fr\/eps\/wp-content\/uploads\/sites\/20\/2024\/09\/logo-attention.jpg 438w\" sizes=\"auto, (max-width: 72px) 100vw, 72px\" \/> Une erreur est pr\u00e9sente sur cette ancienne pr\u00e9sentation , le parcours doit etre r\u00e9alis\u00e9 sur 20 m\u00e8tres (et non sur 15 comme indiqu\u00e9 dans la vid\u00e9o).<\/p>\n<p>&nbsp;<\/p>\n<table style=\"width: 100%; border-collapse: collapse; border-style: solid; border-color: #000000; background-color: #b4dedc;\">\n<tbody>\n<tr>\n<td style=\"width: 50%; border-style: double; border-color: #000000; text-align: center; vertical-align: middle;\"><a href=\"https:\/\/www.pedagogie.ac-nice.fr\/eps\/wp-content\/uploads\/sites\/20\/2022\/03\/modele-attestation-savoir-nager.pdf\" target=\"_blank\" rel=\"noopener\"><strong>Attestation ASNS:<\/strong><\/a><strong>\u00a0\u00a0\u00a0\u00a0\u00a0\u00a0\u00a0<\/strong>\u00a0\u00a0 <a href=\"https:\/\/www.pedagogie.ac-nice.fr\/eps\/wp-content\/uploads\/sites\/20\/2022\/03\/modele-attestation-savoir-nager.pdf\" target=\"_blank\" rel=\"noopener\"><img loading=\"lazy\" decoding=\"async\" class=\"wp-image-6343 aligncenter\" src=\"https:\/\/www.pedagogie.ac-nice.fr\/eps\/wp-content\/uploads\/sites\/20\/2022\/03\/Capture-de\u0301cran-2022-03-04-a\u0300-10.32.07.png\" alt=\"\" width=\"110\" height=\"76\" srcset=\"https:\/\/www.pedagogie.ac-nice.fr\/eps\/wp-content\/uploads\/sites\/20\/2022\/03\/Capture-de\u0301cran-2022-03-04-a\u0300-10.32.07.png 843w, https:\/\/www.pedagogie.ac-nice.fr\/eps\/wp-content\/uploads\/sites\/20\/2022\/03\/Capture-de\u0301cran-2022-03-04-a\u0300-10.32.07-300x207.png 300w, https:\/\/www.pedagogie.ac-nice.fr\/eps\/wp-content\/uploads\/sites\/20\/2022\/03\/Capture-de\u0301cran-2022-03-04-a\u0300-10.32.07-768x530.png 768w\" sizes=\"auto, (max-width: 110px) 100vw, 110px\" \/><\/a><\/td>\n<td style=\"width: 50%; border-style: double; border-color: #000000; text-align: center; vertical-align: middle;\">\n<p style=\"text-align: center;\"><a href=\"https:\/\/www.pedagogie.ac-nice.fr\/eps\/wp-content\/uploads\/sites\/20\/2024\/09\/mod-le-attestation-pass-nautique-.pdf\" target=\"_blank\" rel=\"noopener\"><strong>Attestation PASS NAUTIQUE<\/strong><\/a><img loading=\"lazy\" decoding=\"async\" class=\"wp-image-7432 aligncenter\" src=\"https:\/\/www.pedagogie.ac-nice.fr\/eps\/wp-content\/uploads\/sites\/20\/2024\/09\/image-pass-nautique-300x206.jpg\" alt=\"\" width=\"118\" height=\"81\" srcset=\"https:\/\/www.pedagogie.ac-nice.fr\/eps\/wp-content\/uploads\/sites\/20\/2024\/09\/image-pass-nautique-300x206.jpg 300w, https:\/\/www.pedagogie.ac-nice.fr\/eps\/wp-content\/uploads\/sites\/20\/2024\/09\/image-pass-nautique-768x526.jpg 768w, https:\/\/www.pedagogie.ac-nice.fr\/eps\/wp-content\/uploads\/sites\/20\/2024\/09\/image-pass-nautique-474x324.jpg 474w, https:\/\/www.pedagogie.ac-nice.fr\/eps\/wp-content\/uploads\/sites\/20\/2024\/09\/image-pass-nautique.jpg 832w\" sizes=\"auto, (max-width: 118px) 100vw, 118px\" \/><\/p>\n<\/td>\n<\/tr>\n<\/tbody>\n<\/table>\n","protected":false},"excerpt":{"rendered":"<p>La note de service du 28 f\u00e9vrier 2022 parue au BO n\u00b09 du 3 mars 2022\u00a0 a pour objet de d\u00e9finir les conditions de l&rsquo;enseignement de la natation dans les premier et second degr\u00e9s dans le respect du cadre l\u00e9gislatif et r\u00e9glementaire en vigueur. Elle a pour objet de d\u00e9finir les conditions de l&rsquo;acquisition par &hellip; <a href=\"https:\/\/www.pedagogie.ac-nice.fr\/eps\/savoir-nager\/\" class=\"more-link\">Continuer la lecture de <span class=\"screen-reader-text\">SAVOIR NAGER<\/span> <span class=\"meta-nav\">&rarr;<\/span><\/a><\/p>\n","protected":false},"author":133,"featured_media":0,"comment_status":"closed","ping_status":"closed","sticky":false,"template":"","format":"standard","meta":{"footnotes":""},"categories":[55,74],"tags":[76,75,70,77,71,73,69],"class_list":["post-6393","post","type-post","status-publish","format-standard","hentry","category-institutionnel","category-savoir-nager","tag-attestation-savoir-nager","tag-circulaire-natation","tag-natation","tag-natation-scolaire","tag-note-de-service-22-02-2022","tag-pass-nautique","tag-savoir-nager"],"rttpg_featured_image_url":null,"rttpg_author":{"display_name":"Karine Logeart","author_link":"https:\/\/www.pedagogie.ac-nice.fr\/eps\/author\/k-logeart\/"},"rttpg_comment":0,"rttpg_category":"<a href=\"https:\/\/www.pedagogie.ac-nice.fr\/eps\/category\/institutionnel\/\" rel=\"category tag\">institutionnel<\/a> <a href=\"https:\/\/www.pedagogie.ac-nice.fr\/eps\/category\/savoir-nager\/\" rel=\"category tag\">savoir nager<\/a>","rttpg_excerpt":"La note de service du 28 f\u00e9vrier 2022 parue au BO n\u00b09 du 3 mars 2022\u00a0 a pour objet de d\u00e9finir les conditions de l&rsquo;enseignement de la natation dans les premier et second degr\u00e9s dans le respect du cadre l\u00e9gislatif et r\u00e9glementaire en vigueur. Elle a pour objet de d\u00e9finir les conditions de l&rsquo;acquisition par\u2026","post_mailing_queue_ids":[],"_links":{"self":[{"href":"https:\/\/www.pedagogie.ac-nice.fr\/eps\/wp-json\/wp\/v2\/posts\/6393","targetHints":{"allow":["GET"]}}],"collection":[{"href":"https:\/\/www.pedagogie.ac-nice.fr\/eps\/wp-json\/wp\/v2\/posts"}],"about":[{"href":"https:\/\/www.pedagogie.ac-nice.fr\/eps\/wp-json\/wp\/v2\/types\/post"}],"author":[{"embeddable":true,"href":"https:\/\/www.pedagogie.ac-nice.fr\/eps\/wp-json\/wp\/v2\/users\/133"}],"replies":[{"embeddable":true,"href":"https:\/\/www.pedagogie.ac-nice.fr\/eps\/wp-json\/wp\/v2\/comments?post=6393"}],"version-history":[{"count":12,"href":"https:\/\/www.pedagogie.ac-nice.fr\/eps\/wp-json\/wp\/v2\/posts\/6393\/revisions"}],"predecessor-version":[{"id":7726,"href":"https:\/\/www.pedagogie.ac-nice.fr\/eps\/wp-json\/wp\/v2\/posts\/6393\/revisions\/7726"}],"wp:attachment":[{"href":"https:\/\/www.pedagogie.ac-nice.fr\/eps\/wp-json\/wp\/v2\/media?parent=6393"}],"wp:term":[{"taxonomy":"category","embeddable":true,"href":"https:\/\/www.pedagogie.ac-nice.fr\/eps\/wp-json\/wp\/v2\/categories?post=6393"},{"taxonomy":"post_tag","embeddable":true,"href":"https:\/\/www.pedagogie.ac-nice.fr\/eps\/wp-json\/wp\/v2\/tags?post=6393"}],"curies":[{"name":"wp","href":"https:\/\/api.w.org\/{rel}","templated":true}]}}