{"id":8038,"date":"2026-04-28T18:27:39","date_gmt":"2026-04-28T16:27:39","guid":{"rendered":"https:\/\/www.pedagogie.ac-nice.fr\/eps\/?p=8038"},"modified":"2026-04-28T18:27:39","modified_gmt":"2026-04-28T16:27:39","slug":"generation-2030","status":"publish","type":"post","link":"https:\/\/www.pedagogie.ac-nice.fr\/eps\/generation-2030\/","title":{"rendered":"GENERATION 2030"},"content":{"rendered":"<p><strong>Le label G\u00e9n\u00e9ration 2030\u00a0\u00ab Le label G\u00e9n\u00e9ration 2030, lanc\u00e9 par le minist\u00e8re de l\u2019\u00c9ducation nationale, vise \u00e0 promouvoir une pratique augment\u00e9e d\u2019activit\u00e9s physiques et sportives chez les jeunes, en lien avec les Jeux Olympiques et Paralympiques d\u2019hiver 2030. Il s\u2019appuie sur cinq axes strat\u00e9giques : la mobilisation des passerelles avec le mouvement sportif, la construction d\u2019une culture sportive diversifi\u00e9e, l\u2019ouverture \u00e0 l\u2019environnement, l\u2019\u00e9ducation par et avec le sport, et l\u2019accompagnement des \u00e9l\u00e8ves sportifs de haut niveau. \u00bb<\/strong><\/p>\n<p><a href=\"https:\/\/www.education.gouv.fr\/bo\/2025\/Hebdo48\/MENE2533153N\">En savoir plus \u2013 BO n\u00b048 du 18\/12\/2025<\/a><\/p>\n<p><strong>Ce label vise \u00e0 :<\/strong><\/p>\n<ul>\n<li>Encourager une pratique augment\u00e9e d\u2019activit\u00e9s physiques et sportives\u00a0chez les jeunes, en lien avec les Jeux Olympiques et Paralympiques d\u2019hiver 2030 dans les Alpes fran\u00e7aises.<\/li>\n<li>D\u00e9velopper des passerelles avec le mouvement sportif\u00a0(clubs, f\u00e9d\u00e9rations, collectivit\u00e9s).<\/li>\n<li>Promouvoir la sant\u00e9, l\u2019inclusion, l\u2019\u00e9galit\u00e9 filles-gar\u00e7ons, et l\u2019engagement citoyen\u00a0via le sport.<\/li>\n<li>Structurer le parcours sportif des \u00e9l\u00e8ves\u00a0de l\u2019\u00e9cole \u00e0 l\u2019enseignement sup\u00e9rieur, en compl\u00e9ment de l\u2019EPS obligatoire.<\/li>\n<\/ul>\n<p>&nbsp;<\/p>\n<p><strong>5 axes strat\u00e9giques du label\u00a0:<\/strong><\/p>\n<ol>\n<li>Mobilisation des passerelles avec le mouvement sportif.<\/li>\n<li>Construction d\u2019une culture sportive diversifi\u00e9e (\u00e9v\u00e9nements, d\u00e9couverte de nouveaux sports).<\/li>\n<li>Ouverture \u00e0 l\u2019environnement et diversification des lieux de pratique.<\/li>\n<li>\u00c9ducation par et avec le sport (promotion de la sant\u00e9, inclusion, valeurs olympiques et paralympiques).<\/li>\n<li>Accompagnement des \u00e9l\u00e8ves sportifs de haut niveau.<\/li>\n<\/ol>\n<p><strong>\u00a0<\/strong><\/p>\n<p><strong>Dans l\u2019acad\u00e9mie de Nice<\/strong>\u00a0\u00ab Le projet acad\u00e9mique 2025-2029 encourage les \u00e9tablissements \u00e0 s\u2019engager dans des d\u00e9marches innovantes, notamment via les sections sportives scolaires, pour favoriser l\u2019inclusion, l\u2019\u00e9galit\u00e9 et le bien-\u00eatre des \u00e9l\u00e8ves. \u00bb<\/p>\n<p><a href=\"https:\/\/www.ac-nice.fr\/le-projet-academique-2025-2029\">Consulter le projet acad\u00e9mique<\/a><\/p>\n","protected":false},"excerpt":{"rendered":"<p>Le label G\u00e9n\u00e9ration 2030\u00a0\u00ab Le label G\u00e9n\u00e9ration 2030, lanc\u00e9 par le minist\u00e8re de l\u2019\u00c9ducation nationale, vise \u00e0 promouvoir une pratique augment\u00e9e d\u2019activit\u00e9s physiques et sportives chez les jeunes, en lien avec les Jeux Olympiques et Paralympiques d\u2019hiver 2030. Il s\u2019appuie sur cinq axes strat\u00e9giques : la mobilisation des passerelles avec le mouvement sportif, la construction &hellip; <a href=\"https:\/\/www.pedagogie.ac-nice.fr\/eps\/generation-2030\/\" class=\"more-link\">Continuer la lecture de <span class=\"screen-reader-text\">GENERATION 2030<\/span> <span class=\"meta-nav\">&rarr;<\/span><\/a><\/p>\n","protected":false},"author":133,"featured_media":0,"comment_status":"closed","ping_status":"closed","sticky":false,"template":"","format":"standard","meta":{"footnotes":""},"categories":[1],"tags":[],"class_list":["post-8038","post","type-post","status-publish","format-standard","hentry","category-non-classe"],"rttpg_featured_image_url":null,"rttpg_author":{"display_name":"Karine Logeart","author_link":"https:\/\/www.pedagogie.ac-nice.fr\/eps\/author\/k-logeart\/"},"rttpg_comment":0,"rttpg_category":"<a href=\"https:\/\/www.pedagogie.ac-nice.fr\/eps\/category\/non-classe\/\" rel=\"category tag\">Non class\u00e9<\/a>","rttpg_excerpt":"Le label G\u00e9n\u00e9ration 2030\u00a0\u00ab Le label G\u00e9n\u00e9ration 2030, lanc\u00e9 par le minist\u00e8re de l\u2019\u00c9ducation nationale, vise \u00e0 promouvoir une pratique augment\u00e9e d\u2019activit\u00e9s physiques et sportives chez les jeunes, en lien avec les Jeux Olympiques et Paralympiques d\u2019hiver 2030. Il s\u2019appuie sur cinq axes strat\u00e9giques : la mobilisation des passerelles avec le mouvement sportif, la construction\u2026","post_mailing_queue_ids":[],"_links":{"self":[{"href":"https:\/\/www.pedagogie.ac-nice.fr\/eps\/wp-json\/wp\/v2\/posts\/8038","targetHints":{"allow":["GET"]}}],"collection":[{"href":"https:\/\/www.pedagogie.ac-nice.fr\/eps\/wp-json\/wp\/v2\/posts"}],"about":[{"href":"https:\/\/www.pedagogie.ac-nice.fr\/eps\/wp-json\/wp\/v2\/types\/post"}],"author":[{"embeddable":true,"href":"https:\/\/www.pedagogie.ac-nice.fr\/eps\/wp-json\/wp\/v2\/users\/133"}],"replies":[{"embeddable":true,"href":"https:\/\/www.pedagogie.ac-nice.fr\/eps\/wp-json\/wp\/v2\/comments?post=8038"}],"version-history":[{"count":1,"href":"https:\/\/www.pedagogie.ac-nice.fr\/eps\/wp-json\/wp\/v2\/posts\/8038\/revisions"}],"predecessor-version":[{"id":8040,"href":"https:\/\/www.pedagogie.ac-nice.fr\/eps\/wp-json\/wp\/v2\/posts\/8038\/revisions\/8040"}],"wp:attachment":[{"href":"https:\/\/www.pedagogie.ac-nice.fr\/eps\/wp-json\/wp\/v2\/media?parent=8038"}],"wp:term":[{"taxonomy":"category","embeddable":true,"href":"https:\/\/www.pedagogie.ac-nice.fr\/eps\/wp-json\/wp\/v2\/categories?post=8038"},{"taxonomy":"post_tag","embeddable":true,"href":"https:\/\/www.pedagogie.ac-nice.fr\/eps\/wp-json\/wp\/v2\/tags?post=8038"}],"curies":[{"name":"wp","href":"https:\/\/api.w.org\/{rel}","templated":true}]}}