{"id":8042,"date":"2026-04-28T18:32:47","date_gmt":"2026-04-28T16:32:47","guid":{"rendered":"https:\/\/www.pedagogie.ac-nice.fr\/eps\/?p=8042"},"modified":"2026-04-28T18:35:57","modified_gmt":"2026-04-28T16:35:57","slug":"cahier-des-charges-generation-2030","status":"publish","type":"post","link":"https:\/\/www.pedagogie.ac-nice.fr\/eps\/cahier-des-charges-generation-2030\/","title":{"rendered":"CAHIER DES CHARGES- G\u00e9n\u00e9ration 2030"},"content":{"rendered":"<p>Dans le cadre de la dynamique nationale port\u00e9e par le label <em>G\u00e9n\u00e9ration 2024<\/em>, ce document a \u00e9t\u00e9 con\u00e7u pour accompagner les directeur(e)s, chef(fe)s d\u2019\u00e9tablissement et les \u00e9quipes \u00e9ducatives dans leur d\u00e9marche de labellisation.<\/p>\n<p>Il constitue un outil de lecture simplifi\u00e9e du cahier des charges national, visant \u00e0 en faciliter l\u2019appropriation et la mise en \u0153uvre concr\u00e8te. En structurant les attendus autour de cinq axes et de trois niveaux de progression, il permet de clarifier ce qui est attendu \u00e0 chaque niveau de labellisation.<\/p>\n<p>Les actions propos\u00e9es offrent des rep\u00e8res directement mobilisables pour :<\/p>\n<ul>\n<li>identifier les crit\u00e8res \u00e0 prendre en compte dans la demande de label,<\/li>\n<li>situer le niveau d\u2019engagement de l\u2019\u00e9tablissement,<\/li>\n<li>organiser et valoriser les actions d\u00e9j\u00e0 mises en \u0153uvre,<\/li>\n<li>construire une progression coh\u00e9rente en vue de la labellisation.<\/li>\n<\/ul>\n<p>Ce document ne se substitue pas au cahier des charges national, mais en propose une lecture op\u00e9rationnelle, pens\u00e9e pour simplifier le travail des \u00e9quipes de direction et s\u00e9curiser la constitution du dossier.<\/p>\n<p>Il vise ainsi \u00e0 rendre la d\u00e9marche de labellisation plus lisible, accessible et structur\u00e9e, tout en valorisant les initiatives existantes et en facilitant leur d\u00e9veloppement.<\/p>\n","protected":false},"excerpt":{"rendered":"<p>Dans le cadre de la dynamique nationale port\u00e9e par le label G\u00e9n\u00e9ration 2024, ce document a \u00e9t\u00e9 con\u00e7u pour accompagner les directeur(e)s, chef(fe)s d\u2019\u00e9tablissement et les \u00e9quipes \u00e9ducatives dans leur d\u00e9marche de labellisation. Il constitue un outil de lecture simplifi\u00e9e du cahier des charges national, visant \u00e0 en faciliter l\u2019appropriation et la mise en \u0153uvre &hellip; <a href=\"https:\/\/www.pedagogie.ac-nice.fr\/eps\/cahier-des-charges-generation-2030\/\" class=\"more-link\">Continuer la lecture de <span class=\"screen-reader-text\">CAHIER DES CHARGES- G\u00e9n\u00e9ration 2030<\/span> <span class=\"meta-nav\">&rarr;<\/span><\/a><\/p>\n","protected":false},"author":133,"featured_media":0,"comment_status":"closed","ping_status":"closed","sticky":false,"template":"","format":"standard","meta":{"footnotes":""},"categories":[1],"tags":[],"class_list":["post-8042","post","type-post","status-publish","format-standard","hentry","category-non-classe"],"rttpg_featured_image_url":null,"rttpg_author":{"display_name":"Karine Logeart","author_link":"https:\/\/www.pedagogie.ac-nice.fr\/eps\/author\/k-logeart\/"},"rttpg_comment":0,"rttpg_category":"<a href=\"https:\/\/www.pedagogie.ac-nice.fr\/eps\/category\/non-classe\/\" rel=\"category tag\">Non class\u00e9<\/a>","rttpg_excerpt":"Dans le cadre de la dynamique nationale port\u00e9e par le label G\u00e9n\u00e9ration 2024, ce document a \u00e9t\u00e9 con\u00e7u pour accompagner les directeur(e)s, chef(fe)s d\u2019\u00e9tablissement et les \u00e9quipes \u00e9ducatives dans leur d\u00e9marche de labellisation. Il constitue un outil de lecture simplifi\u00e9e du cahier des charges national, visant \u00e0 en faciliter l\u2019appropriation et la mise en \u0153uvre\u2026","post_mailing_queue_ids":[],"_links":{"self":[{"href":"https:\/\/www.pedagogie.ac-nice.fr\/eps\/wp-json\/wp\/v2\/posts\/8042","targetHints":{"allow":["GET"]}}],"collection":[{"href":"https:\/\/www.pedagogie.ac-nice.fr\/eps\/wp-json\/wp\/v2\/posts"}],"about":[{"href":"https:\/\/www.pedagogie.ac-nice.fr\/eps\/wp-json\/wp\/v2\/types\/post"}],"author":[{"embeddable":true,"href":"https:\/\/www.pedagogie.ac-nice.fr\/eps\/wp-json\/wp\/v2\/users\/133"}],"replies":[{"embeddable":true,"href":"https:\/\/www.pedagogie.ac-nice.fr\/eps\/wp-json\/wp\/v2\/comments?post=8042"}],"version-history":[{"count":1,"href":"https:\/\/www.pedagogie.ac-nice.fr\/eps\/wp-json\/wp\/v2\/posts\/8042\/revisions"}],"predecessor-version":[{"id":8044,"href":"https:\/\/www.pedagogie.ac-nice.fr\/eps\/wp-json\/wp\/v2\/posts\/8042\/revisions\/8044"}],"wp:attachment":[{"href":"https:\/\/www.pedagogie.ac-nice.fr\/eps\/wp-json\/wp\/v2\/media?parent=8042"}],"wp:term":[{"taxonomy":"category","embeddable":true,"href":"https:\/\/www.pedagogie.ac-nice.fr\/eps\/wp-json\/wp\/v2\/categories?post=8042"},{"taxonomy":"post_tag","embeddable":true,"href":"https:\/\/www.pedagogie.ac-nice.fr\/eps\/wp-json\/wp\/v2\/tags?post=8042"}],"curies":[{"name":"wp","href":"https:\/\/api.w.org\/{rel}","templated":true}]}}