{"id":1919,"date":"2020-06-23T17:31:28","date_gmt":"2020-06-23T15:31:28","guid":{"rendered":"https:\/\/www.pedagogie.ac-nice.fr\/fenetresurcours\/?p=1919"},"modified":"2020-06-23T17:31:28","modified_gmt":"2020-06-23T15:31:28","slug":"chorale-confinee-cest-possible","status":"publish","type":"post","link":"https:\/\/www.pedagogie.ac-nice.fr\/fenetresurcours\/chorale-confinee-cest-possible\/","title":{"rendered":"Chorale confin\u00e9e, c\u2019est possible !"},"content":{"rendered":"<div id=\"attachment_1902\" style=\"width: 213px\" class=\"wp-caption alignleft\"><img loading=\"lazy\" decoding=\"async\" aria-describedby=\"caption-attachment-1902\" class=\"wp-image-1902\" src=\"https:\/\/www.pedagogie.ac-nice.fr\/fenetresurcours\/wp-content\/uploads\/sites\/36\/2020\/06\/by-nc-300x105.png\" alt=\"\" width=\"203\" height=\"71\" \/><p id=\"caption-attachment-1902\" class=\"wp-caption-text\">Ecole La Bouverie, 2020<\/p><\/div>\n<p>Les \u00e9l\u00e8ves de cycle 3 chantent ensemble par l\u2019interm\u00e9diaire de l\u2019ENT. Pour ne pas perdre le lien avec l\u2019\u00e9cole et leurs camarades, les \u00e9l\u00e8ves ont particip\u00e9 \u00e0 un clip \u00ab confin\u00e9 \u00bb : \u00ab Les gens qu\u2019on aime \u00bb de Patrick Fiori. Chacun a pu, \u00e0 son rythme, chanter seul ou \u00e0 deux, avec juste un accompagnement instrumental dans un \u00e9couteur. Tous les \u00e9l\u00e8ves ont particip\u00e9 et chant\u00e9 dans notre chorale confin\u00e9e.<\/p>\n<p>&nbsp;<\/p>\n<p><a href=\"https:\/\/beneylu.com\/ent\/os\/fr\/app\/minisite\/site-e-e-pu-la-bouverie-ac-nice\/chorale-confinee\">Visionner le clip<\/a><\/p>\n","protected":false},"excerpt":{"rendered":"<p>Les \u00e9l\u00e8ves de cycle 3 chantent ensemble par l\u2019interm\u00e9diaire de l\u2019ENT. Pour ne pas perdre le lien avec l\u2019\u00e9cole et leurs camarades, les \u00e9l\u00e8ves ont particip\u00e9 \u00e0 un clip \u00ab confin\u00e9 \u00bb : \u00ab Les gens qu\u2019on aime \u00bb de Patrick Fiori. Chacun a pu, \u00e0 son rythme, chanter seul ou \u00e0 deux, avec juste [&hellip;]<\/p>\n","protected":false},"author":231,"featured_media":1920,"comment_status":"closed","ping_status":"closed","sticky":false,"template":"","format":"standard","meta":{"_et_pb_use_builder":"","_et_pb_old_content":"","_et_gb_content_width":"","ngg_post_thumbnail":0,"footnotes":""},"categories":[23,45,17],"tags":[287,286],"class_list":["post-1919","post","type-post","status-publish","format-standard","has-post-thumbnail","hentry","category-cycle-3-primaire","category-langages-cycle-3","category-primaire","tag-chant-choral","tag-musique","et-has-post-format-content","et_post_format-et-post-format-standard"],"rttpg_featured_image_url":{"full":["https:\/\/www.pedagogie.ac-nice.fr\/fenetresurcours\/wp-content\/uploads\/sites\/36\/2020\/06\/chorale1-5579f.jpg",400,210,false],"landscape":["https:\/\/www.pedagogie.ac-nice.fr\/fenetresurcours\/wp-content\/uploads\/sites\/36\/2020\/06\/chorale1-5579f.jpg",400,210,false],"portraits":["https:\/\/www.pedagogie.ac-nice.fr\/fenetresurcours\/wp-content\/uploads\/sites\/36\/2020\/06\/chorale1-5579f.jpg",400,210,false],"thumbnail":["https:\/\/www.pedagogie.ac-nice.fr\/fenetresurcours\/wp-content\/uploads\/sites\/36\/2020\/06\/chorale1-5579f-150x150.jpg",150,150,true],"medium":["https:\/\/www.pedagogie.ac-nice.fr\/fenetresurcours\/wp-content\/uploads\/sites\/36\/2020\/06\/chorale1-5579f-300x158.jpg",300,158,true],"large":["https:\/\/www.pedagogie.ac-nice.fr\/fenetresurcours\/wp-content\/uploads\/sites\/36\/2020\/06\/chorale1-5579f.jpg",400,210,false],"1536x1536":["https:\/\/www.pedagogie.ac-nice.fr\/fenetresurcours\/wp-content\/uploads\/sites\/36\/2020\/06\/chorale1-5579f.jpg",400,210,false],"2048x2048":["https:\/\/www.pedagogie.ac-nice.fr\/fenetresurcours\/wp-content\/uploads\/sites\/36\/2020\/06\/chorale1-5579f.jpg",400,210,false],"et-builder-post-main-image":["https:\/\/www.pedagogie.ac-nice.fr\/fenetresurcours\/wp-content\/uploads\/sites\/36\/2020\/06\/chorale1-5579f.jpg",400,210,false],"et-builder-post-main-image-fullwidth":["https:\/\/www.pedagogie.ac-nice.fr\/fenetresurcours\/wp-content\/uploads\/sites\/36\/2020\/06\/chorale1-5579f.jpg",400,210,false],"et-builder-portfolio-image":["https:\/\/www.pedagogie.ac-nice.fr\/fenetresurcours\/wp-content\/uploads\/sites\/36\/2020\/06\/chorale1-5579f.jpg",400,210,false],"et-builder-portfolio-image-single":["https:\/\/www.pedagogie.ac-nice.fr\/fenetresurcours\/wp-content\/uploads\/sites\/36\/2020\/06\/chorale1-5579f.jpg",400,210,false],"et-builder-gallery-image-portrait":["https:\/\/www.pedagogie.ac-nice.fr\/fenetresurcours\/wp-content\/uploads\/sites\/36\/2020\/06\/chorale1-5579f.jpg",400,210,false],"extra-image-huge":["https:\/\/www.pedagogie.ac-nice.fr\/fenetresurcours\/wp-content\/uploads\/sites\/36\/2020\/06\/chorale1-5579f.jpg",400,210,false],"extra-image-single-post":["https:\/\/www.pedagogie.ac-nice.fr\/fenetresurcours\/wp-content\/uploads\/sites\/36\/2020\/06\/chorale1-5579f.jpg",400,210,false],"extra-image-medium":["https:\/\/www.pedagogie.ac-nice.fr\/fenetresurcours\/wp-content\/uploads\/sites\/36\/2020\/06\/chorale1-5579f.jpg",400,210,false],"extra-image-small":["https:\/\/www.pedagogie.ac-nice.fr\/fenetresurcours\/wp-content\/uploads\/sites\/36\/2020\/06\/chorale1-5579f.jpg",400,210,false],"extra-image-square-medium":["https:\/\/www.pedagogie.ac-nice.fr\/fenetresurcours\/wp-content\/uploads\/sites\/36\/2020\/06\/chorale1-5579f.jpg",400,210,false],"extra-image-square-small":["https:\/\/www.pedagogie.ac-nice.fr\/fenetresurcours\/wp-content\/uploads\/sites\/36\/2020\/06\/chorale1-5579f-150x150.jpg",150,150,true],"advps-thumb-one":["https:\/\/www.pedagogie.ac-nice.fr\/fenetresurcours\/wp-content\/uploads\/sites\/36\/2020\/06\/chorale1-5579f.jpg",400,210,false]},"rttpg_author":{"display_name":"fenetresurcours","author_link":"https:\/\/www.pedagogie.ac-nice.fr\/fenetresurcours\/author\/fenetresurcours\/"},"rttpg_comment":0,"rttpg_category":"<a href=\"https:\/\/www.pedagogie.ac-nice.fr\/fenetresurcours\/category\/primaire\/cycle-3-primaire\/\" rel=\"category tag\">Cycle 3 Primaire<\/a> <a href=\"https:\/\/www.pedagogie.ac-nice.fr\/fenetresurcours\/category\/primaire\/cycle-3-primaire\/langages-cycle-3\/\" rel=\"category tag\">Langages Cycle 3 Primaire<\/a> <a href=\"https:\/\/www.pedagogie.ac-nice.fr\/fenetresurcours\/category\/primaire\/\" rel=\"category tag\">Primaire<\/a>","rttpg_excerpt":"Les \u00e9l\u00e8ves de cycle 3 chantent ensemble par l\u2019interm\u00e9diaire de l\u2019ENT. Pour ne pas perdre le lien avec l\u2019\u00e9cole et leurs camarades, les \u00e9l\u00e8ves ont particip\u00e9 \u00e0 un clip \u00ab confin\u00e9 \u00bb : \u00ab Les gens qu\u2019on aime \u00bb de Patrick Fiori. Chacun a pu, \u00e0 son rythme, chanter seul ou \u00e0 deux, avec juste\u2026","post_mailing_queue_ids":[],"_links":{"self":[{"href":"https:\/\/www.pedagogie.ac-nice.fr\/fenetresurcours\/wp-json\/wp\/v2\/posts\/1919","targetHints":{"allow":["GET"]}}],"collection":[{"href":"https:\/\/www.pedagogie.ac-nice.fr\/fenetresurcours\/wp-json\/wp\/v2\/posts"}],"about":[{"href":"https:\/\/www.pedagogie.ac-nice.fr\/fenetresurcours\/wp-json\/wp\/v2\/types\/post"}],"author":[{"embeddable":true,"href":"https:\/\/www.pedagogie.ac-nice.fr\/fenetresurcours\/wp-json\/wp\/v2\/users\/231"}],"replies":[{"embeddable":true,"href":"https:\/\/www.pedagogie.ac-nice.fr\/fenetresurcours\/wp-json\/wp\/v2\/comments?post=1919"}],"version-history":[{"count":1,"href":"https:\/\/www.pedagogie.ac-nice.fr\/fenetresurcours\/wp-json\/wp\/v2\/posts\/1919\/revisions"}],"predecessor-version":[{"id":1921,"href":"https:\/\/www.pedagogie.ac-nice.fr\/fenetresurcours\/wp-json\/wp\/v2\/posts\/1919\/revisions\/1921"}],"wp:featuredmedia":[{"embeddable":true,"href":"https:\/\/www.pedagogie.ac-nice.fr\/fenetresurcours\/wp-json\/wp\/v2\/media\/1920"}],"wp:attachment":[{"href":"https:\/\/www.pedagogie.ac-nice.fr\/fenetresurcours\/wp-json\/wp\/v2\/media?parent=1919"}],"wp:term":[{"taxonomy":"category","embeddable":true,"href":"https:\/\/www.pedagogie.ac-nice.fr\/fenetresurcours\/wp-json\/wp\/v2\/categories?post=1919"},{"taxonomy":"post_tag","embeddable":true,"href":"https:\/\/www.pedagogie.ac-nice.fr\/fenetresurcours\/wp-json\/wp\/v2\/tags?post=1919"}],"curies":[{"name":"wp","href":"https:\/\/api.w.org\/{rel}","templated":true}]}}