{"id":1938,"date":"2020-06-24T09:56:51","date_gmt":"2020-06-24T07:56:51","guid":{"rendered":"https:\/\/www.pedagogie.ac-nice.fr\/fenetresurcours\/?p=1938"},"modified":"2020-06-24T09:56:51","modified_gmt":"2020-06-24T07:56:51","slug":"todos-en-casa","status":"publish","type":"post","link":"https:\/\/www.pedagogie.ac-nice.fr\/fenetresurcours\/todos-en-casa\/","title":{"rendered":"Todos en casa"},"content":{"rendered":"<div id=\"attachment_1902\" style=\"width: 213px\" class=\"wp-caption alignleft\"><img loading=\"lazy\" decoding=\"async\" aria-describedby=\"caption-attachment-1902\" class=\"wp-image-1902\" src=\"https:\/\/www.pedagogie.ac-nice.fr\/fenetresurcours\/wp-content\/uploads\/sites\/36\/2020\/06\/by-nc-300x105.png\" alt=\"\" width=\"203\" height=\"71\" \/><p id=\"caption-attachment-1902\" class=\"wp-caption-text\">C. Sarda et G. Padilla, 2020<\/p><\/div>\n<p>Deux s\u00e9quences \u00ab\u00a0sp\u00e9ciale confinement\u00a0\u00bb pour \u00e9voquer la vie quotidienne en temps normal et pendant le confinement, en Europe et en Am\u00e9rique latine. On y apprend aussi \u00e0 chanter \u00ab\u00a0Resistir\u00e9\u00a0\u00bb, chanson en soutien aux personnels de sant\u00e9 espagnols.<\/p>\n<p>&nbsp;<\/p>\n<div class=\"padlet-embed\" style=\"border: 1px solid rgba(0,0,0,0.1); border-radius: 2px; box-sizing: border-box; overflow: hidden; position: relative; width: 100%; background: #F4F4F4;\">\n<p style=\"padding: 0; margin: 0;\"><iframe style=\"width: 100%; height: 608px; display: block; padding: 0; margin: 0;\" src=\"https:\/\/padlet.com\/embed\/50a1va5ddjau2p2l\" frameborder=\"0\" data-mce-fragment=\"1\"><\/iframe><\/p>\n<div style=\"padding: 8px; text-align: right; margin: 0;\"><a style=\"padding: 0; margin: 0; border: none; display: block; line-height: 1; height: 16px;\" href=\"https:\/\/padlet.com?ref=embed\" target=\"_blank\" rel=\"noopener noreferrer\"><img decoding=\"async\" style=\"padding: 0; margin: 0; background: none; border: none; display: inline; box-shadow: none;\" src=\"https:\/\/padlet.net\/embeds\/made_with_padlet.png\" alt=\"Fait avec Padlet\" \/><\/a><\/div>\n<\/div>\n<p>&nbsp;<\/p>\n<div class=\"padlet-embed\" style=\"border: 1px solid rgba(0,0,0,0.1); border-radius: 2px; box-sizing: border-box; overflow: hidden; position: relative; width: 100%; background: #F4F4F4;\">\n<p style=\"padding: 0; margin: 0;\"><iframe style=\"width: 100%; height: 608px; display: block; padding: 0; margin: 0;\" src=\"https:\/\/padlet.com\/embed\/wezvwyifculs\" frameborder=\"0\" data-mce-fragment=\"1\"><\/iframe><\/p>\n<div style=\"padding: 8px; text-align: right; margin: 0;\"><a style=\"padding: 0; margin: 0; border: none; display: block; line-height: 1; height: 16px;\" href=\"https:\/\/padlet.com?ref=embed\" target=\"_blank\" rel=\"noopener noreferrer\"><img decoding=\"async\" style=\"padding: 0; margin: 0; background: none; border: none; display: inline; box-shadow: none;\" src=\"https:\/\/padlet.net\/embeds\/made_with_padlet.png\" alt=\"Fait avec Padlet\" \/><\/a><\/div>\n<\/div>\n","protected":false},"excerpt":{"rendered":"<p>Deux s\u00e9quences \u00ab\u00a0sp\u00e9ciale confinement\u00a0\u00bb pour \u00e9voquer la vie quotidienne en temps normal et pendant le confinement, en Europe et en Am\u00e9rique latine. On y apprend aussi \u00e0 chanter \u00ab\u00a0Resistir\u00e9\u00a0\u00bb, chanson en soutien aux personnels de sant\u00e9 espagnols. &nbsp; &nbsp;<\/p>\n","protected":false},"author":231,"featured_media":1820,"comment_status":"closed","ping_status":"closed","sticky":false,"template":"","format":"standard","meta":{"_et_pb_use_builder":"","_et_pb_old_content":"","_et_gb_content_width":"","ngg_post_thumbnail":0,"footnotes":""},"categories":[18,25,57,55,63],"tags":[308,305,307,306],"class_list":["post-1938","post","type-post","status-publish","format-standard","has-post-thumbnail","hentry","category-college","category-cycle-4","category-la-personne-et-le-citoyen-cycle-4","category-langages-cycle-4","category-parcours-sante","tag-argentina","tag-confinamiento","tag-rutina","tag-vida-cotidiana","et-has-post-format-content","et_post_format-et-post-format-standard"],"rttpg_featured_image_url":{"full":["https:\/\/www.pedagogie.ac-nice.fr\/fenetresurcours\/wp-content\/uploads\/sites\/36\/2020\/06\/padlet.jpg",800,800,false],"landscape":["https:\/\/www.pedagogie.ac-nice.fr\/fenetresurcours\/wp-content\/uploads\/sites\/36\/2020\/06\/padlet.jpg",800,800,false],"portraits":["https:\/\/www.pedagogie.ac-nice.fr\/fenetresurcours\/wp-content\/uploads\/sites\/36\/2020\/06\/padlet.jpg",800,800,false],"thumbnail":["https:\/\/www.pedagogie.ac-nice.fr\/fenetresurcours\/wp-content\/uploads\/sites\/36\/2020\/06\/padlet-150x150.jpg",150,150,true],"medium":["https:\/\/www.pedagogie.ac-nice.fr\/fenetresurcours\/wp-content\/uploads\/sites\/36\/2020\/06\/padlet-300x300.jpg",300,300,true],"large":["https:\/\/www.pedagogie.ac-nice.fr\/fenetresurcours\/wp-content\/uploads\/sites\/36\/2020\/06\/padlet.jpg",800,800,false],"1536x1536":["https:\/\/www.pedagogie.ac-nice.fr\/fenetresurcours\/wp-content\/uploads\/sites\/36\/2020\/06\/padlet.jpg",800,800,false],"2048x2048":["https:\/\/www.pedagogie.ac-nice.fr\/fenetresurcours\/wp-content\/uploads\/sites\/36\/2020\/06\/padlet.jpg",800,800,false],"et-builder-post-main-image":["https:\/\/www.pedagogie.ac-nice.fr\/fenetresurcours\/wp-content\/uploads\/sites\/36\/2020\/06\/padlet-400x250.jpg",400,250,true],"et-builder-post-main-image-fullwidth":["https:\/\/www.pedagogie.ac-nice.fr\/fenetresurcours\/wp-content\/uploads\/sites\/36\/2020\/06\/padlet-800x675.jpg",800,675,true],"et-builder-portfolio-image":["https:\/\/www.pedagogie.ac-nice.fr\/fenetresurcours\/wp-content\/uploads\/sites\/36\/2020\/06\/padlet-400x284.jpg",400,284,true],"et-builder-portfolio-image-single":["https:\/\/www.pedagogie.ac-nice.fr\/fenetresurcours\/wp-content\/uploads\/sites\/36\/2020\/06\/padlet.jpg",800,800,false],"et-builder-gallery-image-portrait":["https:\/\/www.pedagogie.ac-nice.fr\/fenetresurcours\/wp-content\/uploads\/sites\/36\/2020\/06\/padlet-400x516.jpg",400,516,true],"extra-image-huge":["https:\/\/www.pedagogie.ac-nice.fr\/fenetresurcours\/wp-content\/uploads\/sites\/36\/2020\/06\/padlet-800x768.jpg",800,768,true],"extra-image-single-post":["https:\/\/www.pedagogie.ac-nice.fr\/fenetresurcours\/wp-content\/uploads\/sites\/36\/2020\/06\/padlet-800x640.jpg",800,640,true],"extra-image-medium":["https:\/\/www.pedagogie.ac-nice.fr\/fenetresurcours\/wp-content\/uploads\/sites\/36\/2020\/06\/padlet-627x376.jpg",627,376,true],"extra-image-small":["https:\/\/www.pedagogie.ac-nice.fr\/fenetresurcours\/wp-content\/uploads\/sites\/36\/2020\/06\/padlet-440x264.jpg",440,264,true],"extra-image-square-medium":["https:\/\/www.pedagogie.ac-nice.fr\/fenetresurcours\/wp-content\/uploads\/sites\/36\/2020\/06\/padlet-440x440.jpg",440,440,true],"extra-image-square-small":["https:\/\/www.pedagogie.ac-nice.fr\/fenetresurcours\/wp-content\/uploads\/sites\/36\/2020\/06\/padlet-150x150.jpg",150,150,true],"advps-thumb-one":["https:\/\/www.pedagogie.ac-nice.fr\/fenetresurcours\/wp-content\/uploads\/sites\/36\/2020\/06\/padlet.jpg",220,220,false]},"rttpg_author":{"display_name":"fenetresurcours","author_link":"https:\/\/www.pedagogie.ac-nice.fr\/fenetresurcours\/author\/fenetresurcours\/"},"rttpg_comment":0,"rttpg_category":"<a href=\"https:\/\/www.pedagogie.ac-nice.fr\/fenetresurcours\/category\/college\/\" rel=\"category tag\">Coll\u00e8ge<\/a> <a href=\"https:\/\/www.pedagogie.ac-nice.fr\/fenetresurcours\/category\/college\/cycle-4\/\" rel=\"category tag\">Cycle 4<\/a> <a href=\"https:\/\/www.pedagogie.ac-nice.fr\/fenetresurcours\/category\/college\/cycle-4\/la-personne-et-le-citoyen-cycle-4\/\" rel=\"category tag\">La personne et le citoyen coll\u00e8ge Cycle 4<\/a> <a href=\"https:\/\/www.pedagogie.ac-nice.fr\/fenetresurcours\/category\/college\/cycle-4\/langages-cycle-4\/\" rel=\"category tag\">Langages coll\u00e8ge Cycle 4<\/a> <a href=\"https:\/\/www.pedagogie.ac-nice.fr\/fenetresurcours\/category\/college\/parcours\/parcours-sante\/\" rel=\"category tag\">Parcours Sant\u00e9 coll\u00e8ge<\/a>","rttpg_excerpt":"Deux s\u00e9quences \u00ab\u00a0sp\u00e9ciale confinement\u00a0\u00bb pour \u00e9voquer la vie quotidienne en temps normal et pendant le confinement, en Europe et en Am\u00e9rique latine. On y apprend aussi \u00e0 chanter \u00ab\u00a0Resistir\u00e9\u00a0\u00bb, chanson en soutien aux personnels de sant\u00e9 espagnols. &nbsp; &nbsp;","post_mailing_queue_ids":[],"_links":{"self":[{"href":"https:\/\/www.pedagogie.ac-nice.fr\/fenetresurcours\/wp-json\/wp\/v2\/posts\/1938","targetHints":{"allow":["GET"]}}],"collection":[{"href":"https:\/\/www.pedagogie.ac-nice.fr\/fenetresurcours\/wp-json\/wp\/v2\/posts"}],"about":[{"href":"https:\/\/www.pedagogie.ac-nice.fr\/fenetresurcours\/wp-json\/wp\/v2\/types\/post"}],"author":[{"embeddable":true,"href":"https:\/\/www.pedagogie.ac-nice.fr\/fenetresurcours\/wp-json\/wp\/v2\/users\/231"}],"replies":[{"embeddable":true,"href":"https:\/\/www.pedagogie.ac-nice.fr\/fenetresurcours\/wp-json\/wp\/v2\/comments?post=1938"}],"version-history":[{"count":1,"href":"https:\/\/www.pedagogie.ac-nice.fr\/fenetresurcours\/wp-json\/wp\/v2\/posts\/1938\/revisions"}],"predecessor-version":[{"id":1939,"href":"https:\/\/www.pedagogie.ac-nice.fr\/fenetresurcours\/wp-json\/wp\/v2\/posts\/1938\/revisions\/1939"}],"wp:featuredmedia":[{"embeddable":true,"href":"https:\/\/www.pedagogie.ac-nice.fr\/fenetresurcours\/wp-json\/wp\/v2\/media\/1820"}],"wp:attachment":[{"href":"https:\/\/www.pedagogie.ac-nice.fr\/fenetresurcours\/wp-json\/wp\/v2\/media?parent=1938"}],"wp:term":[{"taxonomy":"category","embeddable":true,"href":"https:\/\/www.pedagogie.ac-nice.fr\/fenetresurcours\/wp-json\/wp\/v2\/categories?post=1938"},{"taxonomy":"post_tag","embeddable":true,"href":"https:\/\/www.pedagogie.ac-nice.fr\/fenetresurcours\/wp-json\/wp\/v2\/tags?post=1938"}],"curies":[{"name":"wp","href":"https:\/\/api.w.org\/{rel}","templated":true}]}}