{"id":2040,"date":"2020-06-25T19:16:32","date_gmt":"2020-06-25T17:16:32","guid":{"rendered":"https:\/\/www.pedagogie.ac-nice.fr\/fenetresurcours\/?p=2040"},"modified":"2020-06-25T19:16:32","modified_gmt":"2020-06-25T17:16:32","slug":"dire-et-se-faire-entendre","status":"publish","type":"post","link":"https:\/\/www.pedagogie.ac-nice.fr\/fenetresurcours\/dire-et-se-faire-entendre\/","title":{"rendered":"Dire et se faire entendre"},"content":{"rendered":"<div id=\"attachment_1902\" style=\"width: 219px\" class=\"wp-caption alignleft\"><img loading=\"lazy\" decoding=\"async\" aria-describedby=\"caption-attachment-1902\" class=\"wp-image-1902\" src=\"https:\/\/www.pedagogie.ac-nice.fr\/fenetresurcours\/wp-content\/uploads\/sites\/36\/2020\/06\/by-nc-300x105.png\" alt=\"\" width=\"209\" height=\"73\" \/><p id=\"caption-attachment-1902\" class=\"wp-caption-text\">S\u00e9verine Audibert, Lyc\u00e9e Raynouard, 2020<\/p><\/div>\n<p>Synth\u00e8se interactive propos\u00e9e dans le cadre de l&rsquo;objet d&rsquo;\u00e9tude en 2de Bac pro : \u00ab\u00a0Dire et se faire entendre : la parole, l&rsquo;\u00e9loquence, le th\u00e9\u00e2tre.\u00a0\u00bb<\/p>\n<p>&nbsp;<\/p>\n<p>&nbsp;<\/p>\n<p>&nbsp;<\/p>\n<div style=\"width: 100%;\">\n<div style=\"position: relative; padding-bottom: 56.25%; padding-top: 0; height: 0;\"><iframe loading=\"lazy\" style=\"position: absolute; top: 0; left: 0; width: 100%; height: 100%;\" src=\"https:\/\/view.genial.ly\/5eb679b77199c50d8c416e7b\" width=\"1200px\" height=\"675px\" frameborder=\"0\" scrolling=\"yes\" allowfullscreen=\"allowfullscreen\" data-mce-fragment=\"1\"><\/iframe><\/div>\n<\/div>\n<p>&nbsp;<\/p>\n","protected":false},"excerpt":{"rendered":"<p>Synth\u00e8se interactive propos\u00e9e dans le cadre de l&rsquo;objet d&rsquo;\u00e9tude en 2de Bac pro : \u00ab\u00a0Dire et se faire entendre : la parole, l&rsquo;\u00e9loquence, le th\u00e9\u00e2tre.\u00a0\u00bb &nbsp; &nbsp; &nbsp; &nbsp;<\/p>\n","protected":false},"author":231,"featured_media":2041,"comment_status":"closed","ping_status":"closed","sticky":false,"template":"","format":"standard","meta":{"_et_pb_use_builder":"","_et_pb_old_content":"","_et_gb_content_width":"","ngg_post_thumbnail":0,"footnotes":""},"categories":[33,106,20],"tags":[366,365,278],"class_list":["post-2040","post","type-post","status-publish","format-standard","has-post-thumbnail","hentry","category-bac-pro","category-francais-bep","category-lycee-pro","tag-eloquence","tag-lettres","tag-theatre","et-has-post-format-content","et_post_format-et-post-format-standard"],"rttpg_featured_image_url":{"full":["https:\/\/www.pedagogie.ac-nice.fr\/fenetresurcours\/wp-content\/uploads\/sites\/36\/2020\/06\/dire.jpg",935,524,false],"landscape":["https:\/\/www.pedagogie.ac-nice.fr\/fenetresurcours\/wp-content\/uploads\/sites\/36\/2020\/06\/dire.jpg",935,524,false],"portraits":["https:\/\/www.pedagogie.ac-nice.fr\/fenetresurcours\/wp-content\/uploads\/sites\/36\/2020\/06\/dire.jpg",935,524,false],"thumbnail":["https:\/\/www.pedagogie.ac-nice.fr\/fenetresurcours\/wp-content\/uploads\/sites\/36\/2020\/06\/dire-150x150.jpg",150,150,true],"medium":["https:\/\/www.pedagogie.ac-nice.fr\/fenetresurcours\/wp-content\/uploads\/sites\/36\/2020\/06\/dire-300x168.jpg",300,168,true],"large":["https:\/\/www.pedagogie.ac-nice.fr\/fenetresurcours\/wp-content\/uploads\/sites\/36\/2020\/06\/dire.jpg",935,524,false],"1536x1536":["https:\/\/www.pedagogie.ac-nice.fr\/fenetresurcours\/wp-content\/uploads\/sites\/36\/2020\/06\/dire.jpg",935,524,false],"2048x2048":["https:\/\/www.pedagogie.ac-nice.fr\/fenetresurcours\/wp-content\/uploads\/sites\/36\/2020\/06\/dire.jpg",935,524,false],"et-builder-post-main-image":["https:\/\/www.pedagogie.ac-nice.fr\/fenetresurcours\/wp-content\/uploads\/sites\/36\/2020\/06\/dire-400x250.jpg",400,250,true],"et-builder-post-main-image-fullwidth":["https:\/\/www.pedagogie.ac-nice.fr\/fenetresurcours\/wp-content\/uploads\/sites\/36\/2020\/06\/dire.jpg",935,524,false],"et-builder-portfolio-image":["https:\/\/www.pedagogie.ac-nice.fr\/fenetresurcours\/wp-content\/uploads\/sites\/36\/2020\/06\/dire-400x284.jpg",400,284,true],"et-builder-portfolio-image-single":["https:\/\/www.pedagogie.ac-nice.fr\/fenetresurcours\/wp-content\/uploads\/sites\/36\/2020\/06\/dire.jpg",935,524,false],"et-builder-gallery-image-portrait":["https:\/\/www.pedagogie.ac-nice.fr\/fenetresurcours\/wp-content\/uploads\/sites\/36\/2020\/06\/dire-400x516.jpg",400,516,true],"extra-image-huge":["https:\/\/www.pedagogie.ac-nice.fr\/fenetresurcours\/wp-content\/uploads\/sites\/36\/2020\/06\/dire.jpg",935,524,false],"extra-image-single-post":["https:\/\/www.pedagogie.ac-nice.fr\/fenetresurcours\/wp-content\/uploads\/sites\/36\/2020\/06\/dire.jpg",935,524,false],"extra-image-medium":["https:\/\/www.pedagogie.ac-nice.fr\/fenetresurcours\/wp-content\/uploads\/sites\/36\/2020\/06\/dire-627x376.jpg",627,376,true],"extra-image-small":["https:\/\/www.pedagogie.ac-nice.fr\/fenetresurcours\/wp-content\/uploads\/sites\/36\/2020\/06\/dire-440x264.jpg",440,264,true],"extra-image-square-medium":["https:\/\/www.pedagogie.ac-nice.fr\/fenetresurcours\/wp-content\/uploads\/sites\/36\/2020\/06\/dire-440x440.jpg",440,440,true],"extra-image-square-small":["https:\/\/www.pedagogie.ac-nice.fr\/fenetresurcours\/wp-content\/uploads\/sites\/36\/2020\/06\/dire-150x150.jpg",150,150,true],"advps-thumb-one":["https:\/\/www.pedagogie.ac-nice.fr\/fenetresurcours\/wp-content\/uploads\/sites\/36\/2020\/06\/dire.jpg",393,220,false]},"rttpg_author":{"display_name":"fenetresurcours","author_link":"https:\/\/www.pedagogie.ac-nice.fr\/fenetresurcours\/author\/fenetresurcours\/"},"rttpg_comment":0,"rttpg_category":"<a href=\"https:\/\/www.pedagogie.ac-nice.fr\/fenetresurcours\/category\/lycee-pro\/bac-pro\/\" rel=\"category tag\">Bac pro<\/a> <a href=\"https:\/\/www.pedagogie.ac-nice.fr\/fenetresurcours\/category\/lycee-pro\/bac-pro\/francais-bep\/\" rel=\"category tag\">Fran\u00e7ais pro<\/a> <a href=\"https:\/\/www.pedagogie.ac-nice.fr\/fenetresurcours\/category\/lycee-pro\/\" rel=\"category tag\">Lyc\u00e9e Pro<\/a>","rttpg_excerpt":"Synth\u00e8se interactive propos\u00e9e dans le cadre de l&rsquo;objet d&rsquo;\u00e9tude en 2de Bac pro : \u00ab\u00a0Dire et se faire entendre : la parole, l&rsquo;\u00e9loquence, le th\u00e9\u00e2tre.\u00a0\u00bb &nbsp; &nbsp; &nbsp; &nbsp;","post_mailing_queue_ids":[],"_links":{"self":[{"href":"https:\/\/www.pedagogie.ac-nice.fr\/fenetresurcours\/wp-json\/wp\/v2\/posts\/2040","targetHints":{"allow":["GET"]}}],"collection":[{"href":"https:\/\/www.pedagogie.ac-nice.fr\/fenetresurcours\/wp-json\/wp\/v2\/posts"}],"about":[{"href":"https:\/\/www.pedagogie.ac-nice.fr\/fenetresurcours\/wp-json\/wp\/v2\/types\/post"}],"author":[{"embeddable":true,"href":"https:\/\/www.pedagogie.ac-nice.fr\/fenetresurcours\/wp-json\/wp\/v2\/users\/231"}],"replies":[{"embeddable":true,"href":"https:\/\/www.pedagogie.ac-nice.fr\/fenetresurcours\/wp-json\/wp\/v2\/comments?post=2040"}],"version-history":[{"count":1,"href":"https:\/\/www.pedagogie.ac-nice.fr\/fenetresurcours\/wp-json\/wp\/v2\/posts\/2040\/revisions"}],"predecessor-version":[{"id":2042,"href":"https:\/\/www.pedagogie.ac-nice.fr\/fenetresurcours\/wp-json\/wp\/v2\/posts\/2040\/revisions\/2042"}],"wp:featuredmedia":[{"embeddable":true,"href":"https:\/\/www.pedagogie.ac-nice.fr\/fenetresurcours\/wp-json\/wp\/v2\/media\/2041"}],"wp:attachment":[{"href":"https:\/\/www.pedagogie.ac-nice.fr\/fenetresurcours\/wp-json\/wp\/v2\/media?parent=2040"}],"wp:term":[{"taxonomy":"category","embeddable":true,"href":"https:\/\/www.pedagogie.ac-nice.fr\/fenetresurcours\/wp-json\/wp\/v2\/categories?post=2040"},{"taxonomy":"post_tag","embeddable":true,"href":"https:\/\/www.pedagogie.ac-nice.fr\/fenetresurcours\/wp-json\/wp\/v2\/tags?post=2040"}],"curies":[{"name":"wp","href":"https:\/\/api.w.org\/{rel}","templated":true}]}}