{"id":2044,"date":"2020-06-28T21:03:56","date_gmt":"2020-06-28T19:03:56","guid":{"rendered":"https:\/\/www.pedagogie.ac-nice.fr\/fenetresurcours\/?p=2044"},"modified":"2020-06-28T21:05:21","modified_gmt":"2020-06-28T19:05:21","slug":"cafe-prevert","status":"publish","type":"post","link":"https:\/\/www.pedagogie.ac-nice.fr\/fenetresurcours\/cafe-prevert\/","title":{"rendered":"Caf\u00e9 Pr\u00e9vert"},"content":{"rendered":"<div id=\"attachment_1902\" style=\"width: 216px\" class=\"wp-caption alignleft\"><img loading=\"lazy\" decoding=\"async\" aria-describedby=\"caption-attachment-1902\" class=\"wp-image-1902\" src=\"https:\/\/www.pedagogie.ac-nice.fr\/fenetresurcours\/wp-content\/uploads\/sites\/36\/2020\/06\/by-nc-300x105.png\" alt=\"\" width=\"206\" height=\"72\" \/><p id=\"caption-attachment-1902\" class=\"wp-caption-text\">Roxane Obadia pour Cap&rsquo;Radio, 2020<\/p><\/div>\n<p>La crise sanitaire ayant emp\u00each\u00e9 la tenue du spectacle d&rsquo;atelier, les \u00e9l\u00e8ves et leur professeurs, Nadine Bar\u00e9 et Fr\u00e9d\u00e9rique Lethuillier du coll\u00e8ge Colette (Puget-sur-Argens), vous proposent une mise en ondes des po\u00e8mes de Jacques Pr\u00e9vert.<\/p>\n<p>Au menu :<em> Pour toi mon amour ; J&rsquo;en ai vu plusieurs ; L&rsquo;\u00e9clipse ; Les belles familles ; Il ne faut pas ; Rue de Seine ; C\u0153ur de rubis ; Les chansons les plus courtes ; D\u00e9jeuner du matin ; Le d\u00e9sespoir est assis sur un banc ; Le jardin ; Grasse matin\u00e9e ; Barbara ; Embrasse moi ; Les enfants qui s&rsquo;aiment.<\/em><\/p>\n<p>&nbsp;<\/p>\n<p><iframe loading=\"lazy\" src=\"https:\/\/w.soundcloud.com\/player\/?url=https%3A\/\/api.soundcloud.com\/tracks\/848440675&amp;color=%23ff5500&amp;auto_play=false&amp;hide_related=false&amp;show_comments=true&amp;show_user=true&amp;show_reposts=false&amp;show_teaser=true&amp;visual=true\" width=\"100%\" height=\"600\" frameborder=\"no\" scrolling=\"no\" data-mce-fragment=\"1\"><\/iframe><\/p>\n<div style=\"font-size: 10px; color: #cccccc; line-break: anywhere; word-break: normal; overflow: hidden; white-space: nowrap; text-overflow: ellipsis; font-family: Interstate,Lucida Grande,Lucida Sans Unicode,Lucida Sans,Garuda,Verdana,Tahoma,sans-serif; font-weight: 100;\"><a style=\"color: #cccccc; text-decoration: none;\" title=\"Cap'Radio\" href=\"https:\/\/soundcloud.com\/capradio-515121195\" target=\"_blank\" rel=\"noopener noreferrer\">Cap&rsquo;Radio<\/a> \u00b7 <a style=\"color: #cccccc; text-decoration: none;\" title=\"Caf\u00e9 Pr\u00e9vert\" href=\"https:\/\/soundcloud.com\/capradio-515121195\/cafe-prevert\" target=\"_blank\" rel=\"noopener noreferrer\">Caf\u00e9 Pr\u00e9vert<\/a><\/div>\n<div style=\"font-size: 10px; color: #cccccc; line-break: anywhere; word-break: normal; overflow: hidden; white-space: nowrap; text-overflow: ellipsis; font-family: Interstate,Lucida Grande,Lucida Sans Unicode,Lucida Sans,Garuda,Verdana,Tahoma,sans-serif; font-weight: 100;\"><a style=\"color: #cccccc; text-decoration: none;\" title=\"Cap'Radio\" href=\"https:\/\/soundcloud.com\/capradio-515121195\" target=\"_blank\" rel=\"noopener noreferrer\">Cap&rsquo;Radio<\/a> \u00b7 <a style=\"color: #cccccc; text-decoration: none;\" title=\"Caf\u00e9 Pr\u00e9vert\" href=\"https:\/\/soundcloud.com\/capradio-515121195\/cafe-prevert\" target=\"_blank\" rel=\"noopener noreferrer\">Caf\u00e9 Pr\u00e9vert<\/a><\/div>\n","protected":false},"excerpt":{"rendered":"<p>La crise sanitaire ayant emp\u00each\u00e9 la tenue du spectacle d&rsquo;atelier, les \u00e9l\u00e8ves et leur professeurs, Nadine Bar\u00e9 et Fr\u00e9d\u00e9rique Lethuillier du coll\u00e8ge Colette (Puget-sur-Argens), vous proposent une mise en ondes des po\u00e8mes de Jacques Pr\u00e9vert. Au menu : Pour toi mon amour ; J&rsquo;en ai vu plusieurs ; L&rsquo;\u00e9clipse ; Les belles familles ; Il [&hellip;]<\/p>\n","protected":false},"author":231,"featured_media":2045,"comment_status":"closed","ping_status":"closed","sticky":false,"template":"","format":"standard","meta":{"_et_pb_use_builder":"","_et_pb_old_content":"","_et_gb_content_width":"","ngg_post_thumbnail":0,"footnotes":""},"categories":[18,25,55,26,60],"tags":[340,367,368,278],"class_list":["post-2044","post","type-post","status-publish","format-standard","has-post-thumbnail","hentry","category-college","category-cycle-4","category-langages-cycle-4","category-parcours","category-peac","tag-poesie","tag-prevert","tag-radio","tag-theatre","et-has-post-format-content","et_post_format-et-post-format-standard"],"rttpg_featured_image_url":{"full":["https:\/\/www.pedagogie.ac-nice.fr\/fenetresurcours\/wp-content\/uploads\/sites\/36\/2020\/06\/Atelier-th\u00e9\u00e2tre-les-bleus.png",800,800,false],"landscape":["https:\/\/www.pedagogie.ac-nice.fr\/fenetresurcours\/wp-content\/uploads\/sites\/36\/2020\/06\/Atelier-th\u00e9\u00e2tre-les-bleus.png",800,800,false],"portraits":["https:\/\/www.pedagogie.ac-nice.fr\/fenetresurcours\/wp-content\/uploads\/sites\/36\/2020\/06\/Atelier-th\u00e9\u00e2tre-les-bleus.png",800,800,false],"thumbnail":["https:\/\/www.pedagogie.ac-nice.fr\/fenetresurcours\/wp-content\/uploads\/sites\/36\/2020\/06\/Atelier-th\u00e9\u00e2tre-les-bleus-150x150.png",150,150,true],"medium":["https:\/\/www.pedagogie.ac-nice.fr\/fenetresurcours\/wp-content\/uploads\/sites\/36\/2020\/06\/Atelier-th\u00e9\u00e2tre-les-bleus-300x300.png",300,300,true],"large":["https:\/\/www.pedagogie.ac-nice.fr\/fenetresurcours\/wp-content\/uploads\/sites\/36\/2020\/06\/Atelier-th\u00e9\u00e2tre-les-bleus.png",800,800,false],"1536x1536":["https:\/\/www.pedagogie.ac-nice.fr\/fenetresurcours\/wp-content\/uploads\/sites\/36\/2020\/06\/Atelier-th\u00e9\u00e2tre-les-bleus.png",800,800,false],"2048x2048":["https:\/\/www.pedagogie.ac-nice.fr\/fenetresurcours\/wp-content\/uploads\/sites\/36\/2020\/06\/Atelier-th\u00e9\u00e2tre-les-bleus.png",800,800,false],"et-builder-post-main-image":["https:\/\/www.pedagogie.ac-nice.fr\/fenetresurcours\/wp-content\/uploads\/sites\/36\/2020\/06\/Atelier-th\u00e9\u00e2tre-les-bleus-400x250.png",400,250,true],"et-builder-post-main-image-fullwidth":["https:\/\/www.pedagogie.ac-nice.fr\/fenetresurcours\/wp-content\/uploads\/sites\/36\/2020\/06\/Atelier-th\u00e9\u00e2tre-les-bleus-800x675.png",800,675,true],"et-builder-portfolio-image":["https:\/\/www.pedagogie.ac-nice.fr\/fenetresurcours\/wp-content\/uploads\/sites\/36\/2020\/06\/Atelier-th\u00e9\u00e2tre-les-bleus-400x284.png",400,284,true],"et-builder-portfolio-image-single":["https:\/\/www.pedagogie.ac-nice.fr\/fenetresurcours\/wp-content\/uploads\/sites\/36\/2020\/06\/Atelier-th\u00e9\u00e2tre-les-bleus.png",800,800,false],"et-builder-gallery-image-portrait":["https:\/\/www.pedagogie.ac-nice.fr\/fenetresurcours\/wp-content\/uploads\/sites\/36\/2020\/06\/Atelier-th\u00e9\u00e2tre-les-bleus-400x516.png",400,516,true],"extra-image-huge":["https:\/\/www.pedagogie.ac-nice.fr\/fenetresurcours\/wp-content\/uploads\/sites\/36\/2020\/06\/Atelier-th\u00e9\u00e2tre-les-bleus-800x768.png",800,768,true],"extra-image-single-post":["https:\/\/www.pedagogie.ac-nice.fr\/fenetresurcours\/wp-content\/uploads\/sites\/36\/2020\/06\/Atelier-th\u00e9\u00e2tre-les-bleus-800x640.png",800,640,true],"extra-image-medium":["https:\/\/www.pedagogie.ac-nice.fr\/fenetresurcours\/wp-content\/uploads\/sites\/36\/2020\/06\/Atelier-th\u00e9\u00e2tre-les-bleus-627x376.png",627,376,true],"extra-image-small":["https:\/\/www.pedagogie.ac-nice.fr\/fenetresurcours\/wp-content\/uploads\/sites\/36\/2020\/06\/Atelier-th\u00e9\u00e2tre-les-bleus-440x264.png",440,264,true],"extra-image-square-medium":["https:\/\/www.pedagogie.ac-nice.fr\/fenetresurcours\/wp-content\/uploads\/sites\/36\/2020\/06\/Atelier-th\u00e9\u00e2tre-les-bleus-440x440.png",440,440,true],"extra-image-square-small":["https:\/\/www.pedagogie.ac-nice.fr\/fenetresurcours\/wp-content\/uploads\/sites\/36\/2020\/06\/Atelier-th\u00e9\u00e2tre-les-bleus-150x150.png",150,150,true],"advps-thumb-one":["https:\/\/www.pedagogie.ac-nice.fr\/fenetresurcours\/wp-content\/uploads\/sites\/36\/2020\/06\/Atelier-th\u00e9\u00e2tre-les-bleus.png",220,220,false]},"rttpg_author":{"display_name":"fenetresurcours","author_link":"https:\/\/www.pedagogie.ac-nice.fr\/fenetresurcours\/author\/fenetresurcours\/"},"rttpg_comment":0,"rttpg_category":"<a href=\"https:\/\/www.pedagogie.ac-nice.fr\/fenetresurcours\/category\/college\/\" rel=\"category tag\">Coll\u00e8ge<\/a> <a href=\"https:\/\/www.pedagogie.ac-nice.fr\/fenetresurcours\/category\/college\/cycle-4\/\" rel=\"category tag\">Cycle 4<\/a> <a href=\"https:\/\/www.pedagogie.ac-nice.fr\/fenetresurcours\/category\/college\/cycle-4\/langages-cycle-4\/\" rel=\"category tag\">Langages coll\u00e8ge Cycle 4<\/a> <a href=\"https:\/\/www.pedagogie.ac-nice.fr\/fenetresurcours\/category\/college\/parcours\/\" rel=\"category tag\">Parcours coll\u00e8ge<\/a> <a href=\"https:\/\/www.pedagogie.ac-nice.fr\/fenetresurcours\/category\/college\/parcours\/peac\/\" rel=\"category tag\">PEAC coll\u00e8ge<\/a>","rttpg_excerpt":"La crise sanitaire ayant emp\u00each\u00e9 la tenue du spectacle d&rsquo;atelier, les \u00e9l\u00e8ves et leur professeurs, Nadine Bar\u00e9 et Fr\u00e9d\u00e9rique Lethuillier du coll\u00e8ge Colette (Puget-sur-Argens), vous proposent une mise en ondes des po\u00e8mes de Jacques Pr\u00e9vert. Au menu : Pour toi mon amour ; J&rsquo;en ai vu plusieurs ; L&rsquo;\u00e9clipse ; Les belles familles ; Il\u2026","post_mailing_queue_ids":[],"_links":{"self":[{"href":"https:\/\/www.pedagogie.ac-nice.fr\/fenetresurcours\/wp-json\/wp\/v2\/posts\/2044","targetHints":{"allow":["GET"]}}],"collection":[{"href":"https:\/\/www.pedagogie.ac-nice.fr\/fenetresurcours\/wp-json\/wp\/v2\/posts"}],"about":[{"href":"https:\/\/www.pedagogie.ac-nice.fr\/fenetresurcours\/wp-json\/wp\/v2\/types\/post"}],"author":[{"embeddable":true,"href":"https:\/\/www.pedagogie.ac-nice.fr\/fenetresurcours\/wp-json\/wp\/v2\/users\/231"}],"replies":[{"embeddable":true,"href":"https:\/\/www.pedagogie.ac-nice.fr\/fenetresurcours\/wp-json\/wp\/v2\/comments?post=2044"}],"version-history":[{"count":2,"href":"https:\/\/www.pedagogie.ac-nice.fr\/fenetresurcours\/wp-json\/wp\/v2\/posts\/2044\/revisions"}],"predecessor-version":[{"id":2047,"href":"https:\/\/www.pedagogie.ac-nice.fr\/fenetresurcours\/wp-json\/wp\/v2\/posts\/2044\/revisions\/2047"}],"wp:featuredmedia":[{"embeddable":true,"href":"https:\/\/www.pedagogie.ac-nice.fr\/fenetresurcours\/wp-json\/wp\/v2\/media\/2045"}],"wp:attachment":[{"href":"https:\/\/www.pedagogie.ac-nice.fr\/fenetresurcours\/wp-json\/wp\/v2\/media?parent=2044"}],"wp:term":[{"taxonomy":"category","embeddable":true,"href":"https:\/\/www.pedagogie.ac-nice.fr\/fenetresurcours\/wp-json\/wp\/v2\/categories?post=2044"},{"taxonomy":"post_tag","embeddable":true,"href":"https:\/\/www.pedagogie.ac-nice.fr\/fenetresurcours\/wp-json\/wp\/v2\/tags?post=2044"}],"curies":[{"name":"wp","href":"https:\/\/api.w.org\/{rel}","templated":true}]}}