{"id":2158,"date":"2020-07-12T14:49:24","date_gmt":"2020-07-12T12:49:24","guid":{"rendered":"https:\/\/www.pedagogie.ac-nice.fr\/fenetresurcours\/?p=2158"},"modified":"2020-07-12T14:49:24","modified_gmt":"2020-07-12T12:49:24","slug":"lettres-a-nour","status":"publish","type":"post","link":"https:\/\/www.pedagogie.ac-nice.fr\/fenetresurcours\/lettres-a-nour\/","title":{"rendered":"Lettres a\u0300 Nour"},"content":{"rendered":"<div id=\"attachment_1818\" style=\"width: 210px\" class=\"wp-caption alignleft\"><img loading=\"lazy\" decoding=\"async\" aria-describedby=\"caption-attachment-1818\" class=\" wp-image-1818\" src=\"https:\/\/www.pedagogie.ac-nice.fr\/fenetresurcours\/wp-content\/uploads\/sites\/36\/2020\/06\/cc-4-300x102.png\" alt=\"\" width=\"200\" height=\"68\" srcset=\"https:\/\/www.pedagogie.ac-nice.fr\/fenetresurcours\/wp-content\/uploads\/sites\/36\/2020\/06\/cc-4-300x102.png 300w, https:\/\/www.pedagogie.ac-nice.fr\/fenetresurcours\/wp-content\/uploads\/sites\/36\/2020\/06\/cc-4.png 384w\" sizes=\"(max-width: 200px) 100vw, 200px\" \/><p id=\"caption-attachment-1818\" class=\"wp-caption-text\">Frederick Lacroix DAAC06<\/p><\/div>\n<p>Lettres a\u0300 Nour est un projet soutenu par la DAAC re\u0301unissant l\u2019e\u0301crivain Rachid Benzine, le TNN et plusieurs colle\u0300ges et lyce\u0301es nic\u0327ois.<br \/>\nVoici Le travail des 17 e\u0301le\u0300ves de terminale Syste\u0300mes nume\u0301riques du Lyce\u0301e Professionnel des Eucalyptus qui ont rencontre\u0301 jeudi 19 de\u0301cembre 2019 l\u2019auteur des \u00ab Lettres a\u0300 Nour \u00bb pour l\u2019interroger sur son roman et parler du travail d\u2019e\u0301criture dans lequel ils sont engage\u0301s et qu\u2019ils auraient du\u0302 porter le 25 et 26 mars 2020 sur la sce\u0300ne du the\u0301a\u0302tre de Nice dans un spectacle collectif engageant l\u2019ensemble des classes inscrites.<\/p>\n<p>Vous trouverez ce travail sur le blog de la DAAC, les lettres e\u0301crites par nos e\u0301le\u0300ves, lues par Muriel Mayette Holtz.<\/p>\n<p>Aussi, voici une ressource p\u00e9dagogique in\u00e9dite et innovante de Corinne V\u00e9rrando, directrice Segpa du Coll\u00e8ge Jean Henri Fabre de Nice, intitul\u00e9 \u00a0\u00bbLettres \u00e0 ceux qui restent\u00a0\u00bb :<\/p>\n<p><a href=\"https:\/\/www.youtube.com\/watch?v=kQlKeeWyT5c\" target=\"_blank\" rel=\"noopener noreferrer\">https:\/\/www.youtube.com\/watch?v=kQlKeeWyT5c<\/a><\/p>\n","protected":false},"excerpt":{"rendered":"<p>Lettres a\u0300 Nour est un projet soutenu par la DAAC re\u0301unissant l\u2019e\u0301crivain Rachid Benzine, le TNN et plusieurs colle\u0300ges et lyce\u0301es nic\u0327ois. Voici Le travail des 17 e\u0301le\u0300ves de terminale Syste\u0300mes nume\u0301riques du Lyce\u0301e Professionnel des Eucalyptus qui ont rencontre\u0301 jeudi 19 de\u0301cembre 2019 l\u2019auteur des \u00ab Lettres a\u0300 Nour \u00bb pour l\u2019interroger sur son [&hellip;]<\/p>\n","protected":false},"author":226,"featured_media":2159,"comment_status":"closed","ping_status":"closed","sticky":false,"template":"","format":"standard","meta":{"_et_pb_use_builder":"","_et_pb_old_content":"","_et_gb_content_width":"","ngg_post_thumbnail":0,"footnotes":""},"categories":[18,24,25,52,57,50,55,1,61,26,60,54,59],"tags":[435,433,432,339,434,291],"class_list":["post-2158","post","type-post","status-publish","format-standard","has-post-thumbnail","hentry","category-college","category-cycle-3-6e","category-cycle-4","category-la-personne-et-le-citoyen-cycle-3-6e","category-la-personne-et-le-citoyen-cycle-4","category-langages-cycle-3-6e","category-langages-cycle-4","category-non-classe","category-parcours-citoyen","category-parcours","category-peac","category-representations-du-monde-cycle-3-6e","category-representations-du-monde-cycle-4","tag-daac","tag-fabre","tag-rachid-benzine","tag-reecriture","tag-roman","tag-segpa","et-has-post-format-content","et_post_format-et-post-format-standard"],"rttpg_featured_image_url":{"full":["https:\/\/www.pedagogie.ac-nice.fr\/fenetresurcours\/wp-content\/uploads\/sites\/36\/2020\/07\/Ceux-qui-restent.png",502,782,false],"landscape":["https:\/\/www.pedagogie.ac-nice.fr\/fenetresurcours\/wp-content\/uploads\/sites\/36\/2020\/07\/Ceux-qui-restent.png",502,782,false],"portraits":["https:\/\/www.pedagogie.ac-nice.fr\/fenetresurcours\/wp-content\/uploads\/sites\/36\/2020\/07\/Ceux-qui-restent.png",502,782,false],"thumbnail":["https:\/\/www.pedagogie.ac-nice.fr\/fenetresurcours\/wp-content\/uploads\/sites\/36\/2020\/07\/Ceux-qui-restent-150x150.png",150,150,true],"medium":["https:\/\/www.pedagogie.ac-nice.fr\/fenetresurcours\/wp-content\/uploads\/sites\/36\/2020\/07\/Ceux-qui-restent-193x300.png",193,300,true],"large":["https:\/\/www.pedagogie.ac-nice.fr\/fenetresurcours\/wp-content\/uploads\/sites\/36\/2020\/07\/Ceux-qui-restent.png",502,782,false],"1536x1536":["https:\/\/www.pedagogie.ac-nice.fr\/fenetresurcours\/wp-content\/uploads\/sites\/36\/2020\/07\/Ceux-qui-restent.png",502,782,false],"2048x2048":["https:\/\/www.pedagogie.ac-nice.fr\/fenetresurcours\/wp-content\/uploads\/sites\/36\/2020\/07\/Ceux-qui-restent.png",502,782,false],"et-builder-post-main-image":["https:\/\/www.pedagogie.ac-nice.fr\/fenetresurcours\/wp-content\/uploads\/sites\/36\/2020\/07\/Ceux-qui-restent-400x250.png",400,250,true],"et-builder-post-main-image-fullwidth":["https:\/\/www.pedagogie.ac-nice.fr\/fenetresurcours\/wp-content\/uploads\/sites\/36\/2020\/07\/Ceux-qui-restent-502x675.png",502,675,true],"et-builder-portfolio-image":["https:\/\/www.pedagogie.ac-nice.fr\/fenetresurcours\/wp-content\/uploads\/sites\/36\/2020\/07\/Ceux-qui-restent-400x284.png",400,284,true],"et-builder-portfolio-image-single":["https:\/\/www.pedagogie.ac-nice.fr\/fenetresurcours\/wp-content\/uploads\/sites\/36\/2020\/07\/Ceux-qui-restent.png",502,782,false],"et-builder-gallery-image-portrait":["https:\/\/www.pedagogie.ac-nice.fr\/fenetresurcours\/wp-content\/uploads\/sites\/36\/2020\/07\/Ceux-qui-restent-400x516.png",400,516,true],"extra-image-huge":["https:\/\/www.pedagogie.ac-nice.fr\/fenetresurcours\/wp-content\/uploads\/sites\/36\/2020\/07\/Ceux-qui-restent-502x768.png",502,768,true],"extra-image-single-post":["https:\/\/www.pedagogie.ac-nice.fr\/fenetresurcours\/wp-content\/uploads\/sites\/36\/2020\/07\/Ceux-qui-restent-502x640.png",502,640,true],"extra-image-medium":["https:\/\/www.pedagogie.ac-nice.fr\/fenetresurcours\/wp-content\/uploads\/sites\/36\/2020\/07\/Ceux-qui-restent-502x376.png",502,376,true],"extra-image-small":["https:\/\/www.pedagogie.ac-nice.fr\/fenetresurcours\/wp-content\/uploads\/sites\/36\/2020\/07\/Ceux-qui-restent-440x264.png",440,264,true],"extra-image-square-medium":["https:\/\/www.pedagogie.ac-nice.fr\/fenetresurcours\/wp-content\/uploads\/sites\/36\/2020\/07\/Ceux-qui-restent-440x440.png",440,440,true],"extra-image-square-small":["https:\/\/www.pedagogie.ac-nice.fr\/fenetresurcours\/wp-content\/uploads\/sites\/36\/2020\/07\/Ceux-qui-restent-150x150.png",150,150,true],"advps-thumb-one":["https:\/\/www.pedagogie.ac-nice.fr\/fenetresurcours\/wp-content\/uploads\/sites\/36\/2020\/07\/Ceux-qui-restent.png",141,220,false]},"rttpg_author":{"display_name":"fredericklacroix","author_link":"https:\/\/www.pedagogie.ac-nice.fr\/fenetresurcours\/author\/fredericklacroix\/"},"rttpg_comment":0,"rttpg_category":"<a href=\"https:\/\/www.pedagogie.ac-nice.fr\/fenetresurcours\/category\/college\/\" rel=\"category tag\">Coll\u00e8ge<\/a> <a href=\"https:\/\/www.pedagogie.ac-nice.fr\/fenetresurcours\/category\/college\/cycle-3-6e\/\" rel=\"category tag\">Cycle 3 (6e)<\/a> <a href=\"https:\/\/www.pedagogie.ac-nice.fr\/fenetresurcours\/category\/college\/cycle-4\/\" rel=\"category tag\">Cycle 4<\/a> <a href=\"https:\/\/www.pedagogie.ac-nice.fr\/fenetresurcours\/category\/college\/cycle-3-6e\/la-personne-et-le-citoyen-cycle-3-6e\/\" rel=\"category tag\">La personne et le citoyen Coll\u00e8ge<\/a> <a href=\"https:\/\/www.pedagogie.ac-nice.fr\/fenetresurcours\/category\/college\/cycle-4\/la-personne-et-le-citoyen-cycle-4\/\" rel=\"category tag\">La personne et le citoyen coll\u00e8ge Cycle 4<\/a> <a href=\"https:\/\/www.pedagogie.ac-nice.fr\/fenetresurcours\/category\/college\/cycle-3-6e\/langages-cycle-3-6e\/\" rel=\"category tag\">Langages Coll\u00e8ge<\/a> <a href=\"https:\/\/www.pedagogie.ac-nice.fr\/fenetresurcours\/category\/college\/cycle-4\/langages-cycle-4\/\" rel=\"category tag\">Langages coll\u00e8ge Cycle 4<\/a> <a href=\"https:\/\/www.pedagogie.ac-nice.fr\/fenetresurcours\/category\/non-classe\/\" rel=\"category tag\">Non class\u00e9<\/a> <a href=\"https:\/\/www.pedagogie.ac-nice.fr\/fenetresurcours\/category\/college\/parcours\/parcours-citoyen\/\" rel=\"category tag\">Parcours Citoyen coll\u00e8ge<\/a> <a href=\"https:\/\/www.pedagogie.ac-nice.fr\/fenetresurcours\/category\/college\/parcours\/\" rel=\"category tag\">Parcours coll\u00e8ge<\/a> <a href=\"https:\/\/www.pedagogie.ac-nice.fr\/fenetresurcours\/category\/college\/parcours\/peac\/\" rel=\"category tag\">PEAC coll\u00e8ge<\/a> <a href=\"https:\/\/www.pedagogie.ac-nice.fr\/fenetresurcours\/category\/college\/cycle-3-6e\/representations-du-monde-cycle-3-6e\/\" rel=\"category tag\">Repr\u00e9sentations du monde Coll\u00e8ge cycle 3<\/a> <a href=\"https:\/\/www.pedagogie.ac-nice.fr\/fenetresurcours\/category\/college\/cycle-4\/representations-du-monde-cycle-4\/\" rel=\"category tag\">Repr\u00e9sentations du monde coll\u00e8ge Cycle 4<\/a>","rttpg_excerpt":"Lettres a\u0300 Nour est un projet soutenu par la DAAC re\u0301unissant l\u2019e\u0301crivain Rachid Benzine, le TNN et plusieurs colle\u0300ges et lyce\u0301es nic\u0327ois. Voici Le travail des 17 e\u0301le\u0300ves de terminale Syste\u0300mes nume\u0301riques du Lyce\u0301e Professionnel des Eucalyptus qui ont rencontre\u0301 jeudi 19 de\u0301cembre 2019 l\u2019auteur des \u00ab Lettres a\u0300 Nour \u00bb pour l\u2019interroger sur son\u2026","post_mailing_queue_ids":[],"_links":{"self":[{"href":"https:\/\/www.pedagogie.ac-nice.fr\/fenetresurcours\/wp-json\/wp\/v2\/posts\/2158","targetHints":{"allow":["GET"]}}],"collection":[{"href":"https:\/\/www.pedagogie.ac-nice.fr\/fenetresurcours\/wp-json\/wp\/v2\/posts"}],"about":[{"href":"https:\/\/www.pedagogie.ac-nice.fr\/fenetresurcours\/wp-json\/wp\/v2\/types\/post"}],"author":[{"embeddable":true,"href":"https:\/\/www.pedagogie.ac-nice.fr\/fenetresurcours\/wp-json\/wp\/v2\/users\/226"}],"replies":[{"embeddable":true,"href":"https:\/\/www.pedagogie.ac-nice.fr\/fenetresurcours\/wp-json\/wp\/v2\/comments?post=2158"}],"version-history":[{"count":3,"href":"https:\/\/www.pedagogie.ac-nice.fr\/fenetresurcours\/wp-json\/wp\/v2\/posts\/2158\/revisions"}],"predecessor-version":[{"id":2162,"href":"https:\/\/www.pedagogie.ac-nice.fr\/fenetresurcours\/wp-json\/wp\/v2\/posts\/2158\/revisions\/2162"}],"wp:featuredmedia":[{"embeddable":true,"href":"https:\/\/www.pedagogie.ac-nice.fr\/fenetresurcours\/wp-json\/wp\/v2\/media\/2159"}],"wp:attachment":[{"href":"https:\/\/www.pedagogie.ac-nice.fr\/fenetresurcours\/wp-json\/wp\/v2\/media?parent=2158"}],"wp:term":[{"taxonomy":"category","embeddable":true,"href":"https:\/\/www.pedagogie.ac-nice.fr\/fenetresurcours\/wp-json\/wp\/v2\/categories?post=2158"},{"taxonomy":"post_tag","embeddable":true,"href":"https:\/\/www.pedagogie.ac-nice.fr\/fenetresurcours\/wp-json\/wp\/v2\/tags?post=2158"}],"curies":[{"name":"wp","href":"https:\/\/api.w.org\/{rel}","templated":true}]}}