{"id":8,"date":"2020-06-14T16:01:08","date_gmt":"2020-06-14T14:01:08","guid":{"rendered":"https:\/\/www.pedagogie.ac-nice.fr\/fenetresurcours\/?p=8"},"modified":"2020-06-17T14:20:13","modified_gmt":"2020-06-17T12:20:13","slug":"le-systeme-solaire","status":"publish","type":"post","link":"https:\/\/www.pedagogie.ac-nice.fr\/fenetresurcours\/le-systeme-solaire\/","title":{"rendered":"Le syst\u00e8me solaire"},"content":{"rendered":"<div id=\"attachment_10\" style=\"width: 216px\" class=\"wp-caption alignleft\"><img loading=\"lazy\" decoding=\"async\" aria-describedby=\"caption-attachment-10\" class=\"wp-image-10 \" src=\"https:\/\/www.pedagogie.ac-nice.fr\/fenetresurcours\/wp-content\/uploads\/sites\/36\/2020\/06\/cc-3-300x105.png\" alt=\"\" width=\"206\" height=\"72\" srcset=\"https:\/\/www.pedagogie.ac-nice.fr\/fenetresurcours\/wp-content\/uploads\/sites\/36\/2020\/06\/cc-3-300x105.png 300w, https:\/\/www.pedagogie.ac-nice.fr\/fenetresurcours\/wp-content\/uploads\/sites\/36\/2020\/06\/cc-3.png 380w\" sizes=\"(max-width: 206px) 100vw, 206px\" \/><p id=\"caption-attachment-10\" class=\"wp-caption-text\">Roxane Obadia pour Cap&rsquo;Radio, 2020<\/p><\/div>\n<p>La t\u00eate dans les \u00e9toiles est un podcast audio r\u00e9alis\u00e9 par Cap&rsquo;Radio pour pr\u00e9senter le syst\u00e8me solaire aux \u00e9l\u00e8ves de primaire.<\/p>\n<p>&nbsp;<\/p>\n<p><iframe loading=\"lazy\" src=\"https:\/\/w.soundcloud.com\/player\/?url=https%3A\/\/api.soundcloud.com\/tracks\/817588687&amp;color=%23ff5500&amp;auto_play=false&amp;hide_related=false&amp;show_comments=true&amp;show_user=true&amp;show_reposts=false&amp;show_teaser=true&amp;visual=true\" width=\"100%\" height=\"300\" frameborder=\"no\" scrolling=\"no\" data-mce-fragment=\"1\"><\/iframe><\/p>\n<div style=\"font-size: 10px; color: #cccccc; line-break: anywhere; word-break: normal; overflow: hidden; white-space: nowrap; text-overflow: ellipsis; font-family: Interstate,Lucida Grande,Lucida Sans Unicode,Lucida Sans,Garuda,Verdana,Tahoma,sans-serif; font-weight: 100;\"><a style=\"color: #cccccc; text-decoration: none;\" title=\"Cap'Radio\" href=\"https:\/\/soundcloud.com\/capradio-515121195\" target=\"_blank\" rel=\"noopener noreferrer\">Cap&rsquo;Radio<\/a> \u00b7 <a style=\"color: #cccccc; text-decoration: none;\" title=\"La t\u00eate dans les \u00e9toiles\" href=\"https:\/\/soundcloud.com\/capradio-515121195\/la-tete-dans-les-etoiles\" target=\"_blank\" rel=\"noopener noreferrer\">La t\u00eate dans les \u00e9toiles<\/a><\/div>\n","protected":false},"excerpt":{"rendered":"<p>La t\u00eate dans les \u00e9toiles est un podcast audio r\u00e9alis\u00e9 par Cap&rsquo;Radio pour pr\u00e9senter le syst\u00e8me solaire aux \u00e9l\u00e8ves de primaire. &nbsp; Cap&rsquo;Radio \u00b7 La t\u00eate dans les \u00e9toiles<\/p>\n","protected":false},"author":231,"featured_media":9,"comment_status":"closed","ping_status":"closed","sticky":false,"template":"","format":"standard","meta":{"_et_pb_use_builder":"","_et_pb_old_content":"","_et_gb_content_width":"","ngg_post_thumbnail":0,"footnotes":""},"categories":[22,23,17,43,48],"tags":[5,2,3,4,262,6,7],"class_list":["post-8","post","type-post","status-publish","format-standard","has-post-thumbnail","hentry","category-cycle-2-primaire","category-cycle-3-primaire","category-primaire","category-systemes-naturels-et-techniques","category-systemes-naturels-et-techniques-cycle-3","tag-astronomie","tag-audio","tag-cycle-2","tag-cycle-3","tag-etoiles","tag-planetes","tag-systemes-naturels","et-has-post-format-content","et_post_format-et-post-format-standard"],"rttpg_featured_image_url":{"full":["https:\/\/www.pedagogie.ac-nice.fr\/fenetresurcours\/wp-content\/uploads\/sites\/36\/2020\/06\/Sans-titre.jpg",800,600,false],"landscape":["https:\/\/www.pedagogie.ac-nice.fr\/fenetresurcours\/wp-content\/uploads\/sites\/36\/2020\/06\/Sans-titre.jpg",800,600,false],"portraits":["https:\/\/www.pedagogie.ac-nice.fr\/fenetresurcours\/wp-content\/uploads\/sites\/36\/2020\/06\/Sans-titre.jpg",800,600,false],"thumbnail":["https:\/\/www.pedagogie.ac-nice.fr\/fenetresurcours\/wp-content\/uploads\/sites\/36\/2020\/06\/Sans-titre-150x150.jpg",150,150,true],"medium":["https:\/\/www.pedagogie.ac-nice.fr\/fenetresurcours\/wp-content\/uploads\/sites\/36\/2020\/06\/Sans-titre-300x225.jpg",300,225,true],"large":["https:\/\/www.pedagogie.ac-nice.fr\/fenetresurcours\/wp-content\/uploads\/sites\/36\/2020\/06\/Sans-titre.jpg",800,600,false],"1536x1536":["https:\/\/www.pedagogie.ac-nice.fr\/fenetresurcours\/wp-content\/uploads\/sites\/36\/2020\/06\/Sans-titre.jpg",800,600,false],"2048x2048":["https:\/\/www.pedagogie.ac-nice.fr\/fenetresurcours\/wp-content\/uploads\/sites\/36\/2020\/06\/Sans-titre.jpg",800,600,false],"et-builder-post-main-image":["https:\/\/www.pedagogie.ac-nice.fr\/fenetresurcours\/wp-content\/uploads\/sites\/36\/2020\/06\/Sans-titre.jpg",333,250,false],"et-builder-post-main-image-fullwidth":["https:\/\/www.pedagogie.ac-nice.fr\/fenetresurcours\/wp-content\/uploads\/sites\/36\/2020\/06\/Sans-titre.jpg",800,600,false],"et-builder-portfolio-image":["https:\/\/www.pedagogie.ac-nice.fr\/fenetresurcours\/wp-content\/uploads\/sites\/36\/2020\/06\/Sans-titre.jpg",379,284,false],"et-builder-portfolio-image-single":["https:\/\/www.pedagogie.ac-nice.fr\/fenetresurcours\/wp-content\/uploads\/sites\/36\/2020\/06\/Sans-titre.jpg",800,600,false],"et-builder-gallery-image-portrait":["https:\/\/www.pedagogie.ac-nice.fr\/fenetresurcours\/wp-content\/uploads\/sites\/36\/2020\/06\/Sans-titre.jpg",400,300,false],"extra-image-huge":["https:\/\/www.pedagogie.ac-nice.fr\/fenetresurcours\/wp-content\/uploads\/sites\/36\/2020\/06\/Sans-titre.jpg",800,600,false],"extra-image-single-post":["https:\/\/www.pedagogie.ac-nice.fr\/fenetresurcours\/wp-content\/uploads\/sites\/36\/2020\/06\/Sans-titre.jpg",800,600,false],"extra-image-medium":["https:\/\/www.pedagogie.ac-nice.fr\/fenetresurcours\/wp-content\/uploads\/sites\/36\/2020\/06\/Sans-titre-627x376.jpg",627,376,true],"extra-image-small":["https:\/\/www.pedagogie.ac-nice.fr\/fenetresurcours\/wp-content\/uploads\/sites\/36\/2020\/06\/Sans-titre-440x264.jpg",440,264,true],"extra-image-square-medium":["https:\/\/www.pedagogie.ac-nice.fr\/fenetresurcours\/wp-content\/uploads\/sites\/36\/2020\/06\/Sans-titre.jpg",440,330,false],"extra-image-square-small":["https:\/\/www.pedagogie.ac-nice.fr\/fenetresurcours\/wp-content\/uploads\/sites\/36\/2020\/06\/Sans-titre-150x150.jpg",150,150,true],"advps-thumb-one":["https:\/\/www.pedagogie.ac-nice.fr\/fenetresurcours\/wp-content\/uploads\/sites\/36\/2020\/06\/Sans-titre.jpg",293,220,false]},"rttpg_author":{"display_name":"fenetresurcours","author_link":"https:\/\/www.pedagogie.ac-nice.fr\/fenetresurcours\/author\/fenetresurcours\/"},"rttpg_comment":0,"rttpg_category":"<a href=\"https:\/\/www.pedagogie.ac-nice.fr\/fenetresurcours\/category\/primaire\/cycle-2-primaire\/\" rel=\"category tag\">Cycle 2 Primaire<\/a> <a href=\"https:\/\/www.pedagogie.ac-nice.fr\/fenetresurcours\/category\/primaire\/cycle-3-primaire\/\" rel=\"category tag\">Cycle 3 Primaire<\/a> <a href=\"https:\/\/www.pedagogie.ac-nice.fr\/fenetresurcours\/category\/primaire\/\" rel=\"category tag\">Primaire<\/a> <a href=\"https:\/\/www.pedagogie.ac-nice.fr\/fenetresurcours\/category\/primaire\/cycle-2-primaire\/systemes-naturels-et-techniques\/\" rel=\"category tag\">Syst\u00e8mes naturels et techniques Cycle 2 Primaire<\/a> <a href=\"https:\/\/www.pedagogie.ac-nice.fr\/fenetresurcours\/category\/primaire\/cycle-3-primaire\/systemes-naturels-et-techniques-cycle-3\/\" rel=\"category tag\">Syst\u00e8mes naturels et techniques Cycle 3 Primaire<\/a>","rttpg_excerpt":"La t\u00eate dans les \u00e9toiles est un podcast audio r\u00e9alis\u00e9 par Cap&rsquo;Radio pour pr\u00e9senter le syst\u00e8me solaire aux \u00e9l\u00e8ves de primaire. &nbsp; Cap&rsquo;Radio \u00b7 La t\u00eate dans les \u00e9toiles","post_mailing_queue_ids":[],"_links":{"self":[{"href":"https:\/\/www.pedagogie.ac-nice.fr\/fenetresurcours\/wp-json\/wp\/v2\/posts\/8","targetHints":{"allow":["GET"]}}],"collection":[{"href":"https:\/\/www.pedagogie.ac-nice.fr\/fenetresurcours\/wp-json\/wp\/v2\/posts"}],"about":[{"href":"https:\/\/www.pedagogie.ac-nice.fr\/fenetresurcours\/wp-json\/wp\/v2\/types\/post"}],"author":[{"embeddable":true,"href":"https:\/\/www.pedagogie.ac-nice.fr\/fenetresurcours\/wp-json\/wp\/v2\/users\/231"}],"replies":[{"embeddable":true,"href":"https:\/\/www.pedagogie.ac-nice.fr\/fenetresurcours\/wp-json\/wp\/v2\/comments?post=8"}],"version-history":[{"count":3,"href":"https:\/\/www.pedagogie.ac-nice.fr\/fenetresurcours\/wp-json\/wp\/v2\/posts\/8\/revisions"}],"predecessor-version":[{"id":1837,"href":"https:\/\/www.pedagogie.ac-nice.fr\/fenetresurcours\/wp-json\/wp\/v2\/posts\/8\/revisions\/1837"}],"wp:featuredmedia":[{"embeddable":true,"href":"https:\/\/www.pedagogie.ac-nice.fr\/fenetresurcours\/wp-json\/wp\/v2\/media\/9"}],"wp:attachment":[{"href":"https:\/\/www.pedagogie.ac-nice.fr\/fenetresurcours\/wp-json\/wp\/v2\/media?parent=8"}],"wp:term":[{"taxonomy":"category","embeddable":true,"href":"https:\/\/www.pedagogie.ac-nice.fr\/fenetresurcours\/wp-json\/wp\/v2\/categories?post=8"},{"taxonomy":"post_tag","embeddable":true,"href":"https:\/\/www.pedagogie.ac-nice.fr\/fenetresurcours\/wp-json\/wp\/v2\/tags?post=8"}],"curies":[{"name":"wp","href":"https:\/\/api.w.org\/{rel}","templated":true}]}}