{"id":1907,"date":"2021-03-14T22:15:11","date_gmt":"2021-03-14T21:15:11","guid":{"rendered":"https:\/\/www.pedagogie.ac-nice.fr\/italien\/?p=1907"},"modified":"2021-03-14T23:06:03","modified_gmt":"2021-03-14T22:06:03","slug":"decouvrez-les-abecedaires-crees-par-les-eleves-de-terminale-de-la-section-arts-appliques-du-lycee-leonard-de-vinci-dantibes","status":"publish","type":"post","link":"https:\/\/www.pedagogie.ac-nice.fr\/italien\/2021\/03\/14\/decouvrez-les-abecedaires-crees-par-les-eleves-de-terminale-de-la-section-arts-appliques-du-lycee-leonard-de-vinci-dantibes\/","title":{"rendered":"D\u00e9couvrez les ab\u00e9c\u00e9daires cr\u00e9\u00e9s par les \u00e9l\u00e8ves de terminale de la section arts appliqu\u00e9s du lyc\u00e9e L\u00e9onard de Vinci d&rsquo;Antibes!"},"content":{"rendered":"<div>\n<p><img loading=\"lazy\" decoding=\"async\" class=\"aligncenter size-thumbnail wp-image-1927\" src=\"https:\/\/www.pedagogie.ac-nice.fr\/italien\/wp-content\/uploads\/sites\/44\/2021\/03\/abecedaire_photo_3-150x150.png\" alt=\"\" width=\"150\" height=\"150\"><\/p>\n<p class=\"v1MsoNormal\" style=\"text-align: justify;\"><span style=\"font-size: 14pt; color: #000000;\">Les \u00e9l\u00e8ves de &nbsp;terminale de la section arts appliqu\u00e9s LVB du lyc\u00e9e L\u00e9onard de Vinci d&rsquo;Antibes ont cr\u00e9\u00e9 de magnifiques ab\u00e9c\u00e9daires qui nous font voyager dans le temps sur les traces de L\u00e9onard de Vinci. Toutes nos f\u00e9licitations aux \u00e9l\u00e8ves de Madame FILLODEAU-DEVAUX, professeur d&rsquo;italien et de Madame Guillaume, professeur d&rsquo;arts appliqu\u00e9s. Un projet ambitieux qui force l&rsquo;admiration!&nbsp;<\/span><\/p>\n<p>&nbsp;<\/p>\n<\/div>\n<div>\n<p class=\"v1MsoNormal\" style=\"text-align: justify;\"><span style=\"font-size: 14pt; color: #000000;\">Les ouvrages ont \u00e9t\u00e9 enti\u00e8rement cr\u00e9\u00e9s \u00e0 la main, chaque groupe ayant exp\u00e9riment\u00e9 sa propre fabrication de papier (\u00e9tudes de techniques pour vieillir le papier, recyclage de vieux papiers, attention port\u00e9e \u00e0 la reliure, travail sur la couverture&#8230;). Tous les \u00e9l\u00e8ves de la classe, italianistes et non italianistes, ont \u00e9t\u00e9 impliqu\u00e9 dans ce projet.<\/span><\/p>\n<p>&nbsp;<\/p>\n<p><span style=\"font-size: 14pt; color: #000000;\">De magnifiques cr\u00e9ations \u00e0 d\u00e9couvrir ci-dessous!<\/span><\/p>\n<a href=\"https:\/\/www.pedagogie.ac-nice.fr\/italien\/wp-content\/uploads\/sites\/44\/2021\/03\/Abecedaire-1.pdf\" class=\"pdfemb-viewer\" style=\"\" data-width=\"max\" data-height=\"max\" data-toolbar=\"bottom\" data-toolbar-fixed=\"off\">Ab\u00e9c\u00e9daire 1<\/a>\n<p>&nbsp;<\/p>\n<\/div>\n<a href=\"https:\/\/www.pedagogie.ac-nice.fr\/italien\/wp-content\/uploads\/sites\/44\/2021\/03\/Abecedaire-2.pdf\" class=\"pdfemb-viewer\" style=\"\" data-width=\"max\" data-height=\"max\" data-toolbar=\"bottom\" data-toolbar-fixed=\"off\">Ab\u00e9c\u00e9daire 2<\/a>\n<p>&nbsp;<\/p>\n<a href=\"https:\/\/www.pedagogie.ac-nice.fr\/italien\/wp-content\/uploads\/sites\/44\/2021\/03\/Abecedaire-3.pdf\" class=\"pdfemb-viewer\" style=\"\" data-width=\"max\" data-height=\"max\" data-toolbar=\"bottom\" data-toolbar-fixed=\"off\">Ab\u00e9c\u00e9daire 3<\/a>\n<p>&nbsp;<\/p>\n<a href=\"https:\/\/www.pedagogie.ac-nice.fr\/italien\/wp-content\/uploads\/sites\/44\/2021\/03\/Abecedaire-4.pdf\" class=\"pdfemb-viewer\" style=\"\" data-width=\"max\" data-height=\"max\" data-toolbar=\"bottom\" data-toolbar-fixed=\"off\">Ab\u00e9c\u00e9daire 4<\/a>\n<p>&nbsp;<\/p>\n<a href=\"https:\/\/www.pedagogie.ac-nice.fr\/italien\/wp-content\/uploads\/sites\/44\/2021\/03\/Abecedaire-5.pdf\" class=\"pdfemb-viewer\" style=\"\" data-width=\"max\" data-height=\"max\" data-toolbar=\"bottom\" data-toolbar-fixed=\"off\">Ab\u00e9c\u00e9daire 5<\/a>\n<p>&nbsp;<\/p>\n<a href=\"https:\/\/www.pedagogie.ac-nice.fr\/italien\/wp-content\/uploads\/sites\/44\/2021\/03\/Abecedaire-6.pdf\" class=\"pdfemb-viewer\" style=\"\" data-width=\"max\" data-height=\"max\" data-toolbar=\"bottom\" data-toolbar-fixed=\"off\">Ab\u00e9c\u00e9daire 6<\/a>\n<p>&nbsp;<\/p>\n<div>&nbsp;<\/div>\n<div>\n<p class=\"v1MsoNormal\">&nbsp;<\/p>\n<\/div>\n<div>&nbsp;<\/div>\n<div>\n<p class=\"v1MsoNormal\">&nbsp;<\/p>\n<\/div>\n","protected":false},"excerpt":{"rendered":"<p>Les \u00e9l\u00e8ves de &nbsp;terminale de la section arts appliqu\u00e9s LVB du lyc\u00e9e L\u00e9onard de Vinci d&rsquo;Antibes ont cr\u00e9\u00e9 de magnifiques ab\u00e9c\u00e9daires qui nous font voyager dans le temps sur les traces de L\u00e9onard de Vinci. Toutes nos f\u00e9licitations aux \u00e9l\u00e8ves de Madame FILLODEAU-DEVAUX, professeur d&rsquo;italien et de Madame Guillaume, professeur d&rsquo;arts appliqu\u00e9s. Un projet ambitieux &hellip; <\/p>\n<p><a class=\"more-link btn\" href=\"https:\/\/www.pedagogie.ac-nice.fr\/italien\/2021\/03\/14\/decouvrez-les-abecedaires-crees-par-les-eleves-de-terminale-de-la-section-arts-appliques-du-lycee-leonard-de-vinci-dantibes\/\">Lire la suite<\/a><\/p>\n","protected":false},"author":263,"featured_media":1927,"comment_status":"closed","ping_status":"closed","sticky":false,"template":"","format":"standard","meta":{"ngg_post_thumbnail":0,"footnotes":""},"categories":[105],"tags":[108,106,107,64,86],"class_list":["post-1907","post","type-post","status-publish","format-standard","has-post-thumbnail","hentry","category-histoire-des-arts","tag-abecedaire","tag-creativite","tag-histoire-des-arts","tag-italien","tag-leonard-de-vinci","item-wrap"],"rttpg_featured_image_url":{"full":["https:\/\/www.pedagogie.ac-nice.fr\/italien\/wp-content\/uploads\/sites\/44\/2021\/03\/abecedaire_photo_3.png",1248,1014,false],"landscape":["https:\/\/www.pedagogie.ac-nice.fr\/italien\/wp-content\/uploads\/sites\/44\/2021\/03\/abecedaire_photo_3.png",1248,1014,false],"portraits":["https:\/\/www.pedagogie.ac-nice.fr\/italien\/wp-content\/uploads\/sites\/44\/2021\/03\/abecedaire_photo_3.png",1248,1014,false],"thumbnail":["https:\/\/www.pedagogie.ac-nice.fr\/italien\/wp-content\/uploads\/sites\/44\/2021\/03\/abecedaire_photo_3-150x150.png",150,150,true],"medium":["https:\/\/www.pedagogie.ac-nice.fr\/italien\/wp-content\/uploads\/sites\/44\/2021\/03\/abecedaire_photo_3-300x244.png",300,244,true],"large":["https:\/\/www.pedagogie.ac-nice.fr\/italien\/wp-content\/uploads\/sites\/44\/2021\/03\/abecedaire_photo_3-1024x832.png",555,451,true],"1536x1536":["https:\/\/www.pedagogie.ac-nice.fr\/italien\/wp-content\/uploads\/sites\/44\/2021\/03\/abecedaire_photo_3.png",1248,1014,false],"2048x2048":["https:\/\/www.pedagogie.ac-nice.fr\/italien\/wp-content\/uploads\/sites\/44\/2021\/03\/abecedaire_photo_3.png",1248,1014,false],"graphene_slider":["https:\/\/www.pedagogie.ac-nice.fr\/italien\/wp-content\/uploads\/sites\/44\/2021\/03\/abecedaire_photo_3-555x400.png",555,400,true],"graphene_featured_image":["https:\/\/www.pedagogie.ac-nice.fr\/italien\/wp-content\/uploads\/sites\/44\/2021\/03\/abecedaire_photo_3-555x451.png",555,451,true],"graphene-homepage-pane":["https:\/\/www.pedagogie.ac-nice.fr\/italien\/wp-content\/uploads\/sites\/44\/2021\/03\/abecedaire_photo_3-277x138.png",277,138,true],"post-thumbnail":["https:\/\/www.pedagogie.ac-nice.fr\/italien\/wp-content\/uploads\/sites\/44\/2021\/03\/abecedaire_photo_3-1170x250.png",1170,250,true],"advps-thumb-one":["https:\/\/www.pedagogie.ac-nice.fr\/italien\/wp-content\/uploads\/sites\/44\/2021\/03\/abecedaire_photo_3.png",271,220,false]},"rttpg_author":{"display_name":"florentdemoulin","author_link":"https:\/\/www.pedagogie.ac-nice.fr\/italien\/author\/florentdemoulin\/"},"rttpg_comment":0,"rttpg_category":"<a href=\"https:\/\/www.pedagogie.ac-nice.fr\/italien\/category\/histoire-des-arts\/\" rel=\"category tag\">histoire des arts<\/a>","rttpg_excerpt":"Les \u00e9l\u00e8ves de &nbsp;terminale de la section arts appliqu\u00e9s LVB du lyc\u00e9e L\u00e9onard de Vinci d&rsquo;Antibes ont cr\u00e9\u00e9 de magnifiques ab\u00e9c\u00e9daires qui nous font voyager dans le temps sur les traces de L\u00e9onard de Vinci. Toutes nos f\u00e9licitations aux \u00e9l\u00e8ves de Madame FILLODEAU-DEVAUX, professeur d&rsquo;italien et de Madame Guillaume, professeur d&rsquo;arts appliqu\u00e9s. Un projet ambitieux\u2026","post_mailing_queue_ids":[],"_links":{"self":[{"href":"https:\/\/www.pedagogie.ac-nice.fr\/italien\/wp-json\/wp\/v2\/posts\/1907","targetHints":{"allow":["GET"]}}],"collection":[{"href":"https:\/\/www.pedagogie.ac-nice.fr\/italien\/wp-json\/wp\/v2\/posts"}],"about":[{"href":"https:\/\/www.pedagogie.ac-nice.fr\/italien\/wp-json\/wp\/v2\/types\/post"}],"author":[{"embeddable":true,"href":"https:\/\/www.pedagogie.ac-nice.fr\/italien\/wp-json\/wp\/v2\/users\/263"}],"replies":[{"embeddable":true,"href":"https:\/\/www.pedagogie.ac-nice.fr\/italien\/wp-json\/wp\/v2\/comments?post=1907"}],"version-history":[{"count":5,"href":"https:\/\/www.pedagogie.ac-nice.fr\/italien\/wp-json\/wp\/v2\/posts\/1907\/revisions"}],"predecessor-version":[{"id":1928,"href":"https:\/\/www.pedagogie.ac-nice.fr\/italien\/wp-json\/wp\/v2\/posts\/1907\/revisions\/1928"}],"wp:featuredmedia":[{"embeddable":true,"href":"https:\/\/www.pedagogie.ac-nice.fr\/italien\/wp-json\/wp\/v2\/media\/1927"}],"wp:attachment":[{"href":"https:\/\/www.pedagogie.ac-nice.fr\/italien\/wp-json\/wp\/v2\/media?parent=1907"}],"wp:term":[{"taxonomy":"category","embeddable":true,"href":"https:\/\/www.pedagogie.ac-nice.fr\/italien\/wp-json\/wp\/v2\/categories?post=1907"},{"taxonomy":"post_tag","embeddable":true,"href":"https:\/\/www.pedagogie.ac-nice.fr\/italien\/wp-json\/wp\/v2\/tags?post=1907"}],"curies":[{"name":"wp","href":"https:\/\/api.w.org\/{rel}","templated":true}]}}