{"id":2345,"date":"2021-07-08T21:16:28","date_gmt":"2021-07-08T19:16:28","guid":{"rendered":"https:\/\/www.pedagogie.ac-nice.fr\/italien\/?p=2345"},"modified":"2022-02-16T09:38:07","modified_gmt":"2022-02-16T08:38:07","slug":"sections-esabac","status":"publish","type":"post","link":"https:\/\/www.pedagogie.ac-nice.fr\/italien\/2021\/07\/08\/sections-esabac\/","title":{"rendered":"Sections Esabac"},"content":{"rendered":"<p style=\"text-align: justify;\"><strong>D\u00e9couvrez ci-dessous les sections Esabac de l&rsquo;acad\u00e9mie de Nice!<\/strong><\/p>\n<p style=\"text-align: justify;\"><u>EsaBac g\u00e9n\u00e9ral (recrutement en 2<sup>nde<\/sup> )&nbsp;:<\/u><\/p>\n<ul style=\"text-align: justify;\">\n<li><a href=\"https:\/\/www.lycee-pierre-marie-curie.fr\/esabac-fete-ses-10-ans\/\">Lyc\u00e9e Pierre et Marie Curie<\/a> \u2013 Menton 06<\/li>\n<li><a href=\"https:\/\/www.leparcimperial.fr\/lycee\/\">Lyc\u00e9e du Parc Imp\u00e9rial<\/a> \u2013 Nice 06<\/li>\n<li><a href=\"http:\/\/www.civfrance.com\/sites\/default\/files\/2nde_esabac_2020-2021.pdf\">Lyc\u00e9e du CIV<\/a> \u2013 Valbonne 06<\/li>\n<li><a href=\"http:\/\/www.lyceeaudiberti.fr\/articles.php?lng=fr&amp;pg=584&amp;mnuid=428&amp;tconfig=4\">Lyc\u00e9e Audiberti<\/a> \u2013 Antibes 06<\/li>\n<li><a href=\"https:\/\/www.clg-andre-cabasse.ac-nice.fr\/clg-cabasse\/attachments\/article\/1285\/La%20section%20ESABAC%20LPO%20Costebelle.pdf\">Lyc\u00e9e Costebelle<\/a> \u2013 Hy\u00e8res 83<\/li>\n<li><a href=\"https:\/\/lyceedumontdurville.fr\/index.php\/ouverture-a-linternational\/\">Lyc\u00e9e Dumont d&rsquo;Urville<\/a> \u2013 Toulon 83<\/li>\n<\/ul>\n<p style=\"text-align: justify;\">&nbsp;<\/p>\n<p style=\"text-align: justify;\"><u>EsaBac STMG (recrutement en 1<sup>\u00e8re<\/sup> )&nbsp;:<\/u><\/p>\n<ul style=\"text-align: justify;\">\n<li><a href=\"https:\/\/www.lyc-honore-d-estienne-d-orves.ac-nice.fr\/italien-esabac\/\">Lyc\u00e9e d&rsquo;Estienne d&rsquo;Orves<\/a> \u2013 Nice 06<\/li>\n<li><a href=\"https:\/\/www.onisep.fr\/Ressources\/Univers-Lycee\/Lycees\/Provence-Alpes-Cote-d-Azur\/Var\/lycee-beaussier\/esabac-double-delivrance-des-baccalaureats-francais-et-italien\">Lyc\u00e9e Beaussier \u2013 La Seyne<\/a> \/ Mer 83<\/li>\n<\/ul>\n<p style=\"text-align: justify;\">&nbsp;<\/p>\n<p style=\"text-align: justify;\">Nous rappelons ici aux professeurs qui ont des 3<sup>\u00e8mes<\/sup> en coll\u00e8ge l&rsquo;existence de ce dispositif d&rsquo;excellence pour leurs meilleurs \u00e9l\u00e8ves italianisants, ainsi qu&rsquo;aux professeurs de 2<sup>nde<\/sup> dont les \u00e9l\u00e8ves se destinent \u00e0 la voie technologique (STMG).<\/p>\n<p>&nbsp;<\/p>\n<p><strong>Suivez l&rsquo;actualit\u00e9 des sections Esabac de l&rsquo;acad\u00e9mie de Nice!<\/strong><\/p>\n<ul>\n<li><a href=\"https:\/\/www.pedagogie.ac-nice.fr\/italien\/2021\/07\/08\/lesabac-a-lhonneur-au-lycee-dumont-durville-de-toulon\/\"><span style=\"color: #008000;\">L&rsquo;Esabac \u00e0 l&rsquo;honneur au lyc\u00e9e Dumont d&rsquo;Urville de Toulon (juillet 2021)<\/span><\/a><\/li>\n<\/ul>\n","protected":false},"excerpt":{"rendered":"<p>D\u00e9couvrez ci-dessous les sections Esabac de l&rsquo;acad\u00e9mie de Nice! EsaBac g\u00e9n\u00e9ral (recrutement en 2nde )&nbsp;: Lyc\u00e9e Pierre et Marie Curie \u2013 Menton 06 Lyc\u00e9e du Parc Imp\u00e9rial \u2013 Nice 06 Lyc\u00e9e du CIV \u2013 Valbonne 06 Lyc\u00e9e Audiberti \u2013 Antibes 06 Lyc\u00e9e Costebelle \u2013 Hy\u00e8res 83 Lyc\u00e9e Dumont d&rsquo;Urville \u2013 Toulon 83 &nbsp; EsaBac STMG &hellip; <\/p>\n<p><a class=\"more-link btn\" href=\"https:\/\/www.pedagogie.ac-nice.fr\/italien\/2021\/07\/08\/sections-esabac\/\">Lire la suite<\/a><\/p>\n","protected":false},"author":263,"featured_media":0,"comment_status":"closed","ping_status":"closed","sticky":false,"template":"","format":"standard","meta":{"ngg_post_thumbnail":0,"footnotes":""},"categories":[15,21],"tags":[167,60],"class_list":["post-2345","post","type-post","status-publish","format-standard","hentry","category-examens","category-sections-esabac","tag-academie-de-nice","tag-esabac","item-wrap"],"rttpg_featured_image_url":null,"rttpg_author":{"display_name":"florentdemoulin","author_link":"https:\/\/www.pedagogie.ac-nice.fr\/italien\/author\/florentdemoulin\/"},"rttpg_comment":0,"rttpg_category":"<a href=\"https:\/\/www.pedagogie.ac-nice.fr\/italien\/category\/examens\/\" rel=\"category tag\">Examens<\/a> <a href=\"https:\/\/www.pedagogie.ac-nice.fr\/italien\/category\/sections-esabac\/\" rel=\"category tag\">Sections ESABAC de l'acad\u00e9mie<\/a>","rttpg_excerpt":"D\u00e9couvrez ci-dessous les sections Esabac de l&rsquo;acad\u00e9mie de Nice! EsaBac g\u00e9n\u00e9ral (recrutement en 2nde )&nbsp;: Lyc\u00e9e Pierre et Marie Curie \u2013 Menton 06 Lyc\u00e9e du Parc Imp\u00e9rial \u2013 Nice 06 Lyc\u00e9e du CIV \u2013 Valbonne 06 Lyc\u00e9e Audiberti \u2013 Antibes 06 Lyc\u00e9e Costebelle \u2013 Hy\u00e8res 83 Lyc\u00e9e Dumont d&rsquo;Urville \u2013 Toulon 83 &nbsp; EsaBac STMG\u2026","post_mailing_queue_ids":[],"_links":{"self":[{"href":"https:\/\/www.pedagogie.ac-nice.fr\/italien\/wp-json\/wp\/v2\/posts\/2345","targetHints":{"allow":["GET"]}}],"collection":[{"href":"https:\/\/www.pedagogie.ac-nice.fr\/italien\/wp-json\/wp\/v2\/posts"}],"about":[{"href":"https:\/\/www.pedagogie.ac-nice.fr\/italien\/wp-json\/wp\/v2\/types\/post"}],"author":[{"embeddable":true,"href":"https:\/\/www.pedagogie.ac-nice.fr\/italien\/wp-json\/wp\/v2\/users\/263"}],"replies":[{"embeddable":true,"href":"https:\/\/www.pedagogie.ac-nice.fr\/italien\/wp-json\/wp\/v2\/comments?post=2345"}],"version-history":[{"count":4,"href":"https:\/\/www.pedagogie.ac-nice.fr\/italien\/wp-json\/wp\/v2\/posts\/2345\/revisions"}],"predecessor-version":[{"id":2656,"href":"https:\/\/www.pedagogie.ac-nice.fr\/italien\/wp-json\/wp\/v2\/posts\/2345\/revisions\/2656"}],"wp:attachment":[{"href":"https:\/\/www.pedagogie.ac-nice.fr\/italien\/wp-json\/wp\/v2\/media?parent=2345"}],"wp:term":[{"taxonomy":"category","embeddable":true,"href":"https:\/\/www.pedagogie.ac-nice.fr\/italien\/wp-json\/wp\/v2\/categories?post=2345"},{"taxonomy":"post_tag","embeddable":true,"href":"https:\/\/www.pedagogie.ac-nice.fr\/italien\/wp-json\/wp\/v2\/tags?post=2345"}],"curies":[{"name":"wp","href":"https:\/\/api.w.org\/{rel}","templated":true}]}}