{"id":309,"date":"2020-12-11T19:35:31","date_gmt":"2020-12-11T18:35:31","guid":{"rendered":"https:\/\/www.pedagogie.ac-nice.fr\/italien\/?p=309"},"modified":"2020-12-11T19:46:24","modified_gmt":"2020-12-11T18:46:24","slug":"brevet-du-citoyen-au-cm2-lheritage-de-rome-et-de-lempire-romain","status":"publish","type":"post","link":"https:\/\/www.pedagogie.ac-nice.fr\/italien\/2020\/12\/11\/brevet-du-citoyen-au-cm2-lheritage-de-rome-et-de-lempire-romain\/","title":{"rendered":"BREVET DU CITOYEN AU CM2 &#8211; L&rsquo;HERITAGE DE ROME ET DE L&rsquo;EMPIRE ROMAIN"},"content":{"rendered":"<p>&nbsp;<\/p>\n<p><img loading=\"lazy\" decoding=\"async\" class=\"alignnone size-medium wp-image-311\" src=\"https:\/\/www.pedagogie.ac-nice.fr\/italien\/wp-content\/uploads\/sites\/44\/2020\/12\/20201124_101019-300x225.jpg\" alt=\"\" width=\"300\" height=\"225\" srcset=\"https:\/\/www.pedagogie.ac-nice.fr\/italien\/wp-content\/uploads\/sites\/44\/2020\/12\/20201124_101019-300x225.jpg 300w, https:\/\/www.pedagogie.ac-nice.fr\/italien\/wp-content\/uploads\/sites\/44\/2020\/12\/20201124_101019-1024x768.jpg 1024w, https:\/\/www.pedagogie.ac-nice.fr\/italien\/wp-content\/uploads\/sites\/44\/2020\/12\/20201124_101019-768x576.jpg 768w, https:\/\/www.pedagogie.ac-nice.fr\/italien\/wp-content\/uploads\/sites\/44\/2020\/12\/20201124_101019-750x563.jpg 750w, https:\/\/www.pedagogie.ac-nice.fr\/italien\/wp-content\/uploads\/sites\/44\/2020\/12\/20201124_101019.jpg 1152w\" sizes=\"auto, (max-width: 300px) 100vw, 300px\" \/>&nbsp; &nbsp; &nbsp; &nbsp; &nbsp; &nbsp; &nbsp; &nbsp; &nbsp; &nbsp; &nbsp; &nbsp; &nbsp; <img loading=\"lazy\" decoding=\"async\" class=\"alignnone size-medium wp-image-312\" src=\"https:\/\/www.pedagogie.ac-nice.fr\/italien\/wp-content\/uploads\/sites\/44\/2020\/12\/20201124_101241-225x300.jpg\" alt=\"\" width=\"225\" height=\"300\" srcset=\"https:\/\/www.pedagogie.ac-nice.fr\/italien\/wp-content\/uploads\/sites\/44\/2020\/12\/20201124_101241-225x300.jpg 225w, https:\/\/www.pedagogie.ac-nice.fr\/italien\/wp-content\/uploads\/sites\/44\/2020\/12\/20201124_101241-768x1024.jpg 768w, https:\/\/www.pedagogie.ac-nice.fr\/italien\/wp-content\/uploads\/sites\/44\/2020\/12\/20201124_101241-750x1000.jpg 750w, https:\/\/www.pedagogie.ac-nice.fr\/italien\/wp-content\/uploads\/sites\/44\/2020\/12\/20201124_101241.jpg 864w\" sizes=\"auto, (max-width: 225px) 100vw, 225px\" \/><\/p>\n<p>Les \u00e9coles \u00e9l\u00e9mentaires de la circonscription de Fr\u00e9jus-Saint Rapha\u00ebl ont la chance de pouvoir participer \u00e0 un projet intitul\u00e9 \u00ab\u00a0Brevet di Citoyen\u00a0\u00bb. Quinze classes de CM2 pourront ainsi valider tout un ensemble de comp\u00e9tences en suivant diff\u00e9rents parcours, historique, culturel, oratoire et sportif, autour du th\u00e8me de l&rsquo;h\u00e9ritage de Rome et de l&#8217;empire romain.<\/p>\n<p>Un diaporama, pr\u00e9par\u00e9 par Solenne Libiot-Caro, professeure d&rsquo;italien au coll\u00e8ge Alphonse Karr, animatrice inter-degr\u00e9s de la circonscription (italien), a permis de lancer le projet aupr\u00e8s des \u00e9quipes enseignantes du premier degr\u00e9. La pr\u00e9sentation de ce support p\u00e9dagogique, articul\u00e9 autour des h\u00e9ritages g\u00e9ographique, politique, culturel, linguistique et oratoire de Rome et son empire, a suscit\u00e9 int\u00e9r\u00eat et curiosit\u00e9 chez les \u00e9l\u00e8ves qui d\u00e9couvrent ainsi l&rsquo;immense apport de l&rsquo;Italie dans la culture europ\u00e9enne.<\/p>\n<p>\u00c0 cette occasion, un ouvrage de r\u00e9f\u00e9rence sur Rome et l&rsquo;Empire romain, financ\u00e9 par des partenaires locaux et nationaux contact\u00e9s par M. Raynal, IEN de la circonscription Fr\u00e9jus-Saint Rapha\u00ebl, a \u00e9t\u00e9 remis \u00e0 chaque enfant participant.<\/p>\n<p>Gageons que ce projet contribue \u00e0 former l&rsquo;\u00e9l\u00e8ve du cycle 3, en tant que lecteur et citoyen, et qu&rsquo;il ouvre, \u00e0 l&rsquo;or\u00e9e du coll\u00e8ge, \u00e0 la diversit\u00e9 des langues et cultures europ\u00e9ennes ainsi qu&rsquo;\u00e0 l&rsquo;apport ce celles de notre plus proche voisin : l&rsquo;Italie !<\/p>\n<p style=\"text-align: center;\"><a href=\"https:\/\/www.pedagogie.ac-nice.fr\/italien\/wp-content\/uploads\/sites\/44\/2020\/12\/Article-sur-le-projet-du-Brevet-citoyen-autour-de-lheritage-de-Rome.pdf\"><strong>Consultez l&rsquo;article et les photos ici !<\/strong><\/a><\/p>\n","protected":false},"excerpt":{"rendered":"<p>&nbsp; &nbsp; &nbsp; &nbsp; &nbsp; &nbsp; &nbsp; &nbsp; &nbsp; &nbsp; &nbsp; &nbsp; &nbsp; &nbsp; Les \u00e9coles \u00e9l\u00e9mentaires de la circonscription de Fr\u00e9jus-Saint Rapha\u00ebl ont la chance de pouvoir participer \u00e0 un projet intitul\u00e9 \u00ab\u00a0Brevet di Citoyen\u00a0\u00bb. Quinze classes de CM2 pourront ainsi valider tout un ensemble de comp\u00e9tences en suivant diff\u00e9rents parcours, historique, culturel, oratoire &hellip; <\/p>\n<p><a class=\"more-link btn\" href=\"https:\/\/www.pedagogie.ac-nice.fr\/italien\/2020\/12\/11\/brevet-du-citoyen-au-cm2-lheritage-de-rome-et-de-lempire-romain\/\">Lire la suite<\/a><\/p>\n","protected":false},"author":253,"featured_media":311,"comment_status":"closed","ping_status":"closed","sticky":false,"template":"","format":"standard","meta":{"ngg_post_thumbnail":0,"footnotes":""},"categories":[19],"tags":[],"class_list":["post-309","post","type-post","status-publish","format-standard","has-post-thumbnail","hentry","category-manifestations-et-evenements","item-wrap"],"rttpg_featured_image_url":{"full":["https:\/\/www.pedagogie.ac-nice.fr\/italien\/wp-content\/uploads\/sites\/44\/2020\/12\/20201124_101019.jpg",1152,864,false],"landscape":["https:\/\/www.pedagogie.ac-nice.fr\/italien\/wp-content\/uploads\/sites\/44\/2020\/12\/20201124_101019.jpg",1152,864,false],"portraits":["https:\/\/www.pedagogie.ac-nice.fr\/italien\/wp-content\/uploads\/sites\/44\/2020\/12\/20201124_101019.jpg",1152,864,false],"thumbnail":["https:\/\/www.pedagogie.ac-nice.fr\/italien\/wp-content\/uploads\/sites\/44\/2020\/12\/20201124_101019-150x150.jpg",150,150,true],"medium":["https:\/\/www.pedagogie.ac-nice.fr\/italien\/wp-content\/uploads\/sites\/44\/2020\/12\/20201124_101019-300x225.jpg",300,225,true],"large":["https:\/\/www.pedagogie.ac-nice.fr\/italien\/wp-content\/uploads\/sites\/44\/2020\/12\/20201124_101019-1024x768.jpg",555,416,true],"1536x1536":["https:\/\/www.pedagogie.ac-nice.fr\/italien\/wp-content\/uploads\/sites\/44\/2020\/12\/20201124_101019.jpg",1152,864,false],"2048x2048":["https:\/\/www.pedagogie.ac-nice.fr\/italien\/wp-content\/uploads\/sites\/44\/2020\/12\/20201124_101019.jpg",1152,864,false],"graphene_slider":["https:\/\/www.pedagogie.ac-nice.fr\/italien\/wp-content\/uploads\/sites\/44\/2020\/12\/20201124_101019-750x400.jpg",555,296,true],"graphene_featured_image":["https:\/\/www.pedagogie.ac-nice.fr\/italien\/wp-content\/uploads\/sites\/44\/2020\/12\/20201124_101019-750x563.jpg",555,417,true],"graphene-homepage-pane":["https:\/\/www.pedagogie.ac-nice.fr\/italien\/wp-content\/uploads\/sites\/44\/2020\/12\/20201124_101019.jpg",184,138,false],"post-thumbnail":["https:\/\/www.pedagogie.ac-nice.fr\/italien\/wp-content\/uploads\/sites\/44\/2020\/12\/20201124_101019-1152x250.jpg",1152,250,true],"advps-thumb-one":["https:\/\/www.pedagogie.ac-nice.fr\/italien\/wp-content\/uploads\/sites\/44\/2020\/12\/20201124_101019.jpg",293,220,false]},"rttpg_author":{"display_name":"olivierhalbout","author_link":"https:\/\/www.pedagogie.ac-nice.fr\/italien\/author\/olivierhalbout\/"},"rttpg_comment":0,"rttpg_category":"<a href=\"https:\/\/www.pedagogie.ac-nice.fr\/italien\/category\/manifestations-et-evenements\/\" rel=\"category tag\">Manifestations et \u00e9v\u00e9nements<\/a>","rttpg_excerpt":"&nbsp; &nbsp; &nbsp; &nbsp; &nbsp; &nbsp; &nbsp; &nbsp; &nbsp; &nbsp; &nbsp; &nbsp; &nbsp; &nbsp; Les \u00e9coles \u00e9l\u00e9mentaires de la circonscription de Fr\u00e9jus-Saint Rapha\u00ebl ont la chance de pouvoir participer \u00e0 un projet intitul\u00e9 \u00ab\u00a0Brevet di Citoyen\u00a0\u00bb. Quinze classes de CM2 pourront ainsi valider tout un ensemble de comp\u00e9tences en suivant diff\u00e9rents parcours, historique, culturel, oratoire\u2026","post_mailing_queue_ids":[],"_links":{"self":[{"href":"https:\/\/www.pedagogie.ac-nice.fr\/italien\/wp-json\/wp\/v2\/posts\/309","targetHints":{"allow":["GET"]}}],"collection":[{"href":"https:\/\/www.pedagogie.ac-nice.fr\/italien\/wp-json\/wp\/v2\/posts"}],"about":[{"href":"https:\/\/www.pedagogie.ac-nice.fr\/italien\/wp-json\/wp\/v2\/types\/post"}],"author":[{"embeddable":true,"href":"https:\/\/www.pedagogie.ac-nice.fr\/italien\/wp-json\/wp\/v2\/users\/253"}],"replies":[{"embeddable":true,"href":"https:\/\/www.pedagogie.ac-nice.fr\/italien\/wp-json\/wp\/v2\/comments?post=309"}],"version-history":[{"count":1,"href":"https:\/\/www.pedagogie.ac-nice.fr\/italien\/wp-json\/wp\/v2\/posts\/309\/revisions"}],"predecessor-version":[{"id":314,"href":"https:\/\/www.pedagogie.ac-nice.fr\/italien\/wp-json\/wp\/v2\/posts\/309\/revisions\/314"}],"wp:featuredmedia":[{"embeddable":true,"href":"https:\/\/www.pedagogie.ac-nice.fr\/italien\/wp-json\/wp\/v2\/media\/311"}],"wp:attachment":[{"href":"https:\/\/www.pedagogie.ac-nice.fr\/italien\/wp-json\/wp\/v2\/media?parent=309"}],"wp:term":[{"taxonomy":"category","embeddable":true,"href":"https:\/\/www.pedagogie.ac-nice.fr\/italien\/wp-json\/wp\/v2\/categories?post=309"},{"taxonomy":"post_tag","embeddable":true,"href":"https:\/\/www.pedagogie.ac-nice.fr\/italien\/wp-json\/wp\/v2\/tags?post=309"}],"curies":[{"name":"wp","href":"https:\/\/api.w.org\/{rel}","templated":true}]}}