{"id":3890,"date":"2024-11-24T17:52:19","date_gmt":"2024-11-24T16:52:19","guid":{"rendered":"https:\/\/www.pedagogie.ac-nice.fr\/italien\/?p=3890"},"modified":"2024-11-24T17:54:42","modified_gmt":"2024-11-24T16:54:42","slug":"alpi-4-etwinning-2024","status":"publish","type":"post","link":"https:\/\/www.pedagogie.ac-nice.fr\/italien\/2024\/11\/24\/alpi-4-etwinning-2024\/","title":{"rendered":"Alpi 4 &#8211; eTwinning \/ 2024"},"content":{"rendered":"<p style=\"text-align: center;\"><a href=\"https:\/\/www.pedagogie.ac-nice.fr\/italien\/wp-content\/uploads\/sites\/44\/2024\/11\/I_nostri_giardini_transfrontalieri.pdf\">Label National et Label Europ\u00e9en pour le Projet eTwinning \u00ab\u00a0I nostri giardini transfrontalieri\u00a0\u00bb<\/a><br \/>\n<a href=\"https:\/\/www.pedagogie.ac-nice.fr\/italien\/wp-content\/uploads\/sites\/44\/2024\/11\/I_nostri_giardini_transfrontalieri.pdf\">ACADEMIE DE NICE et LIGURIA<\/a><\/p>\n<p><a href=\"https:\/\/www.pedagogie.ac-nice.fr\/italien\/2024\/11\/24\/alpi-4-etwinning-2024\/capture-decran-2024-11-24-a-17-40-19\/\" rel=\"attachment wp-att-3893\"><img loading=\"lazy\" decoding=\"async\" class=\" wp-image-3893 aligncenter\" src=\"https:\/\/www.pedagogie.ac-nice.fr\/italien\/wp-content\/uploads\/sites\/44\/2024\/11\/Capture-decran-2024-11-24-a-17.40.19.png\" alt=\"\" width=\"302\" height=\"303\" srcset=\"https:\/\/www.pedagogie.ac-nice.fr\/italien\/wp-content\/uploads\/sites\/44\/2024\/11\/Capture-decran-2024-11-24-a-17.40.19.png 508w, https:\/\/www.pedagogie.ac-nice.fr\/italien\/wp-content\/uploads\/sites\/44\/2024\/11\/Capture-decran-2024-11-24-a-17.40.19-300x300.png 300w, https:\/\/www.pedagogie.ac-nice.fr\/italien\/wp-content\/uploads\/sites\/44\/2024\/11\/Capture-decran-2024-11-24-a-17.40.19-150x150.png 150w\" sizes=\"auto, (max-width: 302px) 100vw, 302px\" \/><\/a><\/p>\n<p style=\"text-align: justify;\"><strong>F\u00e9licitations aux \u00e9l\u00e8ves des cinq \u00e9tablissements scolaires transfrontaliers et \u00e0 leurs professeurs pour l&rsquo;obtention de deux labels eTwinning!<\/strong><\/p>\n<p style=\"text-align: justify;\">Les \u00e9l\u00e8ves des \u00e9coles maternelle et \u00e9l\u00e9mentaire de Cipressa, de Poggio, de Menton ainsi qu&rsquo;une classe du Lyc\u00e9e Melin\u00e9e&amp;Missak Manouchian (T.Maulnier) ont collabor\u00e9 \u00e0 distance gr\u00e2ce \u00e0 eTwinning avec pour mission d&rsquo;imaginer leur jardin transfrontalier commun id\u00e9al. Petits et grands ont form\u00e9 des \u00e9quipes binationales en intercycle, pour contribuer chacun en fonction de ses comp\u00e9tences. Leur progression a \u00e9t\u00e9 rythm\u00e9e par les \u00e9v\u00e9nements de la nature.<\/p>\n<p><strong><span style=\"color: #008000;\"><a style=\"color: #008000;\" href=\"https:\/\/www.pedagogie.ac-nice.fr\/italien\/wp-content\/uploads\/sites\/44\/2024\/11\/I_nostri_giardini_transfrontalieri.pdf\">T\u00e9l\u00e9chargez ici la synth\u00e8se du projet<\/a><\/span><\/strong><\/p>\n<p style=\"text-align: justify;\"><a href=\"https:\/\/www.pedagogie.ac-nice.fr\/italien\/wp-content\/uploads\/sites\/44\/2024\/11\/I_nostri_giardini_transfrontalieri.pdf\" class=\"pdfemb-viewer\" style=\"\" data-width=\"max\" data-height=\"max\" data-toolbar=\"bottom\" data-toolbar-fixed=\"off\">I_nostri_giardini_transfrontalieri<\/a><\/p>\n<p>&nbsp;<\/p>\n<p>&nbsp;<\/p>\n","protected":false},"excerpt":{"rendered":"<p>Label National et Label Europ\u00e9en pour le Projet eTwinning \u00ab\u00a0I nostri giardini transfrontalieri\u00a0\u00bb ACADEMIE DE NICE et LIGURIA F\u00e9licitations aux \u00e9l\u00e8ves des cinq \u00e9tablissements scolaires transfrontaliers et \u00e0 leurs professeurs pour l&rsquo;obtention de deux labels eTwinning! Les \u00e9l\u00e8ves des \u00e9coles maternelle et \u00e9l\u00e9mentaire de Cipressa, de Poggio, de Menton ainsi qu&rsquo;une classe du Lyc\u00e9e Melin\u00e9e&amp;Missak &hellip; <\/p>\n<p><a class=\"more-link btn\" href=\"https:\/\/www.pedagogie.ac-nice.fr\/italien\/2024\/11\/24\/alpi-4-etwinning-2024\/\">Lire la suite<\/a><\/p>\n","protected":false},"author":263,"featured_media":0,"comment_status":"closed","ping_status":"closed","sticky":false,"template":"","format":"standard","meta":{"ngg_post_thumbnail":0,"footnotes":""},"categories":[8],"tags":[87,396],"class_list":["post-3890","post","type-post","status-publish","format-standard","hentry","category-etwinning","tag-etwinning","tag-i-nostri-giardini-transfrontalieri","item-wrap"],"rttpg_featured_image_url":null,"rttpg_author":{"display_name":"florentdemoulin","author_link":"https:\/\/www.pedagogie.ac-nice.fr\/italien\/author\/florentdemoulin\/"},"rttpg_comment":0,"rttpg_category":"<a href=\"https:\/\/www.pedagogie.ac-nice.fr\/italien\/category\/etwinning\/\" rel=\"category tag\">eTwinning<\/a>","rttpg_excerpt":"Label National et Label Europ\u00e9en pour le Projet eTwinning \u00ab\u00a0I nostri giardini transfrontalieri\u00a0\u00bb ACADEMIE DE NICE et LIGURIA F\u00e9licitations aux \u00e9l\u00e8ves des cinq \u00e9tablissements scolaires transfrontaliers et \u00e0 leurs professeurs pour l&rsquo;obtention de deux labels eTwinning! Les \u00e9l\u00e8ves des \u00e9coles maternelle et \u00e9l\u00e9mentaire de Cipressa, de Poggio, de Menton ainsi qu&rsquo;une classe du Lyc\u00e9e Melin\u00e9e&amp;Missak\u2026","post_mailing_queue_ids":[],"_links":{"self":[{"href":"https:\/\/www.pedagogie.ac-nice.fr\/italien\/wp-json\/wp\/v2\/posts\/3890","targetHints":{"allow":["GET"]}}],"collection":[{"href":"https:\/\/www.pedagogie.ac-nice.fr\/italien\/wp-json\/wp\/v2\/posts"}],"about":[{"href":"https:\/\/www.pedagogie.ac-nice.fr\/italien\/wp-json\/wp\/v2\/types\/post"}],"author":[{"embeddable":true,"href":"https:\/\/www.pedagogie.ac-nice.fr\/italien\/wp-json\/wp\/v2\/users\/263"}],"replies":[{"embeddable":true,"href":"https:\/\/www.pedagogie.ac-nice.fr\/italien\/wp-json\/wp\/v2\/comments?post=3890"}],"version-history":[{"count":3,"href":"https:\/\/www.pedagogie.ac-nice.fr\/italien\/wp-json\/wp\/v2\/posts\/3890\/revisions"}],"predecessor-version":[{"id":3894,"href":"https:\/\/www.pedagogie.ac-nice.fr\/italien\/wp-json\/wp\/v2\/posts\/3890\/revisions\/3894"}],"wp:attachment":[{"href":"https:\/\/www.pedagogie.ac-nice.fr\/italien\/wp-json\/wp\/v2\/media?parent=3890"}],"wp:term":[{"taxonomy":"category","embeddable":true,"href":"https:\/\/www.pedagogie.ac-nice.fr\/italien\/wp-json\/wp\/v2\/categories?post=3890"},{"taxonomy":"post_tag","embeddable":true,"href":"https:\/\/www.pedagogie.ac-nice.fr\/italien\/wp-json\/wp\/v2\/tags?post=3890"}],"curies":[{"name":"wp","href":"https:\/\/api.w.org\/{rel}","templated":true}]}}