{"id":636,"date":"2020-12-17T09:38:38","date_gmt":"2020-12-17T08:38:38","guid":{"rendered":"https:\/\/www.pedagogie.ac-nice.fr\/italien\/?p=636"},"modified":"2020-12-19T14:32:08","modified_gmt":"2020-12-19T13:32:08","slug":"preparation-a-lagregation-interne-ditalien-session-2021","status":"publish","type":"post","link":"https:\/\/www.pedagogie.ac-nice.fr\/italien\/2020\/12\/17\/preparation-a-lagregation-interne-ditalien-session-2021\/","title":{"rendered":"Pr\u00e9paration \u00e0 l&rsquo;agr\u00e9gation interne d&rsquo;italien &#8211; session 2021"},"content":{"rendered":"<blockquote>\n<p style=\"text-align: center;\">Pour vous pr\u00e9parer au mieux \u00e0 la session 2021 de l&rsquo;agr\u00e9gation interne d&rsquo;italien, un parcours de formation complet vous est propos\u00e9 dans l&rsquo;acad\u00e9mie de Nice.<\/p>\n<\/blockquote>\n<p>La pr\u00e9paration aux diff\u00e9rentes \u00e9preuves est assur\u00e9e conjointement par l&rsquo;universit\u00e9 de Nice et le service de formation de l&rsquo;acad\u00e9mie de Nice.<\/p>\n<p><a href=\"https:\/\/www.pedagogie.ac-nice.fr\/italien\/2013\/06\/21\/agregation-interne-2021\/\">Voir le programme pour la session 2021<\/a><\/p>\n<p>Le PAF en italien articule <a href=\"https:\/\/www.pedagogie.ac-nice.fr\/italien\/wp-content\/uploads\/sites\/44\/2020\/12\/Architecture_Formation_e\u0301preuve_orale_pe\u0301da_agreg_interne_italien_session_2021.pdf\">4 blocs de formations de 6 heures<\/a> et <a href=\"https:\/\/www.pedagogie.ac-nice.fr\/italien\/wp-content\/uploads\/sites\/44\/2020\/12\/Parcours_magiste\u0300re_session_2021.png\">un parcours magist\u00e8re<\/a> compl\u00e9mentaire auquel vous serez inscrits par votre formateur.<\/p>\n<p>Bonne pr\u00e9paration \u00e0 toutes et tous!<\/p>\n<a href=\"https:\/\/www.pedagogie.ac-nice.fr\/italien\/wp-content\/uploads\/sites\/44\/2020\/12\/Architecture_Formation_e\u0301preuve_orale_pe\u0301da_agreg_interne_italien_session_2021.pdf\" class=\"pdfemb-viewer\" style=\"\" data-width=\"max\" data-height=\"max\" data-toolbar=\"bottom\" data-toolbar-fixed=\"off\">Architecture_Formation_e\u0301preuve_orale_pe\u0301da_agreg_interne_italien_session_2021<\/a>\n","protected":false},"excerpt":{"rendered":"<p>Pour vous pr\u00e9parer au mieux \u00e0 la session 2021 de l&rsquo;agr\u00e9gation interne d&rsquo;italien, un parcours de formation complet vous est propos\u00e9 dans l&rsquo;acad\u00e9mie de Nice. La pr\u00e9paration aux diff\u00e9rentes \u00e9preuves est assur\u00e9e conjointement par l&rsquo;universit\u00e9 de Nice et le service de formation de l&rsquo;acad\u00e9mie de Nice. Voir le programme pour la session 2021 Le PAF &hellip; <\/p>\n<p><a class=\"more-link btn\" href=\"https:\/\/www.pedagogie.ac-nice.fr\/italien\/2020\/12\/17\/preparation-a-lagregation-interne-ditalien-session-2021\/\">Lire la suite<\/a><\/p>\n","protected":false},"author":263,"featured_media":0,"comment_status":"closed","ping_status":"closed","sticky":false,"template":"","format":"standard","meta":{"ngg_post_thumbnail":0,"footnotes":""},"categories":[52,1],"tags":[],"class_list":["post-636","post","type-post","status-publish","format-standard","hentry","category-formation","category-non-classe","item-wrap"],"rttpg_featured_image_url":null,"rttpg_author":{"display_name":"florentdemoulin","author_link":"https:\/\/www.pedagogie.ac-nice.fr\/italien\/author\/florentdemoulin\/"},"rttpg_comment":0,"rttpg_category":"<a href=\"https:\/\/www.pedagogie.ac-nice.fr\/italien\/category\/formation\/\" rel=\"category tag\">formation<\/a> <a href=\"https:\/\/www.pedagogie.ac-nice.fr\/italien\/category\/non-classe\/\" rel=\"category tag\">Non class\u00e9<\/a>","rttpg_excerpt":"Pour vous pr\u00e9parer au mieux \u00e0 la session 2021 de l&rsquo;agr\u00e9gation interne d&rsquo;italien, un parcours de formation complet vous est propos\u00e9 dans l&rsquo;acad\u00e9mie de Nice. La pr\u00e9paration aux diff\u00e9rentes \u00e9preuves est assur\u00e9e conjointement par l&rsquo;universit\u00e9 de Nice et le service de formation de l&rsquo;acad\u00e9mie de Nice. Voir le programme pour la session 2021 Le PAF\u2026","post_mailing_queue_ids":[],"_links":{"self":[{"href":"https:\/\/www.pedagogie.ac-nice.fr\/italien\/wp-json\/wp\/v2\/posts\/636","targetHints":{"allow":["GET"]}}],"collection":[{"href":"https:\/\/www.pedagogie.ac-nice.fr\/italien\/wp-json\/wp\/v2\/posts"}],"about":[{"href":"https:\/\/www.pedagogie.ac-nice.fr\/italien\/wp-json\/wp\/v2\/types\/post"}],"author":[{"embeddable":true,"href":"https:\/\/www.pedagogie.ac-nice.fr\/italien\/wp-json\/wp\/v2\/users\/263"}],"replies":[{"embeddable":true,"href":"https:\/\/www.pedagogie.ac-nice.fr\/italien\/wp-json\/wp\/v2\/comments?post=636"}],"version-history":[{"count":14,"href":"https:\/\/www.pedagogie.ac-nice.fr\/italien\/wp-json\/wp\/v2\/posts\/636\/revisions"}],"predecessor-version":[{"id":767,"href":"https:\/\/www.pedagogie.ac-nice.fr\/italien\/wp-json\/wp\/v2\/posts\/636\/revisions\/767"}],"wp:attachment":[{"href":"https:\/\/www.pedagogie.ac-nice.fr\/italien\/wp-json\/wp\/v2\/media?parent=636"}],"wp:term":[{"taxonomy":"category","embeddable":true,"href":"https:\/\/www.pedagogie.ac-nice.fr\/italien\/wp-json\/wp\/v2\/categories?post=636"},{"taxonomy":"post_tag","embeddable":true,"href":"https:\/\/www.pedagogie.ac-nice.fr\/italien\/wp-json\/wp\/v2\/tags?post=636"}],"curies":[{"name":"wp","href":"https:\/\/api.w.org\/{rel}","templated":true}]}}