{"id":893,"date":"2020-06-26T16:29:12","date_gmt":"2020-06-26T14:29:12","guid":{"rendered":"https:\/\/www.pedagogie.ac-nice.fr\/lettres-anglais\/2020\/06\/26\/decouvrez-les-projets-qui-font-rayonner-les-langues-vivantes-dans-la-voie-professionnelle-au-sein-de-l-academie-annee-scolaire-2018-2019\/"},"modified":"2020-06-26T16:29:12","modified_gmt":"2020-06-26T14:29:12","slug":"decouvrez-les-projets-qui-font-rayonner-les-langues-vivantes-dans-la-voie-professionnelle-au-sein-de-l-academie-annee-scolaire-2018-2019","status":"publish","type":"post","link":"https:\/\/www.pedagogie.ac-nice.fr\/lettres-anglais\/decouvrez-les-projets-qui-font-rayonner-les-langues-vivantes-dans-la-voie-professionnelle-au-sein-de-l-academie-annee-scolaire-2018-2019\/","title":{"rendered":"Les projets font rayonner les Langues dans la Voie Professionnelle et dans toute l&rsquo;Acad\u00e9mie"},"content":{"rendered":"<p><a href=\"index.php\/lycee-pro\/158-lycee-pro\/continuite-pedagogique-lycee-pro\/561-la-semaine-des-langues-en-lycees-professionnels-dans-le-cadre-de-la-continuite-pedagogique\" class=\"mod-articles-category-title \">La semaine des langues en lyc\u00e9es professionnels dans le cadre de la continuit\u00e9 p\u00e9dagogique<\/a><\/p>\n<p>&nbsp;<\/p>\n<p><a href=\"index.php\/ressources\/projet-d-equipe-pour-le-rayonnement-de-la-langue\/568-decouvrez-les-projets-qui-font-rayonner-les-langues-vivantes-dans-la-voie-professionnelle-au-sein-de-l-academie-annee-scolaire-2018-2019\" target=\"_blank\" rel=\"noopener noreferrer\">D\u00e9couvrez les projets qui font rayonner les langues vivantes dans la voie professionnelle au sein de l&rsquo;acad\u00e9mie (ann\u00e9e scolaire 2018-2019)<\/a><\/p>\n","protected":false},"excerpt":{"rendered":"<p>La semaine des langues en lyc\u00e9es professionnels dans le cadre de la continuit\u00e9 p\u00e9dagogique &nbsp; D\u00e9couvrez les projets qui font<\/p>\n","protected":false},"author":1,"featured_media":0,"comment_status":"closed","ping_status":"closed","sticky":false,"template":"","format":"standard","meta":{"colormag_page_container_layout":"default_layout","colormag_page_sidebar_layout":"default_layout","ngg_post_thumbnail":0,"footnotes":""},"categories":[112],"tags":[],"class_list":["post-893","post","type-post","status-publish","format-standard","hentry","category-projet-d-equipe-pour-le-rayonnement-de-la-langue"],"rttpg_featured_image_url":null,"rttpg_author":{"display_name":"norco","author_link":"https:\/\/www.pedagogie.ac-nice.fr\/lettres-anglais\/author\/norco\/"},"rttpg_comment":0,"rttpg_category":"<a href=\"https:\/\/www.pedagogie.ac-nice.fr\/lettres-anglais\/category\/lycee-pro\/projet-d-equipe-pour-le-rayonnement-de-la-langue\/\" rel=\"category tag\">Projet d\u2019Equipe pour le Rayonnement de la Langue<\/a>","rttpg_excerpt":"La semaine des langues en lyc\u00e9es professionnels dans le cadre de la continuit\u00e9 p\u00e9dagogique &nbsp; D\u00e9couvrez les projets qui font","post_mailing_queue_ids":[],"_links":{"self":[{"href":"https:\/\/www.pedagogie.ac-nice.fr\/lettres-anglais\/wp-json\/wp\/v2\/posts\/893","targetHints":{"allow":["GET"]}}],"collection":[{"href":"https:\/\/www.pedagogie.ac-nice.fr\/lettres-anglais\/wp-json\/wp\/v2\/posts"}],"about":[{"href":"https:\/\/www.pedagogie.ac-nice.fr\/lettres-anglais\/wp-json\/wp\/v2\/types\/post"}],"author":[{"embeddable":true,"href":"https:\/\/www.pedagogie.ac-nice.fr\/lettres-anglais\/wp-json\/wp\/v2\/users\/1"}],"replies":[{"embeddable":true,"href":"https:\/\/www.pedagogie.ac-nice.fr\/lettres-anglais\/wp-json\/wp\/v2\/comments?post=893"}],"version-history":[{"count":0,"href":"https:\/\/www.pedagogie.ac-nice.fr\/lettres-anglais\/wp-json\/wp\/v2\/posts\/893\/revisions"}],"wp:attachment":[{"href":"https:\/\/www.pedagogie.ac-nice.fr\/lettres-anglais\/wp-json\/wp\/v2\/media?parent=893"}],"wp:term":[{"taxonomy":"category","embeddable":true,"href":"https:\/\/www.pedagogie.ac-nice.fr\/lettres-anglais\/wp-json\/wp\/v2\/categories?post=893"},{"taxonomy":"post_tag","embeddable":true,"href":"https:\/\/www.pedagogie.ac-nice.fr\/lettres-anglais\/wp-json\/wp\/v2\/tags?post=893"}],"curies":[{"name":"wp","href":"https:\/\/api.w.org\/{rel}","templated":true}]}}