{"id":1726,"date":"2020-03-31T15:04:24","date_gmt":"2020-03-31T13:04:24","guid":{"rendered":"https:\/\/www.pedagogie.ac-nice.fr\/lettres\/?p=1726"},"modified":"2020-03-31T15:04:57","modified_gmt":"2020-03-31T13:04:57","slug":"continuite-pedagogique-leducation-artistique-et-culturelle-sinvite-a-la-maison","status":"publish","type":"post","link":"https:\/\/www.pedagogie.ac-nice.fr\/lettres\/continuite-pedagogique-leducation-artistique-et-culturelle-sinvite-a-la-maison\/","title":{"rendered":"Continuit\u00e9 p\u00e9dagogique : l&rsquo;\u00e9ducation artistique et culturelle s&rsquo;invite \u00e0 la maison"},"content":{"rendered":"<p><span style=\"font-family: arial, helvetica, sans-serif; color: #003366;\"><b>Le\u00a0 dossier\u00a0 de la DAAC <\/b>vous propose de\u00a0<b>lire, voir, \u00e9couter, entendre, chanter<\/b>,\u00a0<b>cr\u00e9er, jouer, d\u00e9couvrir, exp\u00e9rimenter<\/b>\u00a0sur des supports in\u00e9dits aussi r\u00e9cr\u00e9atifs que cr\u00e9atifs.<\/span><\/p>\n<p><a href=\"http:\/\/www2.ac-nice.fr\/cid150477\/continuite-pedagogique-l-education-artistique-et-culturelle-s-invite-a-la-maison.html\"><span style=\"font-family: arial, helvetica, sans-serif; color: #003366;\">http:\/\/www2.ac-nice.fr\/cid150477\/continuite-pedagogique-l-education-artistique-et-culturelle-s-invite-a-la-maison.html<\/span><\/a><\/p>\n","protected":false},"excerpt":{"rendered":"<p>Le\u00a0 dossier\u00a0 de la DAAC vous propose de\u00a0lire, voir, \u00e9couter, entendre, chanter,\u00a0cr\u00e9er, jouer, d\u00e9couvrir, exp\u00e9rimenter\u00a0sur des supports in\u00e9dits aussi r\u00e9cr\u00e9atifs que cr\u00e9atifs. http:\/\/www2.ac-nice.fr\/cid150477\/continuite-pedagogique-l-education-artistique-et-culturelle-s-invite-a-la-maison.html<\/p>\n","protected":false},"author":209,"featured_media":1727,"comment_status":"closed","ping_status":"closed","sticky":false,"template":"","format":"standard","meta":{"_et_pb_use_builder":"","_et_pb_old_content":"","_et_gb_content_width":"","ngg_post_thumbnail":0,"footnotes":""},"categories":[156],"tags":[],"class_list":["post-1726","post","type-post","status-publish","format-standard","has-post-thumbnail","hentry","category-covid19","et-has-post-format-content","et_post_format-et-post-format-standard"],"rttpg_featured_image_url":{"full":["https:\/\/www.pedagogie.ac-nice.fr\/lettres\/wp-content\/uploads\/sites\/15\/2020\/03\/daac.jpg",931,646,false],"landscape":["https:\/\/www.pedagogie.ac-nice.fr\/lettres\/wp-content\/uploads\/sites\/15\/2020\/03\/daac.jpg",931,646,false],"portraits":["https:\/\/www.pedagogie.ac-nice.fr\/lettres\/wp-content\/uploads\/sites\/15\/2020\/03\/daac.jpg",931,646,false],"thumbnail":["https:\/\/www.pedagogie.ac-nice.fr\/lettres\/wp-content\/uploads\/sites\/15\/2020\/03\/daac-150x150.jpg",150,150,true],"medium":["https:\/\/www.pedagogie.ac-nice.fr\/lettres\/wp-content\/uploads\/sites\/15\/2020\/03\/daac-300x208.jpg",300,208,true],"large":["https:\/\/www.pedagogie.ac-nice.fr\/lettres\/wp-content\/uploads\/sites\/15\/2020\/03\/daac.jpg",931,646,false],"1536x1536":["https:\/\/www.pedagogie.ac-nice.fr\/lettres\/wp-content\/uploads\/sites\/15\/2020\/03\/daac.jpg",931,646,false],"2048x2048":["https:\/\/www.pedagogie.ac-nice.fr\/lettres\/wp-content\/uploads\/sites\/15\/2020\/03\/daac.jpg",931,646,false],"et-builder-post-main-image":["https:\/\/www.pedagogie.ac-nice.fr\/lettres\/wp-content\/uploads\/sites\/15\/2020\/03\/daac-400x250.jpg",400,250,true],"et-builder-post-main-image-fullwidth":["https:\/\/www.pedagogie.ac-nice.fr\/lettres\/wp-content\/uploads\/sites\/15\/2020\/03\/daac.jpg",931,646,false],"et-builder-portfolio-image":["https:\/\/www.pedagogie.ac-nice.fr\/lettres\/wp-content\/uploads\/sites\/15\/2020\/03\/daac-400x284.jpg",400,284,true],"et-builder-portfolio-image-single":["https:\/\/www.pedagogie.ac-nice.fr\/lettres\/wp-content\/uploads\/sites\/15\/2020\/03\/daac.jpg",931,646,false],"et-builder-gallery-image-portrait":["https:\/\/www.pedagogie.ac-nice.fr\/lettres\/wp-content\/uploads\/sites\/15\/2020\/03\/daac-400x516.jpg",400,516,true],"extra-image-huge":["https:\/\/www.pedagogie.ac-nice.fr\/lettres\/wp-content\/uploads\/sites\/15\/2020\/03\/daac.jpg",931,646,false],"extra-image-single-post":["https:\/\/www.pedagogie.ac-nice.fr\/lettres\/wp-content\/uploads\/sites\/15\/2020\/03\/daac-931x640.jpg",931,640,true],"extra-image-medium":["https:\/\/www.pedagogie.ac-nice.fr\/lettres\/wp-content\/uploads\/sites\/15\/2020\/03\/daac-627x376.jpg",627,376,true],"extra-image-small":["https:\/\/www.pedagogie.ac-nice.fr\/lettres\/wp-content\/uploads\/sites\/15\/2020\/03\/daac-440x264.jpg",440,264,true],"extra-image-square-medium":["https:\/\/www.pedagogie.ac-nice.fr\/lettres\/wp-content\/uploads\/sites\/15\/2020\/03\/daac-440x440.jpg",440,440,true],"extra-image-square-small":["https:\/\/www.pedagogie.ac-nice.fr\/lettres\/wp-content\/uploads\/sites\/15\/2020\/03\/daac-150x150.jpg",150,150,true],"advps-thumb-one":["https:\/\/www.pedagogie.ac-nice.fr\/lettres\/wp-content\/uploads\/sites\/15\/2020\/03\/daac.jpg",317,220,false]},"rttpg_author":{"display_name":"IAN Lettres","author_link":"https:\/\/www.pedagogie.ac-nice.fr\/lettres\/author\/nathalie\/"},"rttpg_comment":0,"rttpg_category":"<a href=\"https:\/\/www.pedagogie.ac-nice.fr\/lettres\/category\/covid19\/\" rel=\"category tag\">Continuit\u00e9 p\u00e9dagogique - COVID19<\/a>","rttpg_excerpt":"Le\u00a0 dossier\u00a0 de la DAAC vous propose de\u00a0lire, voir, \u00e9couter, entendre, chanter,\u00a0cr\u00e9er, jouer, d\u00e9couvrir, exp\u00e9rimenter\u00a0sur des supports in\u00e9dits aussi r\u00e9cr\u00e9atifs que cr\u00e9atifs. http:\/\/www2.ac-nice.fr\/cid150477\/continuite-pedagogique-l-education-artistique-et-culturelle-s-invite-a-la-maison.html","post_mailing_queue_ids":[],"_links":{"self":[{"href":"https:\/\/www.pedagogie.ac-nice.fr\/lettres\/wp-json\/wp\/v2\/posts\/1726","targetHints":{"allow":["GET"]}}],"collection":[{"href":"https:\/\/www.pedagogie.ac-nice.fr\/lettres\/wp-json\/wp\/v2\/posts"}],"about":[{"href":"https:\/\/www.pedagogie.ac-nice.fr\/lettres\/wp-json\/wp\/v2\/types\/post"}],"author":[{"embeddable":true,"href":"https:\/\/www.pedagogie.ac-nice.fr\/lettres\/wp-json\/wp\/v2\/users\/209"}],"replies":[{"embeddable":true,"href":"https:\/\/www.pedagogie.ac-nice.fr\/lettres\/wp-json\/wp\/v2\/comments?post=1726"}],"version-history":[{"count":1,"href":"https:\/\/www.pedagogie.ac-nice.fr\/lettres\/wp-json\/wp\/v2\/posts\/1726\/revisions"}],"predecessor-version":[{"id":1728,"href":"https:\/\/www.pedagogie.ac-nice.fr\/lettres\/wp-json\/wp\/v2\/posts\/1726\/revisions\/1728"}],"wp:featuredmedia":[{"embeddable":true,"href":"https:\/\/www.pedagogie.ac-nice.fr\/lettres\/wp-json\/wp\/v2\/media\/1727"}],"wp:attachment":[{"href":"https:\/\/www.pedagogie.ac-nice.fr\/lettres\/wp-json\/wp\/v2\/media?parent=1726"}],"wp:term":[{"taxonomy":"category","embeddable":true,"href":"https:\/\/www.pedagogie.ac-nice.fr\/lettres\/wp-json\/wp\/v2\/categories?post=1726"},{"taxonomy":"post_tag","embeddable":true,"href":"https:\/\/www.pedagogie.ac-nice.fr\/lettres\/wp-json\/wp\/v2\/tags?post=1726"}],"curies":[{"name":"wp","href":"https:\/\/api.w.org\/{rel}","templated":true}]}}