{"id":2507,"date":"2021-10-22T09:36:04","date_gmt":"2021-10-22T07:36:04","guid":{"rendered":"https:\/\/www.pedagogie.ac-nice.fr\/lettres\/?p=2507"},"modified":"2022-06-23T22:38:06","modified_gmt":"2022-06-23T20:38:06","slug":"2507-2","status":"publish","type":"post","link":"https:\/\/www.pedagogie.ac-nice.fr\/lettres\/2507-2\/","title":{"rendered":"Visioconf\u00e9rence sur le suivi des tests de fran\u00e7ais"},"content":{"rendered":"<p style=\"text-align: center;\"><span style=\"color: #0000ff; font-size: 14pt;\"><strong>Lien vers le webinaire du &nbsp;jeudi 25 novembre de 16h \u00e0 17h30 consacr\u00e9 \u00e0 l&rsquo;accompagnement des \u00e9l\u00e8ves de 6\u00e8me apr\u00e8s les tests&nbsp;&nbsp;<\/strong><\/span><\/p>\n<p style=\"text-align: center;\"><a href=\"https:\/\/visio-agents.education.fr\/meeting\/signin\/51000\/creator\/1711\/hash\/722042f4f8278be85cc2eac03de49bed89df2f7e\"><span style=\"font-size: 14pt; color: #ff6600;\"><strong>https:\/\/visio-agents.education.fr\/meeting\/signin\/51000\/creator\/1711\/hash\/722042f4f8278be85cc2eac03de49bed89df2f7e<\/strong><\/span><\/a><\/p>\n<p><a href=\"https:\/\/www.pedagogie.ac-nice.fr\/lettres\/wp-content\/uploads\/sites\/15\/2021\/10\/Capture-decran-2021-10-22-093257.png\"><a href=\"https:\/\/www.pedagogie.ac-nice.fr\/lettres\/wp-content\/uploads\/sites\/15\/2021\/10\/Information-webinaire-Suivi-test-nov-2021.pdf\" class=\"pdfemb-viewer\" style=\"\" data-width=\"max\" data-height=\"max\" data-toolbar=\"bottom\" data-toolbar-fixed=\"off\">Information webinaire Suivi test nov 2021<\/a><\/a><\/p>\n","protected":false},"excerpt":{"rendered":"<p>Lien vers le webinaire du &nbsp;jeudi 25 novembre de 16h \u00e0 17h30 consacr\u00e9 \u00e0 l&rsquo;accompagnement des \u00e9l\u00e8ves de 6\u00e8me apr\u00e8s les tests&nbsp;&nbsp; https:\/\/visio-agents.education.fr\/meeting\/signin\/51000\/creator\/1711\/hash\/722042f4f8278be85cc2eac03de49bed89df2f7e<\/p>\n","protected":false},"author":209,"featured_media":2509,"comment_status":"closed","ping_status":"closed","sticky":false,"template":"","format":"standard","meta":{"_et_pb_use_builder":"","_et_pb_old_content":"","_et_gb_content_width":"","ngg_post_thumbnail":0,"footnotes":""},"categories":[5],"tags":[],"class_list":["post-2507","post","type-post","status-publish","format-standard","has-post-thumbnail","hentry","category-ecrire-au-lycee","et-has-post-format-content","et_post_format-et-post-format-standard"],"rttpg_featured_image_url":{"full":["https:\/\/www.pedagogie.ac-nice.fr\/lettres\/wp-content\/uploads\/sites\/15\/2021\/10\/Capture-decran-2021-10-22-093257.png",1062,714,false],"landscape":["https:\/\/www.pedagogie.ac-nice.fr\/lettres\/wp-content\/uploads\/sites\/15\/2021\/10\/Capture-decran-2021-10-22-093257.png",1062,714,false],"portraits":["https:\/\/www.pedagogie.ac-nice.fr\/lettres\/wp-content\/uploads\/sites\/15\/2021\/10\/Capture-decran-2021-10-22-093257.png",1062,714,false],"thumbnail":["https:\/\/www.pedagogie.ac-nice.fr\/lettres\/wp-content\/uploads\/sites\/15\/2021\/10\/Capture-decran-2021-10-22-093257-150x150.png",150,150,true],"medium":["https:\/\/www.pedagogie.ac-nice.fr\/lettres\/wp-content\/uploads\/sites\/15\/2021\/10\/Capture-decran-2021-10-22-093257-300x202.png",300,202,true],"large":["https:\/\/www.pedagogie.ac-nice.fr\/lettres\/wp-content\/uploads\/sites\/15\/2021\/10\/Capture-decran-2021-10-22-093257-980x659.png",980,659,true],"1536x1536":["https:\/\/www.pedagogie.ac-nice.fr\/lettres\/wp-content\/uploads\/sites\/15\/2021\/10\/Capture-decran-2021-10-22-093257.png",1062,714,false],"2048x2048":["https:\/\/www.pedagogie.ac-nice.fr\/lettres\/wp-content\/uploads\/sites\/15\/2021\/10\/Capture-decran-2021-10-22-093257.png",1062,714,false],"et-builder-post-main-image":["https:\/\/www.pedagogie.ac-nice.fr\/lettres\/wp-content\/uploads\/sites\/15\/2021\/10\/Capture-decran-2021-10-22-093257-400x250.png",400,250,true],"et-builder-post-main-image-fullwidth":["https:\/\/www.pedagogie.ac-nice.fr\/lettres\/wp-content\/uploads\/sites\/15\/2021\/10\/Capture-decran-2021-10-22-093257-1062x675.png",1062,675,true],"et-builder-portfolio-image":["https:\/\/www.pedagogie.ac-nice.fr\/lettres\/wp-content\/uploads\/sites\/15\/2021\/10\/Capture-decran-2021-10-22-093257-400x284.png",400,284,true],"et-builder-portfolio-image-single":["https:\/\/www.pedagogie.ac-nice.fr\/lettres\/wp-content\/uploads\/sites\/15\/2021\/10\/Capture-decran-2021-10-22-093257.png",1062,714,false],"et-builder-gallery-image-portrait":["https:\/\/www.pedagogie.ac-nice.fr\/lettres\/wp-content\/uploads\/sites\/15\/2021\/10\/Capture-decran-2021-10-22-093257-400x516.png",400,516,true],"extra-image-huge":["https:\/\/www.pedagogie.ac-nice.fr\/lettres\/wp-content\/uploads\/sites\/15\/2021\/10\/Capture-decran-2021-10-22-093257.png",1062,714,false],"extra-image-single-post":["https:\/\/www.pedagogie.ac-nice.fr\/lettres\/wp-content\/uploads\/sites\/15\/2021\/10\/Capture-decran-2021-10-22-093257-1062x640.png",1062,640,true],"extra-image-medium":["https:\/\/www.pedagogie.ac-nice.fr\/lettres\/wp-content\/uploads\/sites\/15\/2021\/10\/Capture-decran-2021-10-22-093257-627x376.png",627,376,true],"extra-image-small":["https:\/\/www.pedagogie.ac-nice.fr\/lettres\/wp-content\/uploads\/sites\/15\/2021\/10\/Capture-decran-2021-10-22-093257-440x264.png",440,264,true],"extra-image-square-medium":["https:\/\/www.pedagogie.ac-nice.fr\/lettres\/wp-content\/uploads\/sites\/15\/2021\/10\/Capture-decran-2021-10-22-093257-440x440.png",440,440,true],"extra-image-square-small":["https:\/\/www.pedagogie.ac-nice.fr\/lettres\/wp-content\/uploads\/sites\/15\/2021\/10\/Capture-decran-2021-10-22-093257-150x150.png",150,150,true],"advps-thumb-one":["https:\/\/www.pedagogie.ac-nice.fr\/lettres\/wp-content\/uploads\/sites\/15\/2021\/10\/Capture-decran-2021-10-22-093257.png",327,220,false]},"rttpg_author":{"display_name":"IAN Lettres","author_link":"https:\/\/www.pedagogie.ac-nice.fr\/lettres\/author\/nathalie\/"},"rttpg_comment":0,"rttpg_category":"<a href=\"https:\/\/www.pedagogie.ac-nice.fr\/lettres\/category\/ecrire-au-lycee\/\" rel=\"category tag\">Lyc\u00e9e<\/a>","rttpg_excerpt":"Lien vers le webinaire du &nbsp;jeudi 25 novembre de 16h \u00e0 17h30 consacr\u00e9 \u00e0 l&rsquo;accompagnement des \u00e9l\u00e8ves de 6\u00e8me apr\u00e8s les tests&nbsp;&nbsp; https:\/\/visio-agents.education.fr\/meeting\/signin\/51000\/creator\/1711\/hash\/722042f4f8278be85cc2eac03de49bed89df2f7e","post_mailing_queue_ids":[],"_links":{"self":[{"href":"https:\/\/www.pedagogie.ac-nice.fr\/lettres\/wp-json\/wp\/v2\/posts\/2507","targetHints":{"allow":["GET"]}}],"collection":[{"href":"https:\/\/www.pedagogie.ac-nice.fr\/lettres\/wp-json\/wp\/v2\/posts"}],"about":[{"href":"https:\/\/www.pedagogie.ac-nice.fr\/lettres\/wp-json\/wp\/v2\/types\/post"}],"author":[{"embeddable":true,"href":"https:\/\/www.pedagogie.ac-nice.fr\/lettres\/wp-json\/wp\/v2\/users\/209"}],"replies":[{"embeddable":true,"href":"https:\/\/www.pedagogie.ac-nice.fr\/lettres\/wp-json\/wp\/v2\/comments?post=2507"}],"version-history":[{"count":2,"href":"https:\/\/www.pedagogie.ac-nice.fr\/lettres\/wp-json\/wp\/v2\/posts\/2507\/revisions"}],"predecessor-version":[{"id":2511,"href":"https:\/\/www.pedagogie.ac-nice.fr\/lettres\/wp-json\/wp\/v2\/posts\/2507\/revisions\/2511"}],"wp:featuredmedia":[{"embeddable":true,"href":"https:\/\/www.pedagogie.ac-nice.fr\/lettres\/wp-json\/wp\/v2\/media\/2509"}],"wp:attachment":[{"href":"https:\/\/www.pedagogie.ac-nice.fr\/lettres\/wp-json\/wp\/v2\/media?parent=2507"}],"wp:term":[{"taxonomy":"category","embeddable":true,"href":"https:\/\/www.pedagogie.ac-nice.fr\/lettres\/wp-json\/wp\/v2\/categories?post=2507"},{"taxonomy":"post_tag","embeddable":true,"href":"https:\/\/www.pedagogie.ac-nice.fr\/lettres\/wp-json\/wp\/v2\/tags?post=2507"}],"curies":[{"name":"wp","href":"https:\/\/api.w.org\/{rel}","templated":true}]}}