{"id":340,"date":"2016-04-23T12:02:33","date_gmt":"2016-04-23T10:02:33","guid":{"rendered":"https:\/\/www.pedagogie.ac-nice.fr\/lettres\/2016\/04\/23\/ipad-tablettes-et-reforme-du-college\/"},"modified":"2016-04-23T12:02:33","modified_gmt":"2016-04-23T10:02:33","slug":"ipad-tablettes-et-reforme-du-college","status":"publish","type":"post","link":"https:\/\/www.pedagogie.ac-nice.fr\/lettres\/ipad-tablettes-et-reforme-du-college\/","title":{"rendered":"Ipad, tablettes et r\u00e9forme du coll\u00e8ge"},"content":{"rendered":"<p><span style=\"font-size: 12pt;\">&#8211; Le site edmisipad.fr fait <a href=\"http:\/\/edmusipad.fr\/2016\/04\/07\/lipad-service-de-reforme-college-propositions-toute-humilite\/\">une synth\u00e8se tr\u00e8s int\u00e9ressante des possibilit\u00e9s de l&rsquo;Ipad<\/a> dans la perspective de la r\u00e9forme du coll\u00e8ge.<\/span><\/p>\n<p><span style=\"font-size: 12pt;\">&#8211; Le <em>Caf\u00e9 p\u00e9dagogique<\/em> offre le t\u00e9moignage de professeurs engag\u00e9s dans le travail sur tablettes. Pourquoi ne pas \u00ab\u00a0<a href=\"http:\/\/www.cafepedagogique.net\/lexpresso\/Pages\/2016\/11\/14112016Article636147041172951156.aspx\" target=\"_blank\">Revisiter le pass\u00e9 avec les tablettes du futur<\/a>\u00ab\u00a0? Ici l&rsquo;exp\u00e9rience d&rsquo;une coll\u00e8gue dont les \u00e9l\u00e8ves \u00ab\u00a0ont d\u00e9pass\u00e9 les esp\u00e9rances\u00a0\u00bb&#8230;<\/span><\/p>\n","protected":false},"excerpt":{"rendered":"<p>&#8211; Le site edmisipad.fr fait une synth\u00e8se tr\u00e8s int\u00e9ressante des possibilit\u00e9s de l&rsquo;Ipad dans la perspective de la r\u00e9forme du coll\u00e8ge. &#8211; Le Caf\u00e9 p\u00e9dagogique offre le t\u00e9moignage de professeurs engag\u00e9s dans le travail sur tablettes. Pourquoi ne pas \u00ab\u00a0Revisiter le pass\u00e9 avec les tablettes du futur\u00ab\u00a0? Ici l&rsquo;exp\u00e9rience d&rsquo;une coll\u00e8gue dont les \u00e9l\u00e8ves \u00ab\u00a0ont [&hellip;]<\/p>\n","protected":false},"author":1,"featured_media":0,"comment_status":"open","ping_status":"open","sticky":false,"template":"","format":"standard","meta":{"_et_pb_use_builder":"","_et_pb_old_content":"","_et_gb_content_width":"","ngg_post_thumbnail":0,"footnotes":""},"categories":[68],"tags":[],"class_list":["post-340","post","type-post","status-publish","format-standard","hentry","category-tablettes-en-lettres","et-doesnt-have-format-content","et_post_format-et-post-format-standard"],"rttpg_featured_image_url":null,"rttpg_author":{"display_name":"norco","author_link":"https:\/\/www.pedagogie.ac-nice.fr\/lettres\/author\/norco\/"},"rttpg_comment":0,"rttpg_category":"<a href=\"https:\/\/www.pedagogie.ac-nice.fr\/lettres\/category\/le-numerique-en-lettres\/tablettes-en-lettres\/\" rel=\"category tag\">Utiliser les tablettes en classe de fran\u00e7ais.<\/a>","rttpg_excerpt":"&#8211; Le site edmisipad.fr fait une synth\u00e8se tr\u00e8s int\u00e9ressante des possibilit\u00e9s de l&rsquo;Ipad dans la perspective de la r\u00e9forme du coll\u00e8ge. &#8211; Le Caf\u00e9 p\u00e9dagogique offre le t\u00e9moignage de professeurs engag\u00e9s dans le travail sur tablettes. Pourquoi ne pas \u00ab\u00a0Revisiter le pass\u00e9 avec les tablettes du futur\u00ab\u00a0? Ici l&rsquo;exp\u00e9rience d&rsquo;une coll\u00e8gue dont les \u00e9l\u00e8ves \u00ab\u00a0ont\u2026","post_mailing_queue_ids":[],"_links":{"self":[{"href":"https:\/\/www.pedagogie.ac-nice.fr\/lettres\/wp-json\/wp\/v2\/posts\/340","targetHints":{"allow":["GET"]}}],"collection":[{"href":"https:\/\/www.pedagogie.ac-nice.fr\/lettres\/wp-json\/wp\/v2\/posts"}],"about":[{"href":"https:\/\/www.pedagogie.ac-nice.fr\/lettres\/wp-json\/wp\/v2\/types\/post"}],"author":[{"embeddable":true,"href":"https:\/\/www.pedagogie.ac-nice.fr\/lettres\/wp-json\/wp\/v2\/users\/1"}],"replies":[{"embeddable":true,"href":"https:\/\/www.pedagogie.ac-nice.fr\/lettres\/wp-json\/wp\/v2\/comments?post=340"}],"version-history":[{"count":0,"href":"https:\/\/www.pedagogie.ac-nice.fr\/lettres\/wp-json\/wp\/v2\/posts\/340\/revisions"}],"wp:attachment":[{"href":"https:\/\/www.pedagogie.ac-nice.fr\/lettres\/wp-json\/wp\/v2\/media?parent=340"}],"wp:term":[{"taxonomy":"category","embeddable":true,"href":"https:\/\/www.pedagogie.ac-nice.fr\/lettres\/wp-json\/wp\/v2\/categories?post=340"},{"taxonomy":"post_tag","embeddable":true,"href":"https:\/\/www.pedagogie.ac-nice.fr\/lettres\/wp-json\/wp\/v2\/tags?post=340"}],"curies":[{"name":"wp","href":"https:\/\/api.w.org\/{rel}","templated":true}]}}