{"id":11236,"date":"2024-11-07T13:53:26","date_gmt":"2024-11-07T12:53:26","guid":{"rendered":"https:\/\/www.pedagogie.ac-nice.fr\/mathematiques\/?p=11236"},"modified":"2024-11-07T13:58:48","modified_gmt":"2024-11-07T12:58:48","slug":"competition-europeenne-de-statistiques-2024-ceremonie-de-remise-des-prix","status":"publish","type":"post","link":"https:\/\/www.pedagogie.ac-nice.fr\/mathematiques\/competition-europeenne-de-statistiques-2024-ceremonie-de-remise-des-prix\/","title":{"rendered":"Comp\u00e9tition Europ\u00e9enne de Statistiques 2024 &#8211; C\u00e9r\u00e9monie de remise des prix"},"content":{"rendered":"<p>[et_pb_section fb_built=\u00a0\u00bb1&Prime; _builder_version=\u00a0\u00bb4.27.2&Prime; _module_preset=\u00a0\u00bbdefault\u00a0\u00bb global_colors_info=\u00a0\u00bb{}\u00a0\u00bb][et_pb_row column_structure=\u00a0\u00bb1_4,3_4&Prime; _builder_version=\u00a0\u00bb4.27.2&Prime; _module_preset=\u00a0\u00bbdefault\u00a0\u00bb global_colors_info=\u00a0\u00bb{}\u00a0\u00bb][et_pb_column type=\u00a0\u00bb1_4&Prime; _builder_version=\u00a0\u00bb4.27.2&Prime; _module_preset=\u00a0\u00bbdefault\u00a0\u00bb global_colors_info=\u00a0\u00bb{}\u00a0\u00bb][et_pb_image src=\u00a0\u00bbhttps:\/\/www.pedagogie.ac-nice.fr\/mathematiques\/wp-content\/uploads\/sites\/30\/2023\/10\/ESC_competition_europ_2023_2024.png\u00a0\u00bb title_text=\u00a0\u00bbESC_competition_europ_2023_2024&Prime; align=\u00a0\u00bbcenter\u00a0\u00bb _builder_version=\u00a0\u00bb4.27.2&Prime; _module_preset=\u00a0\u00bbdefault\u00a0\u00bb width=\u00a0\u00bb100%\u00a0\u00bb hover_enabled=\u00a0\u00bb0&Prime; global_colors_info=\u00a0\u00bb{}\u00a0\u00bb sticky_enabled=\u00a0\u00bb0&Prime;][\/et_pb_image][\/et_pb_column][et_pb_column type=\u00a0\u00bb3_4&Prime; _builder_version=\u00a0\u00bb4.27.2&Prime; _module_preset=\u00a0\u00bbdefault\u00a0\u00bb global_colors_info=\u00a0\u00bb{}\u00a0\u00bb][et_pb_text _builder_version=\u00a0\u00bb4.27.2&Prime; _module_preset=\u00a0\u00bbdefault\u00a0\u00bb custom_margin=\u00a0\u00bb||||false|false\u00a0\u00bb hover_enabled=\u00a0\u00bb0&Prime; global_colors_info=\u00a0\u00bb{}\u00a0\u00bb sticky_enabled=\u00a0\u00bb0&Prime;]<\/p>\n<div class=\"commentaire\">\n<div class=\"bloc paragraphes \">\n<p class=\"paragraphe   \"><strong>La Comp\u00e9tition europ\u00e9enne de statistiques<\/strong> est propos\u00e9e chaque ann\u00e9e depuis 2017 par Eurostat, l\u2019office statistique europ\u00e9en. Elle confronte des \u00e9l\u00e8ves d\u2019une vingtaine de pays de l\u2019Union europ\u00e9enne.<\/p>\n<\/div>\n<div class=\"bloc paragraphes \">\n<p class=\"paragraphe   \">L\u2019Insee organise les \u00e9preuves fran\u00e7aises avec le concours du minist\u00e8re de l\u2019\u00c9ducation nationale et de la Jeunesse, de la Soci\u00e9t\u00e9 fran\u00e7aise de Statistique (SFdS) et de la Cit\u00e9 de l\u2019\u00c9conomie (Cit\u00e9co).<\/p>\n<\/div>\n<\/div>\n<p>Pour la session 2024, au plan national, <strong>392 \u00e9quipes se sont engag\u00e9es dans la comp\u00e9tition<\/strong> et l\u2019acad\u00e9mie de Nice est celle qui a engag\u00e9 le plus d\u2019\u00e9quipes (information communiqu\u00e9e par l\u2019INSEE\/PACA).<br \/>L\u2019acad\u00e9mie de Nice a inscrit <strong>45 \u00e9quipes issues de 5 lyc\u00e9es des Alpes-Maritimes et du Var<\/strong>.<\/p>\n<p>[\/et_pb_text][\/et_pb_column][\/et_pb_row][et_pb_row _builder_version=\u00a0\u00bb4.27.2&Prime; _module_preset=\u00a0\u00bbdefault\u00a0\u00bb global_colors_info=\u00a0\u00bb{}\u00a0\u00bb][et_pb_column type=\u00a0\u00bb4_4&Prime; _builder_version=\u00a0\u00bb4.27.2&Prime; _module_preset=\u00a0\u00bbdefault\u00a0\u00bb global_colors_info=\u00a0\u00bb{}\u00a0\u00bb][et_pb_text _builder_version=\u00a0\u00bb4.27.2&Prime; _module_preset=\u00a0\u00bbdefault\u00a0\u00bb global_colors_info=\u00a0\u00bb{}\u00a0\u00bb]<\/p>\n<p style=\"text-align: center;\"><strong>R\u00e9partition des \u00e9quipes pour l&rsquo;acad\u00e9mie de Nice<\/strong><\/p>\n<p>[\/et_pb_text][et_pb_text _builder_version=\u00a0\u00bb4.27.2&Prime; _module_preset=\u00a0\u00bbdefault\u00a0\u00bb background_color=\u00a0\u00bb#efefef\u00a0\u00bb max_width=\u00a0\u00bb80%\u00a0\u00bb module_alignment=\u00a0\u00bbcenter\u00a0\u00bb custom_margin=\u00a0\u00bb20px||20px||false|false\u00a0\u00bb global_colors_info=\u00a0\u00bb{}\u00a0\u00bb]<\/p>\n<table>\n<tbody>\n<tr>\n<td style=\"text-align: center;\" width=\"340\"><strong>Etablissement<\/strong><\/td>\n<td style=\"text-align: center;\" width=\"142\"><strong>Nombre d\u2019\u00e9quipes<\/strong><\/td>\n<td style=\"text-align: center;\" width=\"180\"><strong>Professeurs encadrant<\/strong><\/td>\n<\/tr>\n<tr>\n<td style=\"text-align: center;\" width=\"340\">Lyc\u00e9e du Parc Imp\u00e9rial \u00e0 Nice<\/td>\n<td style=\"text-align: center;\" width=\"142\">3 \u00e9quipes<\/td>\n<td style=\"text-align: center;\" width=\"180\">SES<\/td>\n<\/tr>\n<tr>\n<td style=\"text-align: center;\" width=\"340\">Lyc\u00e9e International de Valbonne \u00e0 Sophia-Antipolis<\/td>\n<td style=\"text-align: center;\" width=\"142\">4 \u00e9quipes<\/td>\n<td style=\"text-align: center;\" width=\"180\">SES<\/td>\n<\/tr>\n<tr>\n<td style=\"text-align: center;\" width=\"340\">Lyc\u00e9e Raynouard \u00e0 Brignoles<\/td>\n<td style=\"text-align: center;\" width=\"142\">36 \u00e9quipes<\/td>\n<td style=\"text-align: center;\" width=\"180\">Maths et SES<\/td>\n<\/tr>\n<tr>\n<td style=\"text-align: center;\" width=\"340\">Lyc\u00e9e professionnel de Croisset \u00e0 Grasse<\/td>\n<td style=\"text-align: center;\" width=\"142\">1 \u00e9quipe<\/td>\n<td style=\"text-align: center;\" width=\"180\">Autre<\/td>\n<\/tr>\n<tr>\n<td style=\"text-align: center;\" width=\"340\">Lyc\u00e9e priv\u00e9 La Providence \u00e0 Nice<\/td>\n<td style=\"text-align: center;\" width=\"142\">1 \u00e9quipe<\/td>\n<td style=\"text-align: center;\" width=\"180\">Maths<\/td>\n<\/tr>\n<\/tbody>\n<\/table>\n<p>[\/et_pb_text][\/et_pb_column][\/et_pb_row][et_pb_row _builder_version=\u00a0\u00bb4.27.2&Prime; _module_preset=\u00a0\u00bbdefault\u00a0\u00bb global_colors_info=\u00a0\u00bb{}\u00a0\u00bb][et_pb_column type=\u00a0\u00bb4_4&Prime; _builder_version=\u00a0\u00bb4.27.2&Prime; _module_preset=\u00a0\u00bbdefault\u00a0\u00bb global_colors_info=\u00a0\u00bb{}\u00a0\u00bb][et_pb_text _builder_version=\u00a0\u00bb4.27.2&Prime; _module_preset=\u00a0\u00bbdefault\u00a0\u00bb global_colors_info=\u00a0\u00bb{}\u00a0\u00bb]<\/p>\n<p>Les 45 \u00e9quipes ont particip\u00e9 \u00e0 la premi\u00e8re \u00e9tape, 16 d\u2019entre elles ont rendu un projet \u00e0 l\u2019issue de la 2\u00e8me \u00e9preuve, et finalement, 5 \u00e9quipes ont \u00e9t\u00e9 qualifi\u00e9es pour la 2\u00e8me \u00e9tape fran\u00e7aise sur 101 \u00e9quipes s\u00e9lectionn\u00e9es par le jury national. Toutes les \u00e9quipes s\u00e9lectionn\u00e9es ne sont parvenues au bout de la deuxi\u00e8me \u00e9preuve et 55 d\u2019entre elles, dont 5 \u00e9quipes (sur 6) de l\u2019acad\u00e9mie de Nice, ont produit l\u2019analyse attendue. Le tableau ci-apr\u00e8s donne le palmar\u00e8s acad\u00e9mique.<\/p>\n<p>[\/et_pb_text][\/et_pb_column][\/et_pb_row][et_pb_row _builder_version=\u00a0\u00bb4.27.2&Prime; _module_preset=\u00a0\u00bbdefault\u00a0\u00bb global_colors_info=\u00a0\u00bb{}\u00a0\u00bb][et_pb_column type=\u00a0\u00bb4_4&Prime; _builder_version=\u00a0\u00bb4.27.2&Prime; _module_preset=\u00a0\u00bbdefault\u00a0\u00bb global_colors_info=\u00a0\u00bb{}\u00a0\u00bb][et_pb_text _builder_version=\u00a0\u00bb4.27.2&Prime; _module_preset=\u00a0\u00bbdefault\u00a0\u00bb global_colors_info=\u00a0\u00bb{}\u00a0\u00bb]<\/p>\n<p style=\"text-align: center;\"><span style=\"font-size: 14pt; color: #000080;\"><strong>Palmar\u00e8s acad\u00e9mique 2024<\/strong><\/span><\/p>\n<p>[\/et_pb_text][et_pb_text _builder_version=\u00a0\u00bb4.27.2&Prime; _module_preset=\u00a0\u00bbdefault\u00a0\u00bb background_color=\u00a0\u00bb#efefef\u00a0\u00bb width=\u00a0\u00bb80%\u00a0\u00bb module_alignment=\u00a0\u00bbcenter\u00a0\u00bb custom_margin=\u00a0\u00bb20px||20px||true|false\u00a0\u00bb border_width_all=\u00a0\u00bb2px\u00a0\u00bb border_color_all=\u00a0\u00bb#0C71C3&Prime; global_colors_info=\u00a0\u00bb{}\u00a0\u00bb]<\/p>\n<table width=\"690\">\n<tbody>\n<tr>\n<td style=\"text-align: center;\" width=\"255\"><span style=\"color: #000080;\"><strong>Etablissement<\/strong><\/span><\/td>\n<td style=\"text-align: center;\" width=\"230\"><span style=\"color: #000080;\"><strong>Nom de l\u2019\u00e9quipe<\/strong><\/span><\/td>\n<td style=\"text-align: center;\" width=\"205\"><span style=\"color: #000080;\"><strong>Professeurs<\/strong><\/span><\/td>\n<\/tr>\n<tr>\n<td style=\"text-align: center;\" width=\"255\"><span style=\"color: #000080;\">Lyc\u00e9e International de Valbonne<\/span><\/td>\n<td style=\"text-align: center;\" width=\"230\"><span style=\"color: #000080;\"><strong>19GALS<\/strong><\/span><\/td>\n<td style=\"text-align: center;\" width=\"205\"><span style=\"color: #000080;\"><strong>Mme FONTAINE (SES)<\/strong><\/span><\/td>\n<\/tr>\n<tr>\n<td style=\"text-align: center;\" width=\"255\"><span style=\"color: #000080;\">Lyc\u00e9e International de Valbonne<\/span><\/td>\n<td style=\"text-align: center;\" width=\"230\"><span style=\"color: #000080;\"><strong>CIV1STATIS<\/strong><\/span><\/td>\n<td style=\"text-align: center;\" width=\"205\"><span style=\"color: #000080;\"><strong>Mme FONTAINE (SES)<\/strong><\/span><\/td>\n<\/tr>\n<tr>\n<td style=\"text-align: center;\" width=\"255\"><span style=\"color: #000080;\">Lyc\u00e9e International de Valbonne<\/span><\/td>\n<td style=\"text-align: center;\" width=\"230\"><span style=\"color: #000080;\"><strong>CIV1TERPOP<\/strong><\/span><\/td>\n<td style=\"text-align: center;\" width=\"205\"><span style=\"color: #000080;\"><strong>Mme FONTAINE (SES)<\/strong><\/span><\/td>\n<\/tr>\n<tr>\n<td style=\"text-align: center;\" width=\"255\"><span style=\"color: #000080;\">Lyc\u00e9e Raynouard<\/span><\/td>\n<td style=\"text-align: center;\" width=\"230\"><span style=\"color: #000080;\"><strong>TSPE1<\/strong><\/span><\/td>\n<td style=\"text-align: center;\" width=\"205\"><span style=\"color: #000080;\"><strong>Mme BRICCHI (MATHS)<\/strong><\/span><\/td>\n<\/tr>\n<tr>\n<td style=\"text-align: center;\" width=\"255\"><span style=\"color: #000080;\">Lyc\u00e9e Raynouard<\/span><\/td>\n<td style=\"text-align: center;\" width=\"230\"><span style=\"color: #000080;\"><strong>TSPE2<\/strong><\/span><\/td>\n<td style=\"text-align: center;\" width=\"205\"><span style=\"color: #000080;\"><strong>Mme BRICCHI (MATHS)<\/strong><\/span><\/td>\n<\/tr>\n<\/tbody>\n<\/table>\n<p>[\/et_pb_text][et_pb_text _builder_version=\u00a0\u00bb4.27.2&Prime; _module_preset=\u00a0\u00bbdefault\u00a0\u00bb custom_margin=\u00a0\u00bb40px||||false|false\u00a0\u00bb global_colors_info=\u00a0\u00bb{}\u00a0\u00bb]<\/p>\n<p>Dans le cadre de la c\u00e9r\u00e9monie de remise des prix, l\u2019INSEE\/PACA a souhait\u00e9 \u00e9galement inviter <strong>l\u2019\u00e9quipe 667<\/strong> du lyc\u00e9e Raynouard pour la qualit\u00e9 du travail r\u00e9alis\u00e9.<\/p>\n<p>[\/et_pb_text][\/et_pb_column][\/et_pb_row][et_pb_row _builder_version=\u00a0\u00bb4.27.2&Prime; _module_preset=\u00a0\u00bbdefault\u00a0\u00bb global_colors_info=\u00a0\u00bb{}\u00a0\u00bb][et_pb_column type=\u00a0\u00bb4_4&Prime; _builder_version=\u00a0\u00bb4.27.2&Prime; _module_preset=\u00a0\u00bbdefault\u00a0\u00bb global_colors_info=\u00a0\u00bb{}\u00a0\u00bb][et_pb_text _builder_version=\u00a0\u00bb4.27.2&Prime; _module_preset=\u00a0\u00bbdefault\u00a0\u00bb background_color=\u00a0\u00bb#f9f9f9&Prime; width=\u00a0\u00bb80%\u00a0\u00bb module_alignment=\u00a0\u00bbcenter\u00a0\u00bb global_colors_info=\u00a0\u00bb{}\u00a0\u00bb]<\/p>\n<table width=\"690\">\n<tbody>\n<tr>\n<td width=\"255\"><strong>Etablissement<\/strong><\/td>\n<td width=\"230\"><strong>Nom de l\u2019\u00e9quipe<\/strong><\/td>\n<td width=\"205\"><strong>Professeurs<\/strong><\/td>\n<\/tr>\n<tr>\n<td width=\"255\">Lyc\u00e9e Raynouard<\/td>\n<td width=\"230\"><strong>667<\/strong><\/td>\n<td width=\"205\"><strong>Mme MOURAU (MATHS)<\/strong><\/td>\n<\/tr>\n<\/tbody>\n<\/table>\n<p>[\/et_pb_text][\/et_pb_column][\/et_pb_row][et_pb_row column_structure=\u00a0\u00bb2_5,3_5&Prime; _builder_version=\u00a0\u00bb4.27.2&Prime; _module_preset=\u00a0\u00bbdefault\u00a0\u00bb global_colors_info=\u00a0\u00bb{}\u00a0\u00bb][et_pb_column type=\u00a0\u00bb2_5&Prime; _builder_version=\u00a0\u00bb4.27.2&Prime; _module_preset=\u00a0\u00bbdefault\u00a0\u00bb global_colors_info=\u00a0\u00bb{}\u00a0\u00bb][et_pb_image src=\u00a0\u00bbhttps:\/\/www.pedagogie.ac-nice.fr\/mathematiques\/wp-content\/uploads\/sites\/30\/2024\/11\/2024-mai-CR-ceremonie-competition-europeenne-statistiques.jpg\u00a0\u00bb title_text=\u00a0\u00bb2024 mai CR ceremonie comp\u00e9tition europ\u00e9enne statistiques\u00a0\u00bb _builder_version=\u00a0\u00bb4.27.2&Prime; _module_preset=\u00a0\u00bbdefault\u00a0\u00bb global_colors_info=\u00a0\u00bb{}\u00a0\u00bb][\/et_pb_image][\/et_pb_column][et_pb_column type=\u00a0\u00bb3_5&Prime; _builder_version=\u00a0\u00bb4.27.2&Prime; _module_preset=\u00a0\u00bbdefault\u00a0\u00bb global_colors_info=\u00a0\u00bb{}\u00a0\u00bb][et_pb_text _builder_version=\u00a0\u00bb4.27.2&Prime; _module_preset=\u00a0\u00bbdefault\u00a0\u00bb global_colors_info=\u00a0\u00bb{}\u00a0\u00bb]<\/p>\n<h3 class=\"entry-title\">C\u00e9r\u00e9monie de remise des prix<\/h3>\n<p><strong>La remise des prix s\u2019est d\u00e9roul\u00e9e le mercredi 22 mai 2024 \u00e0 la direction de l\u2019INSEE\/PACA \u00e0 Marseille <\/strong>en pr\u00e9sence de Monsieur Laurent NOE, secr\u00e9taire g\u00e9n\u00e9ral de la R\u00e9gion acad\u00e9mique PACA, Madame la directrice de la direction r\u00e9gionale de l\u2019INSEE\/PACA, Monsieur LHERMITTE St\u00e9phane directeur adjoint de l\u2019INSEE\/PACA, l\u2019Equipe Valorisation de l\u2019action r\u00e9gionale INSEE\/PACA&nbsp;: \u00c9lodie Postec, Julien M\u00eal\u00e9, Pascale Rouaud ainsi que madame Clarisse FIOL, IA-IPR de math\u00e9matiques, r\u00e9f\u00e9rente EDUCFI\/INSEE.<\/p>\n<p>[\/et_pb_text][\/et_pb_column][\/et_pb_row][et_pb_row _builder_version=\u00a0\u00bb4.27.2&Prime; _module_preset=\u00a0\u00bbdefault\u00a0\u00bb global_colors_info=\u00a0\u00bb{}\u00a0\u00bb][et_pb_column type=\u00a0\u00bb4_4&Prime; _builder_version=\u00a0\u00bb4.27.2&Prime; _module_preset=\u00a0\u00bbdefault\u00a0\u00bb global_colors_info=\u00a0\u00bb{}\u00a0\u00bb][et_pb_text _builder_version=\u00a0\u00bb4.27.2&Prime; _module_preset=\u00a0\u00bbdefault\u00a0\u00bb global_colors_info=\u00a0\u00bb{}\u00a0\u00bb]<\/p>\n<p><strong>Au programme de la c\u00e9r\u00e9monie&nbsp;:<\/strong><\/p>\n<ul>\n<li style=\"list-style-type: none;\">\n<ul style=\"list-style-type: disc;\">\n<li>mot d\u2019accueil des repr\u00e9sentants de l\u2019Insee et de la R\u00e9gion acad\u00e9mique<\/li>\n<li>pr\u00e9sentation des missions de l\u2019Insee<\/li>\n<li>retour par l\u2019Insee sur les travaux des \u00e9l\u00e8ves<\/li>\n<li>retour par les \u00e9l\u00e8ves sur leur participation \u00e0 la comp\u00e9tition et t\u00e9moignage de leurs enseignants<\/li>\n<li>remise de prix<\/li>\n<li>go\u00fbter et \u00e9changes entre les laur\u00e9ats et les agents des diff\u00e9rents services de l\u2019Insee.<\/li>\n<\/ul>\n<\/li>\n<\/ul>\n<p>Nous remercions les \u00e9quipes de l\u2019INSEE\/PACA pour leur soutien et leur accueil.<\/p>\n<p>[\/et_pb_text][\/et_pb_column][\/et_pb_row][et_pb_row column_structure=\u00a0\u00bb1_2,1_2&Prime; _builder_version=\u00a0\u00bb4.27.2&Prime; _module_preset=\u00a0\u00bbdefault\u00a0\u00bb global_colors_info=\u00a0\u00bb{}\u00a0\u00bb][et_pb_column type=\u00a0\u00bb1_2&Prime; _builder_version=\u00a0\u00bb4.27.2&Prime; _module_preset=\u00a0\u00bbdefault\u00a0\u00bb global_colors_info=\u00a0\u00bb{}\u00a0\u00bb][et_pb_image src=\u00a0\u00bbhttps:\/\/www.pedagogie.ac-nice.fr\/mathematiques\/wp-content\/uploads\/sites\/30\/2024\/11\/2024-mai-CR-ceremonie-competition-europeenne-statistiques2.jpg\u00a0\u00bb title_text=\u00a0\u00bb2024 mai CR ceremonie comp\u00e9tition europ\u00e9enne statistiques2&Prime; _builder_version=\u00a0\u00bb4.27.2&Prime; _module_preset=\u00a0\u00bbdefault\u00a0\u00bb max_width=\u00a0\u00bb92%\u00a0\u00bb module_alignment=\u00a0\u00bbcenter\u00a0\u00bb global_colors_info=\u00a0\u00bb{}\u00a0\u00bb][\/et_pb_image][\/et_pb_column][et_pb_column type=\u00a0\u00bb1_2&Prime; _builder_version=\u00a0\u00bb4.27.2&Prime; _module_preset=\u00a0\u00bbdefault\u00a0\u00bb global_colors_info=\u00a0\u00bb{}\u00a0\u00bb][et_pb_image src=\u00a0\u00bbhttps:\/\/www.pedagogie.ac-nice.fr\/mathematiques\/wp-content\/uploads\/sites\/30\/2024\/11\/2024-mai-CR-ceremonie-competition-europeenne-statistiques3.jpg\u00a0\u00bb title_text=\u00a0\u00bb2024 mai CR ceremonie comp\u00e9tition europ\u00e9enne statistiques3&Prime; _builder_version=\u00a0\u00bb4.27.2&Prime; _module_preset=\u00a0\u00bbdefault\u00a0\u00bb global_colors_info=\u00a0\u00bb{}\u00a0\u00bb][\/et_pb_image][\/et_pb_column][\/et_pb_row][\/et_pb_section]<\/p>\n","protected":false},"excerpt":{"rendered":"<p>La Comp\u00e9tition europ\u00e9enne de statistiques est propos\u00e9e chaque ann\u00e9e depuis 2017 par Eurostat, l\u2019office statistique europ\u00e9en. Elle confronte des \u00e9l\u00e8ves d\u2019une vingtaine de pays de l\u2019Union europ\u00e9enne. L\u2019Insee organise les \u00e9preuves fran\u00e7aises avec le concours du minist\u00e8re de l\u2019\u00c9ducation nationale et de la Jeunesse, de la Soci\u00e9t\u00e9 fran\u00e7aise de Statistique (SFdS) et de la Cit\u00e9 [&hellip;]<\/p>\n","protected":false},"author":202,"featured_media":0,"comment_status":"closed","ping_status":"closed","sticky":false,"template":"","format":"standard","meta":{"_et_pb_use_builder":"on","_et_pb_old_content":"","_et_gb_content_width":"","ngg_post_thumbnail":0,"footnotes":""},"categories":[193,1],"tags":[],"class_list":["post-11236","post","type-post","status-publish","format-standard","hentry","category-la-competition-europeenne-de-statistiques","category-non-classe","et-doesnt-have-format-content","et_post_format-et-post-format-standard"],"rttpg_featured_image_url":null,"rttpg_author":{"display_name":"admin","author_link":"https:\/\/www.pedagogie.ac-nice.fr\/mathematiques\/author\/opilorget\/"},"rttpg_comment":0,"rttpg_category":"<a href=\"https:\/\/www.pedagogie.ac-nice.fr\/mathematiques\/category\/culture-mathematique\/rallyes-et-concours\/la-competition-europeenne-de-statistiques\/\" rel=\"category tag\">La comp\u00e9tition europ\u00e9enne de statistiques<\/a> <a href=\"https:\/\/www.pedagogie.ac-nice.fr\/mathematiques\/category\/non-classe\/\" rel=\"category tag\">Non class\u00e9<\/a>","rttpg_excerpt":"La Comp\u00e9tition europ\u00e9enne de statistiques est propos\u00e9e chaque ann\u00e9e depuis 2017 par Eurostat, l\u2019office statistique europ\u00e9en. Elle confronte des \u00e9l\u00e8ves d\u2019une vingtaine de pays de l\u2019Union europ\u00e9enne. L\u2019Insee organise les \u00e9preuves fran\u00e7aises avec le concours du minist\u00e8re de l\u2019\u00c9ducation nationale et de la Jeunesse, de la Soci\u00e9t\u00e9 fran\u00e7aise de Statistique (SFdS) et de la Cit\u00e9\u2026","post_mailing_queue_ids":[],"_links":{"self":[{"href":"https:\/\/www.pedagogie.ac-nice.fr\/mathematiques\/wp-json\/wp\/v2\/posts\/11236","targetHints":{"allow":["GET"]}}],"collection":[{"href":"https:\/\/www.pedagogie.ac-nice.fr\/mathematiques\/wp-json\/wp\/v2\/posts"}],"about":[{"href":"https:\/\/www.pedagogie.ac-nice.fr\/mathematiques\/wp-json\/wp\/v2\/types\/post"}],"author":[{"embeddable":true,"href":"https:\/\/www.pedagogie.ac-nice.fr\/mathematiques\/wp-json\/wp\/v2\/users\/202"}],"replies":[{"embeddable":true,"href":"https:\/\/www.pedagogie.ac-nice.fr\/mathematiques\/wp-json\/wp\/v2\/comments?post=11236"}],"version-history":[{"count":57,"href":"https:\/\/www.pedagogie.ac-nice.fr\/mathematiques\/wp-json\/wp\/v2\/posts\/11236\/revisions"}],"predecessor-version":[{"id":11316,"href":"https:\/\/www.pedagogie.ac-nice.fr\/mathematiques\/wp-json\/wp\/v2\/posts\/11236\/revisions\/11316"}],"wp:attachment":[{"href":"https:\/\/www.pedagogie.ac-nice.fr\/mathematiques\/wp-json\/wp\/v2\/media?parent=11236"}],"wp:term":[{"taxonomy":"category","embeddable":true,"href":"https:\/\/www.pedagogie.ac-nice.fr\/mathematiques\/wp-json\/wp\/v2\/categories?post=11236"},{"taxonomy":"post_tag","embeddable":true,"href":"https:\/\/www.pedagogie.ac-nice.fr\/mathematiques\/wp-json\/wp\/v2\/tags?post=11236"}],"curies":[{"name":"wp","href":"https:\/\/api.w.org\/{rel}","templated":true}]}}