{"id":12493,"date":"2025-01-02T00:13:25","date_gmt":"2025-01-01T23:13:25","guid":{"rendered":"https:\/\/www.pedagogie.ac-nice.fr\/mathematiques\/?p=12493"},"modified":"2025-06-06T00:15:08","modified_gmt":"2025-06-05T22:15:08","slug":"olympiades-de-mathematiques-session-2025","status":"publish","type":"post","link":"https:\/\/www.pedagogie.ac-nice.fr\/mathematiques\/olympiades-de-mathematiques-session-2025\/","title":{"rendered":"Olympiades de math\u00e9matiques &#8211; session 2025"},"content":{"rendered":"<p>[et_pb_section fb_built=\u00a0\u00bb1&Prime; _builder_version=\u00a0\u00bb4.16&Prime; locked=\u00a0\u00bboff\u00a0\u00bb global_colors_info=\u00a0\u00bb{}\u00a0\u00bb][et_pb_row column_structure=\u00a0\u00bb1_4,3_4&Prime; _builder_version=\u00a0\u00bb4.16&Prime; _module_preset=\u00a0\u00bbdefault\u00a0\u00bb global_colors_info=\u00a0\u00bb{}\u00a0\u00bb][et_pb_column type=\u00a0\u00bb1_4&Prime; _builder_version=\u00a0\u00bb4.16&Prime; _module_preset=\u00a0\u00bbdefault\u00a0\u00bb global_colors_info=\u00a0\u00bb{}\u00a0\u00bb][et_pb_image src=\u00a0\u00bbhttps:\/\/www.pedagogie.ac-nice.fr\/mathematiques\/wp-content\/uploads\/sites\/30\/2021\/03\/eduscol4_65.jpg\u00a0\u00bb title_text=\u00a0\u00bbeduscol4_65&Prime; _builder_version=\u00a0\u00bb4.16&Prime; _module_preset=\u00a0\u00bbdefault\u00a0\u00bb global_colors_info=\u00a0\u00bb{}\u00a0\u00bb][\/et_pb_image][\/et_pb_column][et_pb_column type=\u00a0\u00bb3_4&Prime; _builder_version=\u00a0\u00bb4.16&Prime; _module_preset=\u00a0\u00bbdefault\u00a0\u00bb global_colors_info=\u00a0\u00bb{}\u00a0\u00bb][et_pb_text _builder_version=\u00a0\u00bb4.27.4&Prime; _module_preset=\u00a0\u00bbdefault\u00a0\u00bb global_colors_info=\u00a0\u00bb{}\u00a0\u00bb]<\/p>\n<p>Toutes <strong>les informations nationales<\/strong> sont disponibles sur le portail <a href=\"https:\/\/eduscol.education.fr\/3433\/olympiades-nationales-de-mathematiques\">\u00e9duscol.<\/a><br \/>Les <strong>25\u00e8mes <\/strong><strong>Olympiades de math\u00e9matiques <\/strong>se d\u00e9rouleront cette ann\u00e9e le <strong>mercredi 19<\/strong><strong>&nbsp;<\/strong><strong>mars <\/strong><strong>2025 <\/strong>au matin (de <strong>8 h 00 <\/strong><strong>\u00e0 <\/strong><strong>12 h 10). <\/strong>Elles cl\u00f4tureront la 13\u00e8me <a href=\"https:\/\/www.education.gouv.fr\/la-semaine-des-mathematiques-7241\"><u>\u00ab<\/u><u>Semaine des math\u00e9matiques\u00bb<\/u>, <\/a>qui se tiendra du mercredi 10 mars au mercredi 19 mars 2025 sur le th\u00e8me <strong>\u00ab\u00a0Maths hors les murs <\/strong>\u00ab\u00a0.<\/p>\n<p>[\/et_pb_text][\/et_pb_column][\/et_pb_row][et_pb_row column_structure=\u00a0\u00bb1_4,3_4&Prime; _builder_version=\u00a0\u00bb4.16&Prime; _module_preset=\u00a0\u00bbdefault\u00a0\u00bb global_colors_info=\u00a0\u00bb{}\u00a0\u00bb][et_pb_column type=\u00a0\u00bb1_4&Prime; _builder_version=\u00a0\u00bb4.16&Prime; _module_preset=\u00a0\u00bbdefault\u00a0\u00bb global_colors_info=\u00a0\u00bb{}\u00a0\u00bb][et_pb_image src=\u00a0\u00bbhttps:\/\/www.pedagogie.ac-nice.fr\/mathematiques\/wp-content\/uploads\/sites\/30\/2025\/06\/affiche-olympiades-de-maths-2025-198792.jpg\u00a0\u00bb title_text=\u00a0\u00bbaffiche-olympiades-de-maths-2025-198792&Prime; _builder_version=\u00a0\u00bb4.27.4&Prime; _module_preset=\u00a0\u00bbdefault\u00a0\u00bb custom_padding=\u00a0\u00bb||||false|false\u00a0\u00bb border_width_all=\u00a0\u00bb1px\u00a0\u00bb border_color_all=\u00a0\u00bb#0C71C3&Prime; global_colors_info=\u00a0\u00bb{}\u00a0\u00bb][\/et_pb_image][\/et_pb_column][et_pb_column type=\u00a0\u00bb3_4&Prime; _builder_version=\u00a0\u00bb4.16&Prime; _module_preset=\u00a0\u00bbdefault\u00a0\u00bb global_colors_info=\u00a0\u00bb{}\u00a0\u00bb][et_pb_text _builder_version=\u00a0\u00bb4.27.4&Prime; _module_preset=\u00a0\u00bbdefault\u00a0\u00bb global_colors_info=\u00a0\u00bb{}\u00a0\u00bb]<\/p>\n<p><strong>Ces Olympiades<\/strong>, tout en participant au d\u00e9veloppement&nbsp; et&nbsp; \u00e0&nbsp; la&nbsp; valorisation&nbsp; de&nbsp; la culture&nbsp; scientifique et technologique, ont pour objectif de susciter chez les \u00e9l\u00e8ves le <strong>go\u00fbt des math\u00e9matiques et de la recherche<\/strong>, de s<strong>timuler leur&nbsp; cr\u00e9ativit\u00e9<\/strong> et&nbsp; leur&nbsp; <strong>esprit&nbsp; d&rsquo;initiative<\/strong>.&nbsp;<\/p>\n<p>Les sujets sont con\u00e7us&nbsp; pour&nbsp; permettre \u00e0 chacun de prendre plaisir \u00e0 chercher dans le cadre de probl\u00e8mes ouverts, inventifs et progressifs. Recommand\u00e9es par le rapport Villani-Torossian \u00ab 21 mesures pour&nbsp; l&rsquo;enseignement&nbsp; des math\u00e9matiques\u00bb (paru en f\u00e9vrier 2018), les Olympiades participent au&nbsp; rayonnement&nbsp; math\u00e9matique dans les \u00e9tablissements et dans les laboratoires math\u00e9matiques.<\/p>\n<p><a href=\"https:\/\/www.pedagogie.ac-nice.fr\/mathematiques\/wp-content\/uploads\/sites\/30\/2025\/06\/affiche-olympiades-de-maths-2025-198792.pdf\">-&gt; <em>L\u2019affiche nationale nationale 2025 pr\u00e9sentant les Olympiades de math\u00e9matiques<\/em>&nbsp;<\/a><\/p>\n<p>[\/et_pb_text][\/et_pb_column][\/et_pb_row][et_pb_row _builder_version=\u00a0\u00bb4.16&Prime; _module_preset=\u00a0\u00bbdefault\u00a0\u00bb global_colors_info=\u00a0\u00bb{}\u00a0\u00bb][et_pb_column type=\u00a0\u00bb4_4&Prime; _builder_version=\u00a0\u00bb4.16&Prime; _module_preset=\u00a0\u00bbdefault\u00a0\u00bb global_colors_info=\u00a0\u00bb{}\u00a0\u00bb][et_pb_text _builder_version=\u00a0\u00bb4.27.4&Prime; _module_preset=\u00a0\u00bbdefault\u00a0\u00bb global_colors_info=\u00a0\u00bb{}\u00a0\u00bb]<\/p>\n<p><span style=\"font-size: 14pt; color: #333399;\"><strong><em>El\u00e8ves concern\u00e9s<\/em><\/strong><\/span><\/p>\n<p>Les Olympiades de math\u00e9matiques s&rsquo;adressent <strong>\u00e0 <\/strong><strong>tous les \u00e9l\u00e8ves<\/strong><strong> des classes de Premi\u00e8re quelle que soit la voie: g\u00e9n\u00e9rale, technologique, agricole ou militaire.<\/strong><\/p>\n<p>[\/et_pb_text][\/et_pb_column][\/et_pb_row][et_pb_row _builder_version=\u00a0\u00bb4.16&Prime; _module_preset=\u00a0\u00bbdefault\u00a0\u00bb global_colors_info=\u00a0\u00bb{}\u00a0\u00bb][et_pb_column type=\u00a0\u00bb4_4&Prime; _builder_version=\u00a0\u00bb4.16&Prime; _module_preset=\u00a0\u00bbdefault\u00a0\u00bb global_colors_info=\u00a0\u00bb{}\u00a0\u00bb][et_pb_text _builder_version=\u00a0\u00bb4.16&Prime; _module_preset=\u00a0\u00bbdefault\u00a0\u00bb global_colors_info=\u00a0\u00bb{}\u00a0\u00bb]<\/p>\n<p><span style=\"font-size: 14pt; color: #333399;\"><em><strong>Objectifs<\/strong><\/em><\/span><\/p>\n<p>-&gt; Favoriser l&rsquo;\u00e9mergence d&rsquo;une <strong>nouvelle culture scientifique<\/strong> ;<br \/>-&gt; Stimuler chez les \u00e9l\u00e8ves <strong>l&rsquo;initiative et le go\u00fbt de la recherche<\/strong> ;<br \/>-&gt; Inciter les jeunes, et notamment les jeunes filles, \u00e0 se tourner vers les <strong>carri\u00e8res scientifiques<\/strong> ;<br \/>-&gt; Permettre aux \u00e9l\u00e8ves d&rsquo;aborder les probl\u00e8mes math\u00e9matiques <strong>de mani\u00e8re ouvert<\/strong>e, en autorisant des <strong>approches&nbsp; originales<\/strong>.<\/p>\n<p>[\/et_pb_text][\/et_pb_column][\/et_pb_row][et_pb_row _builder_version=\u00a0\u00bb4.16&Prime; _module_preset=\u00a0\u00bbdefault\u00a0\u00bb global_colors_info=\u00a0\u00bb{}\u00a0\u00bb][et_pb_column type=\u00a0\u00bb4_4&Prime; _builder_version=\u00a0\u00bb4.16&Prime; _module_preset=\u00a0\u00bbdefault\u00a0\u00bb global_colors_info=\u00a0\u00bb{}\u00a0\u00bb][et_pb_text _builder_version=\u00a0\u00bb4.27.4&Prime; _module_preset=\u00a0\u00bbdefault\u00a0\u00bb global_colors_info=\u00a0\u00bb{}\u00a0\u00bb]<\/p>\n<p><span style=\"font-size: 14pt; color: #333399;\"><em><strong>Calendrier<\/strong><\/em><\/span><\/p>\n<p>Les inscriptions seront ouvertes <strong>du lundi 6 janvier 2025<\/strong> \u00e0 partir de 9 heures <strong>au mercredi 26 f\u00e9vrier 2025<\/strong>&nbsp;jusqu\u2019\u00e0 17 heures.<\/p>\n<p><strong>Mercredi 19 mars 2025 <\/strong>(le mardi 18 mars 2025 pour la Polyn\u00e9sie fran\u00e7aise) : \u00e9preuve \u00e9crite (4 exercices en 4 heures) en individuel et par \u00e9quipes si possible mixtes (de 2,3 ou 4), selon cursus (technologique, g\u00e9n\u00e9ral, g\u00e9n\u00e9ral sp\u00e9cialit\u00e9 math\u00e9matiques).<\/p>\n<p><strong>Mai 2025<\/strong>&nbsp;: r\u00e9union du jury national.<\/p>\n<p><strong>Mai-Juin 2025<\/strong> : c\u00e9r\u00e9monie de remise des prix acad\u00e9miques et nationaux.&nbsp;<\/p>\n<p>&nbsp;<\/p>\n<p>[\/et_pb_text][\/et_pb_column][\/et_pb_row][et_pb_row _builder_version=\u00a0\u00bb4.16&Prime; _module_preset=\u00a0\u00bbdefault\u00a0\u00bb global_colors_info=\u00a0\u00bb{}\u00a0\u00bb][et_pb_column type=\u00a0\u00bb4_4&Prime; _builder_version=\u00a0\u00bb4.16&Prime; _module_preset=\u00a0\u00bbdefault\u00a0\u00bb global_colors_info=\u00a0\u00bb{}\u00a0\u00bb][et_pb_text _builder_version=\u00a0\u00bb4.27.4&Prime; _module_preset=\u00a0\u00bbdefault\u00a0\u00bb global_colors_info=\u00a0\u00bb{}\u00a0\u00bb]<\/p>\n<p><span style=\"color: #333399; font-size: 14pt;\"><strong><em>Modalit\u00e9s d&rsquo;inscriptions &#8211; du Lundi 6 janvier 2025 au mercredi 26 f\u00e9vrier 2025 (17h)<\/em><\/strong><\/span><\/p>\n<p><em><strong>Les professeurs de math\u00e9matiques sont en charge des inscriptions des \u00e9l\u00e8ves des classes de leur \u00e9tablissement.<br \/><\/strong><\/em><strong><em>Il est important d\u2019effectuer les inscriptions sans attendre l\u2019\u00e9ch\u00e9ance des inscriptions.<\/em><\/strong><br \/><a href=\"https:\/\/www.pedagogie.ac-nice.fr\/mathematiques\/wp-content\/uploads\/sites\/30\/2023\/12\/circulaire-OLYMP-MATHS-2024.pdf\" target=\"_blank\" rel=\"noopener\"><strong><em>-&gt; t\u00e9l\u00e9charger la circulaire d&rsquo;inscription du DEC de l&rsquo;acad\u00e9mie de Nice<\/em><\/strong><\/a><\/p>\n<p style=\"text-align: center;\"><strong><span style=\"font-size: 14pt;\">&#8211; Pr\u00e9-requis pour l\u2019inscription des \u00e9l\u00e8ves via la plate-forme Olympiades sous Esterel &#8211;<\/span><br \/><\/strong><\/p>\n<div class='et-box et-info'>\n\t\t\t\t\t<div class='et-box-content'><span style=\"color: #000080;\"><em>Un pr\u00e9-requis indispensable pour visualiser les \u00e9l\u00e8ves dans l&rsquo;application est l&rsquo;alimentation des groupes dans Siecle BEE avec vos \u00e9l\u00e8ves g\u00e9r\u00e9s dans votre logiciel priv\u00e9 (Pronote,&#8230;).<\/em><\/span><\/p>\n<p><span style=\"color: #000080;\"><em>A partir de votre logiciel priv\u00e9, vous devez utiliser le menu Imports\/Exports &gt; SIECLE &gt; Exporter les liens \u00e9l\u00e8ves\/groupes. Cette op\u00e9ration doit g\u00e9n\u00e9rer un fichier.<\/em><\/span><\/p>\n<p><span style=\"color: #000080;\"><em>Ce fichier doit \u00eatre import\u00e9 \u00e0 partir de Siecle BEE menu \u00ab\u00a0Importations &gt; Liens \u00e9l\u00e8ves-groupe depuis logiciel priv\u00e9\u00a0\u00bb. Une fois cet import effectu\u00e9, il faut attendre le lendemain pour que la prise en compte des changements soit effective.<\/em><\/span><\/div><\/div>\n<p>Il est \u00e0 noter que les professeurs affect\u00e9s dans un \u00e9tablissement \u00e0 Monaco n\u2019ont pas acc\u00e8s \u00e0 l\u2019application. Un lien vers un <strong>questionnaire d\u2019inscription en ligne<\/strong> vous sera adress\u00e9 par mel prochainement.<br \/><strong>Il est conseill\u00e9 de ne pas attendre l\u2019\u00e9ch\u00e9ance d\u2019inscription pour effectuer la demande<\/strong>.<\/p>\n<p style=\"text-align: center;\"><strong><span style=\"font-size: 14pt;\">&#8211; Acc\u00e8der \u00e0 l\u2019application Olympiades &#8211;<\/span><br \/><\/strong><\/p>\n<p>Les professeurs acc\u00e8deront \u00e0 l\u2019application Olympiades sous Esterel&nbsp;: <a href=\"http:\/\/esterel.ac-nice.fr\">http:\/\/esterel.ac-nice.fr<\/a><\/p>\n<div class='et-box et-info'>\n\t\t\t\t\t<div class='et-box-content'><span style=\"color: #000080;\">L\u2019authentification \u00e0 Esterel s\u2019effectue \u00e0 l\u2019aide de votre mot de passe de messagerie acad\u00e9mique&nbsp;:<\/span><\/p>\n<ul>\n<li><span style=\"color: #000080;\">Choisir le sous menu \u00ab&nbsp;Examens et Concours&nbsp;\u00bb<\/span><\/li>\n<li><span style=\"color: #000080;\">Choisir l\u2019ic\u00f4ne \u00ab Olympiades \u00bb<\/span><\/li>\n<li><span style=\"color: #000080;\">Cliquer sur \u00ab inscrire mes \u00e9l\u00e8ves \u00bb<\/span><\/li>\n<\/ul>\n<p><span style=\"color: #000080;\">Vous pouvez choisir le type d\u2019inscription \u00ab individuel \u00bb ou \u00ab en \u00e9quipe \u00bb.<\/span><\/p>\n<p><span style=\"color: #000080;\"><strong>En individuel :<\/strong> la liste de vos \u00e9l\u00e8ves apparait alors, il vous suffit de cocher les candidats \u00e0 inscrire puis valider leurs inscriptions en cliquant sur \u00ab inscrire mes \u00e9l\u00e8ves \u00bb.<\/span><\/p>\n<p><span style=\"color: #000080;\"><strong>En \u00e9quipe :<\/strong> Une \u00e9quipe est constitu\u00e9e d\u2019\u00e9l\u00e8ves issus d\u2019une m\u00eame voie.<\/span><span style=\"color: #000080;\">Autrement dit, peuvent constituer une \u00e9quipe<\/span><span style=\"color: #000080;\">&nbsp;&#8211; 2 ou 3 \u00e9l\u00e8ves de premi\u00e8re de la voie technologique<\/span><span style=\"color: #000080;\">&nbsp;&#8211; 2 ou 3 \u00e9l\u00e8ves de premi\u00e8re de la voie g\u00e9n\u00e9rale ayant suivi l\u2019enseignement de sp\u00e9cialit\u00e9 \u00ab math\u00e9matiques \u00bb<\/span><span style=\"color: #000080;\">&nbsp;&#8211; 2 ou 3 \u00e9l\u00e8ves de premi\u00e8re de la voie g\u00e9n\u00e9rale n\u2019ayant pas suivi l\u2019enseignement de sp\u00e9cialit\u00e9 \u00ab math\u00e9matiques \u00bb<\/span><\/p>\n<p style=\"padding-left: 40px;\"><span style=\"color: #000080;\">&nbsp;<strong>1er cas :<\/strong> l\u2019\u00e9quipe est form\u00e9e d\u2019\u00e9l\u00e8ves de vos classes ou de vos groupe-classes La liste de vos \u00e9l\u00e8ves apparait et il vous suffit de cocher les candidats \u00e0 inscrire par \u00e9quipe puis de valider leurs inscriptions en cliquant sur \u00ab inscrire mes \u00e9l\u00e8ves \u00bb<\/span><\/p>\n<p style=\"padding-left: 40px;\"><span style=\"color: #000080;\"><strong>2\u00e8me cas :<\/strong> l\u2019\u00e9quipe est constitu\u00e9e d\u2019\u00e9l\u00e8ves de votre classe ainsi que d\u2019\u00e9l\u00e8ves qui ne sont pas sous votre responsabilit\u00e9. Vous cochez le ou les \u00e9l\u00e8ve(s) de votre classe. Pour rajouter un \u00e9l\u00e8ve d\u2019une autre classe, vous devez taper les trois premi\u00e8res lettres du nom de famille de cet \u00e9l\u00e8ve dans la barre de recherche. Vous s\u00e9lectionnez alors l\u2019\u00e9l\u00e8ve au sein de l\u2019\u00e9quipe puis validez l\u2019inscription de l\u2019\u00e9quipe en cliquant sur \u00ab inscrire l\u2019\u00e9quipe \u00bb<\/span><\/p>\n<p><span style=\"color: #000080;\">Dans les deux cas, les \u00e9l\u00e8ves d\u00e9j\u00e0 inscrits sont alors gris\u00e9s, vous ne pourrez pas les inscrire \u00e0 nouveau. Si une modification doit \u00eatre effectu\u00e9e sur le \u00ab type d\u2019inscription \u00bb il faudra alors d\u00e9sinscrire le candidat et l\u2019inscrire \u00e0 nouveau.<\/span><\/p>\n<p><span style=\"color: #000080;\">Merci de bien vouloir vous reporter \u00e0 la documentation disponible dans \u2018onglet \u00ab aide \u00bb en haut de l\u2019\u00e9cran.<\/span><span style=\"color: #000080;\">En cas de difficult\u00e9 pour inscrire, veuillez contacter le plus rapidement possible Madame&nbsp; Morin&nbsp; <u>(<\/u><u><a style=\"color: #000080;\" href=\"mailto:sylvie.morinl@ac-nice.fr\">sylvie.morinl@ac-nice.fr<\/a>)<\/u>.<\/span><span style=\"color: #000080;\">Il ne sera pas possible de modifier le type d\u2019inscription au-del\u00e0 de la cl\u00f4ture des inscriptions.<\/span><\/div><\/div>\n<p>&nbsp;<\/p>\n<p>[\/et_pb_text][\/et_pb_column][\/et_pb_row][et_pb_row _builder_version=\u00a0\u00bb4.16&Prime; _module_preset=\u00a0\u00bbdefault\u00a0\u00bb global_colors_info=\u00a0\u00bb{}\u00a0\u00bb][et_pb_column type=\u00a0\u00bb4_4&Prime; _builder_version=\u00a0\u00bb4.16&Prime; _module_preset=\u00a0\u00bbdefault\u00a0\u00bb global_colors_info=\u00a0\u00bb{}\u00a0\u00bb][et_pb_text _builder_version=\u00a0\u00bb4.27.4&Prime; _module_preset=\u00a0\u00bbdefault\u00a0\u00bb global_colors_info=\u00a0\u00bb{}\u00a0\u00bb]<\/p>\n<p><span style=\"font-size: 14pt;\"><em><strong><span style=\"color: #333399;\">Modalit\u00e9s de participation<\/span> <\/strong><\/em><\/span><\/p>\n<p>Les Olympiades de Math\u00e9matiques se composent de <strong>deux parties de deux heures chacune le m\u00eame jour<\/strong>. Les deux parties sont indissociables et s\u00e9par\u00e9es d&rsquo;un interm\u00e8de de dix minutes. Les sujets sont distribu\u00e9s au d\u00e9but de chacune des parties, de sorte qu&rsquo;il n&rsquo;est pas possible de travailler sur les \u00e9nonc\u00e9s d&rsquo;une partie pendant l&rsquo;autre. Les copies correspondant \u00e0 la premi\u00e8re partie sont d\u00e9finitivement relev\u00e9es \u00e0 l&rsquo;issue de celle-ci.<\/p>\n<p>Les Olympiades de Math\u00e9matiques portent sur les programmes des classes de coll\u00e8ge, de seconde g\u00e9n\u00e9rale et technologique, et de premi\u00e8re (programme de math\u00e9matiques de la voie technologique ou enseignement de sp\u00e9cialit\u00e9 math\u00e9matiques de la voie g\u00e9n\u00e9rale).<\/p>\n<p><strong>La premi\u00e8re partie de l&rsquo;\u00e9preuve (8h00-10h00) <\/strong>comprend deux exercices nationaux que le candidat r\u00e9sout Le premier exercice est commun \u00e0 tous les \u00e9l\u00e8ves: il s&rsquo;appuie sur le programme du coll\u00e8ge et celui de la seconde G\u00e9n\u00e9rale et Technologique. Le deuxi\u00e8me exercice national est sp\u00e9cifique du choix d&rsquo;orientation de l&rsquo;\u00e9l\u00e8ve: un exercice pour les \u00e9l\u00e8ves ayant choisi l&rsquo;enseignement de sp\u00e9cialit\u00e9\u00ab math\u00e9matiques\u00bb dans la voie g\u00e9n\u00e9rale, un exercice pour les \u00e9l\u00e8ves de la voie technologique. Les \u00e9l\u00e8ves de la voie g\u00e9n\u00e9rale n&rsquo;ayant pas choisi la sp\u00e9cialit\u00e9\u00ab math\u00e9matiques\u00bb pourront concourir avec les \u00e9l\u00e8ves de la voie technologique.<strong><br \/><\/strong><\/p>\n<p><strong>La seconde partie de l\u2019\u00e9preuve (10H10-12H10) <\/strong>comprend deux exercices \u00e9labor\u00e9s par la cellule acad\u00e9mique: ces deux exercices peuvent \u00eatre r\u00e9solus <strong>individuellement ou bien en \u00e9quipe (si possible, mixte) de 2 ou 3 \u00e9l\u00e8ves issus d&rsquo;une m\u00eame voie et d&rsquo;un m\u00eame \u00e9tablissement. <\/strong>Chaque \u00e9quipe ne rend qu&rsquo;une seule copie. Les sujets seront diff\u00e9rents selon le mode de passation et selon la voie (g\u00e9n\u00e9rale avec enseignement de sp\u00e9cialit\u00e9 \u00abmath\u00e9matiques\u00bb, g\u00e9n\u00e9rale sans enseignement de sp\u00e9cialit\u00e9 \u00abmath\u00e9matiques\u00bb et technologique). Les classements des candidats tiendront compte des diff\u00e9rentes voies et du type de passation de l&rsquo;\u00e9preuve.<\/p>\n<p><strong>Les calculatrices sont autoris\u00e9es selon la r\u00e9glementation en vigueur.<\/strong><\/p>\n<p>[\/et_pb_text][\/et_pb_column][\/et_pb_row][et_pb_row _builder_version=\u00a0\u00bb4.16&Prime; _module_preset=\u00a0\u00bbdefault\u00a0\u00bb global_colors_info=\u00a0\u00bb{}\u00a0\u00bb][et_pb_column type=\u00a0\u00bb4_4&Prime; _builder_version=\u00a0\u00bb4.16&Prime; _module_preset=\u00a0\u00bbdefault\u00a0\u00bb global_colors_info=\u00a0\u00bb{}\u00a0\u00bb][et_pb_image src=\u00a0\u00bbhttps:\/\/www.pedagogie.ac-nice.fr\/mathematiques\/wp-content\/uploads\/sites\/30\/2023\/12\/Sans-titre-3.jpg\u00a0\u00bb title_text=\u00a0\u00bbSans titre 3&Prime; _builder_version=\u00a0\u00bb4.16&Prime; _module_preset=\u00a0\u00bbdefault\u00a0\u00bb global_colors_info=\u00a0\u00bb{}\u00a0\u00bb][\/et_pb_image][\/et_pb_column][\/et_pb_row][\/et_pb_section]<\/p>\n","protected":false},"excerpt":{"rendered":"<p>Toutes les informations nationales sont disponibles sur le portail \u00e9duscol.Les 25\u00e8mes Olympiades de math\u00e9matiques se d\u00e9rouleront cette ann\u00e9e le mercredi 19&nbsp;mars 2025 au matin (de 8 h 00 \u00e0 12 h 10). Elles cl\u00f4tureront la 13\u00e8me \u00abSemaine des math\u00e9matiques\u00bb, qui se tiendra du mercredi 10 mars au mercredi 19 mars 2025 sur le th\u00e8me \u00ab\u00a0Maths [&hellip;]<\/p>\n","protected":false},"author":202,"featured_media":0,"comment_status":"closed","ping_status":"closed","sticky":false,"template":"","format":"standard","meta":{"_et_pb_use_builder":"on","_et_pb_old_content":"","_et_gb_content_width":"","ngg_post_thumbnail":0,"footnotes":""},"categories":[1,157],"tags":[],"class_list":["post-12493","post","type-post","status-publish","format-standard","hentry","category-non-classe","category-olympiades","et-doesnt-have-format-content","et_post_format-et-post-format-standard"],"rttpg_featured_image_url":null,"rttpg_author":{"display_name":"admin","author_link":"https:\/\/www.pedagogie.ac-nice.fr\/mathematiques\/author\/opilorget\/"},"rttpg_comment":0,"rttpg_category":"<a href=\"https:\/\/www.pedagogie.ac-nice.fr\/mathematiques\/category\/non-classe\/\" rel=\"category tag\">Non class\u00e9<\/a> <a href=\"https:\/\/www.pedagogie.ac-nice.fr\/mathematiques\/category\/culture-mathematique\/rallyes-et-concours\/olympiades\/\" rel=\"category tag\">Olympiades<\/a>","rttpg_excerpt":"Toutes les informations nationales sont disponibles sur le portail \u00e9duscol.Les 25\u00e8mes Olympiades de math\u00e9matiques se d\u00e9rouleront cette ann\u00e9e le mercredi 19&nbsp;mars 2025 au matin (de 8 h 00 \u00e0 12 h 10). Elles cl\u00f4tureront la 13\u00e8me \u00abSemaine des math\u00e9matiques\u00bb, qui se tiendra du mercredi 10 mars au mercredi 19 mars 2025 sur le th\u00e8me \"Maths\u2026","post_mailing_queue_ids":[],"_links":{"self":[{"href":"https:\/\/www.pedagogie.ac-nice.fr\/mathematiques\/wp-json\/wp\/v2\/posts\/12493","targetHints":{"allow":["GET"]}}],"collection":[{"href":"https:\/\/www.pedagogie.ac-nice.fr\/mathematiques\/wp-json\/wp\/v2\/posts"}],"about":[{"href":"https:\/\/www.pedagogie.ac-nice.fr\/mathematiques\/wp-json\/wp\/v2\/types\/post"}],"author":[{"embeddable":true,"href":"https:\/\/www.pedagogie.ac-nice.fr\/mathematiques\/wp-json\/wp\/v2\/users\/202"}],"replies":[{"embeddable":true,"href":"https:\/\/www.pedagogie.ac-nice.fr\/mathematiques\/wp-json\/wp\/v2\/comments?post=12493"}],"version-history":[{"count":9,"href":"https:\/\/www.pedagogie.ac-nice.fr\/mathematiques\/wp-json\/wp\/v2\/posts\/12493\/revisions"}],"predecessor-version":[{"id":12507,"href":"https:\/\/www.pedagogie.ac-nice.fr\/mathematiques\/wp-json\/wp\/v2\/posts\/12493\/revisions\/12507"}],"wp:attachment":[{"href":"https:\/\/www.pedagogie.ac-nice.fr\/mathematiques\/wp-json\/wp\/v2\/media?parent=12493"}],"wp:term":[{"taxonomy":"category","embeddable":true,"href":"https:\/\/www.pedagogie.ac-nice.fr\/mathematiques\/wp-json\/wp\/v2\/categories?post=12493"},{"taxonomy":"post_tag","embeddable":true,"href":"https:\/\/www.pedagogie.ac-nice.fr\/mathematiques\/wp-json\/wp\/v2\/tags?post=12493"}],"curies":[{"name":"wp","href":"https:\/\/api.w.org\/{rel}","templated":true}]}}