{"id":14255,"date":"2026-04-26T18:03:35","date_gmt":"2026-04-26T16:03:35","guid":{"rendered":"https:\/\/www.pedagogie.ac-nice.fr\/mathematiques\/?p=14255"},"modified":"2026-04-26T18:06:54","modified_gmt":"2026-04-26T16:06:54","slug":"le-palmares-academique-des-olympiades-2026","status":"publish","type":"post","link":"https:\/\/www.pedagogie.ac-nice.fr\/mathematiques\/le-palmares-academique-des-olympiades-2026\/","title":{"rendered":"Le palmar\u00e8s acad\u00e9mique des olympiades 2026"},"content":{"rendered":"<p>[et_pb_section fb_built=\u00a0\u00bb1&Prime; _builder_version=\u00a0\u00bb4.16&Prime; _module_preset=\u00a0\u00bbdefault\u00a0\u00bb locked=\u00a0\u00bboff\u00a0\u00bb global_colors_info=\u00a0\u00bb{}\u00a0\u00bb][et_pb_row column_structure=\u00a0\u00bb1_4,3_4&Prime; _builder_version=\u00a0\u00bb4.16&Prime; _module_preset=\u00a0\u00bbdefault\u00a0\u00bb global_colors_info=\u00a0\u00bb{}\u00a0\u00bb][et_pb_column type=\u00a0\u00bb1_4&Prime; _builder_version=\u00a0\u00bb4.16&Prime; _module_preset=\u00a0\u00bbdefault\u00a0\u00bb global_colors_info=\u00a0\u00bb{}\u00a0\u00bb][et_pb_image src=\u00a0\u00bbhttps:\/\/www.pedagogie.ac-nice.fr\/mathematiques\/wp-content\/uploads\/sites\/30\/2026\/01\/affiche-des-olympiades-de-mathematiques-2026pdf-113409.jpg\u00a0\u00bb title_text=\u00a0\u00bbaffiche-des-olympiades-de-mathematiques-2026pdf-113409&Prime; _builder_version=\u00a0\u00bb4.27.4&Prime; _module_preset=\u00a0\u00bbdefault\u00a0\u00bb border_width_all=\u00a0\u00bb2px\u00a0\u00bb border_color_all=\u00a0\u00bb#d3d3d3&Prime; global_colors_info=\u00a0\u00bb{}\u00a0\u00bb][\/et_pb_image][\/et_pb_column][et_pb_column type=\u00a0\u00bb3_4&Prime; _builder_version=\u00a0\u00bb4.16&Prime; _module_preset=\u00a0\u00bbdefault\u00a0\u00bb global_colors_info=\u00a0\u00bb{}\u00a0\u00bb][et_pb_text _builder_version=\u00a0\u00bb4.27.4&Prime; _module_preset=\u00a0\u00bbdefault\u00a0\u00bb module_alignment=\u00a0\u00bbcenter\u00a0\u00bb hover_enabled=\u00a0\u00bb0&Prime; global_colors_info=\u00a0\u00bb{}\u00a0\u00bb sticky_enabled=\u00a0\u00bb0&Prime;]<\/p>\n<p><span style=\"font-size: 14pt;\">&nbsp;Les <strong>26\u00e8mes <\/strong><strong>Olympiades de math\u00e9matiques<\/strong> se sont d\u00e9roul\u00e9es cette ann\u00e9e le <strong>mercredi <\/strong><strong>18 <\/strong><strong>mars <\/strong><strong>2026 <\/strong>au matin.<br \/>Bravo aux plus de 833 candidats de l&rsquo;acad\u00e9mie de Nice !<br \/><\/span><br \/><em><span style=\"font-size: 14pt;\">Toutes <strong>les informations nationales<\/strong> sont disponibles sur le portail <a href=\"https:\/\/eduscol.education.fr\/3433\/olympiades-nationales-de-mathematiques\">\u00e9duscol.<\/a><\/span><\/em><\/p>\n<p><a href=\"https:\/\/www.pedagogie.ac-nice.fr\/mathematiques\/les-sujets-et-corriges-des-olympiades-de-mathematiques-2026\/\"><span style=\"font-size: 14pt;\">-&gt; Les <strong>sujets<\/strong> et les <strong><span style=\"font-size: 14pt;\">corrig\u00e9s des 26\u00e8mes Olympiades de math\u00e9matiques .<\/span><\/strong><\/span><\/a><\/p>\n<p>[\/et_pb_text][\/et_pb_column][\/et_pb_row][\/et_pb_section][et_pb_section fb_built=\u00a0\u00bb1&Prime; _builder_version=\u00a0\u00bb4.16&Prime; _module_preset=\u00a0\u00bbdefault\u00a0\u00bb locked=\u00a0\u00bboff\u00a0\u00bb global_colors_info=\u00a0\u00bb{}\u00a0\u00bb][et_pb_row _builder_version=\u00a0\u00bb4.16&Prime; _module_preset=\u00a0\u00bbdefault\u00a0\u00bb global_colors_info=\u00a0\u00bb{}\u00a0\u00bb][et_pb_column type=\u00a0\u00bb4_4&Prime; _builder_version=\u00a0\u00bb4.16&Prime; _module_preset=\u00a0\u00bbdefault\u00a0\u00bb global_colors_info=\u00a0\u00bb{}\u00a0\u00bb][et_pb_text _builder_version=\u00a0\u00bb4.27.4&Prime; _module_preset=\u00a0\u00bbdefault\u00a0\u00bb background_color=\u00a0\u00bb#d3d3d3&Prime; custom_margin=\u00a0\u00bb||||false|false\u00a0\u00bb custom_padding=\u00a0\u00bb10px||||false|false\u00a0\u00bb global_colors_info=\u00a0\u00bb{}\u00a0\u00bb]<\/p>\n<h2 style=\"text-align: center;\"><span style=\"font-size: 18pt; color: #000080;\">Le palmar\u00e8s acad\u00e9mique<\/span><\/h2>\n<p style=\"text-align: center;\"><span style=\"font-size: 14pt;\"><strong><span style=\"color: #000080;\">&#8211; Session 2026 &#8211;<\/span><\/strong><\/span><\/p>\n<p>[\/et_pb_text][et_pb_text _builder_version=\u00a0\u00bb4.27.4&Prime; _module_preset=\u00a0\u00bbdefault\u00a0\u00bb custom_margin=\u00a0\u00bb||||false|false\u00a0\u00bb custom_padding=\u00a0\u00bb30px||||false|false\u00a0\u00bb global_colors_info=\u00a0\u00bb{}\u00a0\u00bb]<\/p>\n<p><span style=\"font-size: 12pt;\">-&gt; <a href=\"https:\/\/www.pedagogie.ac-nice.fr\/mathematiques\/wp-content\/uploads\/sites\/30\/2026\/04\/Palmares_academie-de-Nice_2026_classement-alphabetique-Vdef.pdf\"><strong>Palmar\u00e8s acad\u00e9mique par lettre alphab\u00e9tique<\/strong>&nbsp;<\/a><\/span><\/p>\n<p><span style=\"font-size: 12pt;\">-&gt; <strong>Palmar\u00e8s acad\u00e9mique au m\u00e9rite<\/strong><em> (le palmar\u00e8s au m\u00e9rite paraitra le <span id=\"OBJ_PREFIX_DWT450_com_zimbra_date\" class=\"Object\" role=\"link\"><span id=\"OBJ_PREFIX_DWT459_com_zimbra_date\" class=\"Object-active\" role=\"link\">9 juin 2026<\/span><\/span>)<\/em><\/span><\/p>\n<p><span style=\"font-size: 12pt;\">-&gt; <a href=\"https:\/\/www.pedagogie.ac-nice.fr\/mathematiques\/wp-content\/uploads\/sites\/30\/2026\/04\/Palmares_academie-de-Nice_2026_copies-selectionnees-pour-le-jury-national_partie-nationale.pdf\"><strong>Meilleures copies s\u00e9lectionn\u00e9es sur la partie nationale de l&rsquo;\u00e9preuve par le jury acad\u00e9mique<\/strong> et transmises au jury national&nbsp;<\/a><\/span><\/p>\n<p><span style=\"font-size: 12pt;\">-&gt; <a href=\"https:\/\/www.pedagogie.ac-nice.fr\/mathematiques\/wp-content\/uploads\/sites\/30\/2026\/04\/Palmares_academie-de-Nice_2026_copies-selectionnees-pour-le-jury-national.pdf\"><strong>Meilleures copies des \u00e9quipes sur la partie acad\u00e9mique de l&rsquo;\u00e9preuve<\/strong> et transmises au jury national&nbsp;<\/a><\/span><\/p>\n<p><span style=\"font-size: 12pt;\">-&gt; <strong>Palmar\u00e8s national des laur\u00e9ats acad\u00e9miques au m\u00e9rite<\/strong>&nbsp; <\/span><\/p>\n<p>[\/et_pb_text][\/et_pb_column][\/et_pb_row][et_pb_row _builder_version=\u00a0\u00bb4.16&Prime; _module_preset=\u00a0\u00bbdefault\u00a0\u00bb global_colors_info=\u00a0\u00bb{}\u00a0\u00bb][et_pb_column type=\u00a0\u00bb4_4&Prime; _builder_version=\u00a0\u00bb4.16&Prime; _module_preset=\u00a0\u00bbdefault\u00a0\u00bb global_colors_info=\u00a0\u00bb{}\u00a0\u00bb][et_pb_image src=\u00a0\u00bbhttps:\/\/www.pedagogie.ac-nice.fr\/mathematiques\/wp-content\/uploads\/sites\/30\/2025\/06\/Capture-decran-2025-06-06-095304.jpg\u00a0\u00bb title_text=\u00a0\u00bbCapture d\u2019\u00e9cran 2025-06-06 095304&Prime; _builder_version=\u00a0\u00bb4.27.4&Prime; _module_preset=\u00a0\u00bbdefault\u00a0\u00bb global_colors_info=\u00a0\u00bb{}\u00a0\u00bb][\/et_pb_image][\/et_pb_column][\/et_pb_row][\/et_pb_section]<\/p>\n","protected":false},"excerpt":{"rendered":"<p>&nbsp;Les 26\u00e8mes Olympiades de math\u00e9matiques se sont d\u00e9roul\u00e9es cette ann\u00e9e le mercredi 18 mars 2026 au matin.Bravo aux plus de 833 candidats de l&rsquo;acad\u00e9mie de Nice !Toutes les informations nationales sont disponibles sur le portail \u00e9duscol. -&gt; Les sujets et les corrig\u00e9s des 26\u00e8mes Olympiades de math\u00e9matiques .Le palmar\u00e8s acad\u00e9mique &#8211; Session 2026 &#8211;&gt; Palmar\u00e8s [&hellip;]<\/p>\n","protected":false},"author":202,"featured_media":0,"comment_status":"closed","ping_status":"closed","sticky":false,"template":"","format":"standard","meta":{"_et_pb_use_builder":"on","_et_pb_old_content":"","_et_gb_content_width":"","ngg_post_thumbnail":0,"footnotes":""},"categories":[157],"tags":[],"class_list":["post-14255","post","type-post","status-publish","format-standard","hentry","category-olympiades","et-doesnt-have-format-content","et_post_format-et-post-format-standard"],"rttpg_featured_image_url":null,"rttpg_author":{"display_name":"admin","author_link":"https:\/\/www.pedagogie.ac-nice.fr\/mathematiques\/author\/opilorget\/"},"rttpg_comment":0,"rttpg_category":"<a href=\"https:\/\/www.pedagogie.ac-nice.fr\/mathematiques\/category\/culture-mathematique\/rallyes-et-concours\/olympiades\/\" rel=\"category tag\">Olympiades<\/a>","rttpg_excerpt":"&nbsp;Les 26\u00e8mes Olympiades de math\u00e9matiques se sont d\u00e9roul\u00e9es cette ann\u00e9e le mercredi 18 mars 2026 au matin.Bravo aux plus de 833 candidats de l'acad\u00e9mie de Nice !Toutes les informations nationales sont disponibles sur le portail \u00e9duscol. -&gt; Les sujets et les corrig\u00e9s des 26\u00e8mes Olympiades de math\u00e9matiques .Le palmar\u00e8s acad\u00e9mique - Session 2026 --&gt; Palmar\u00e8s\u2026","post_mailing_queue_ids":[],"_links":{"self":[{"href":"https:\/\/www.pedagogie.ac-nice.fr\/mathematiques\/wp-json\/wp\/v2\/posts\/14255","targetHints":{"allow":["GET"]}}],"collection":[{"href":"https:\/\/www.pedagogie.ac-nice.fr\/mathematiques\/wp-json\/wp\/v2\/posts"}],"about":[{"href":"https:\/\/www.pedagogie.ac-nice.fr\/mathematiques\/wp-json\/wp\/v2\/types\/post"}],"author":[{"embeddable":true,"href":"https:\/\/www.pedagogie.ac-nice.fr\/mathematiques\/wp-json\/wp\/v2\/users\/202"}],"replies":[{"embeddable":true,"href":"https:\/\/www.pedagogie.ac-nice.fr\/mathematiques\/wp-json\/wp\/v2\/comments?post=14255"}],"version-history":[{"count":7,"href":"https:\/\/www.pedagogie.ac-nice.fr\/mathematiques\/wp-json\/wp\/v2\/posts\/14255\/revisions"}],"predecessor-version":[{"id":14269,"href":"https:\/\/www.pedagogie.ac-nice.fr\/mathematiques\/wp-json\/wp\/v2\/posts\/14255\/revisions\/14269"}],"wp:attachment":[{"href":"https:\/\/www.pedagogie.ac-nice.fr\/mathematiques\/wp-json\/wp\/v2\/media?parent=14255"}],"wp:term":[{"taxonomy":"category","embeddable":true,"href":"https:\/\/www.pedagogie.ac-nice.fr\/mathematiques\/wp-json\/wp\/v2\/categories?post=14255"},{"taxonomy":"post_tag","embeddable":true,"href":"https:\/\/www.pedagogie.ac-nice.fr\/mathematiques\/wp-json\/wp\/v2\/tags?post=14255"}],"curies":[{"name":"wp","href":"https:\/\/api.w.org\/{rel}","templated":true}]}}