{"id":2941,"date":"2021-04-01T19:10:46","date_gmt":"2021-04-01T17:10:46","guid":{"rendered":"https:\/\/www.pedagogie.ac-nice.fr\/mathematiques\/?p=2941"},"modified":"2021-04-04T10:25:02","modified_gmt":"2021-04-04T08:25:02","slug":"bilans-de-connaissances-et-de-competences-au-lycee","status":"publish","type":"post","link":"https:\/\/www.pedagogie.ac-nice.fr\/mathematiques\/bilans-de-connaissances-et-de-competences-au-lycee\/","title":{"rendered":"Bilans de connaissances et de comp\u00e9tences au lyc\u00e9e &#8211; Maj du 05\/10\/2020"},"content":{"rendered":"<p>Le Groupe de R\u00e9flexion Acad\u00e9mique Lyc\u00e9e (GRAL) de l&rsquo;acad\u00e9mie de Nice ainsi que le Groupe Num\u00e9rique Disciplinaire (GND) proposent des bilans de connaissances et de comp\u00e9tences pour les niveaux de Seconde, Premi\u00e8re Enseignement de Sp\u00e9cialit\u00e9 math\u00e9matiques et Premi\u00e8re voie Technologique. Chaque bilan correspond \u00e0 un th\u00e8me d&rsquo;une partie du programme en vigueur.<br \/>\nCes bilans permettent \u00e0 chaque \u00e9l\u00e8ve de faire le point sur ses connaissances et ses comp\u00e9tences, en fin d&rsquo;ann\u00e9e scolaire 2019\/2020 ou bien en d\u00e9but d&rsquo;ann\u00e9e scolaire 2020\/2021.<br \/>\nCertains bilans peuvent \u00eatre faits en utilisant un <strong><span style=\"color: #ff6600;\">parcours<\/span><\/strong> <strong><em><span style=\"color: #ff6600;\">Moodle<\/span><\/em><\/strong>. Vous trouverez donc \u00e9galement ci-dessous des parcours Moodle directement utilisables. Les fichiers ZIP propos\u00e9s comportent \u00e0 chaque fois une description du parcours, un document XML (le parcours en lui-m\u00eame) ainsi que la proc\u00e9dure pour importer les questions dans Moodle.<\/p>\n<p>&nbsp;<\/p>\n<p><img loading=\"lazy\" decoding=\"async\" class=\" wp-image-3228 alignleft\" src=\"https:\/\/www.pedagogie.ac-nice.fr\/mathematiques\/wp-content\/uploads\/sites\/30\/2020\/09\/brochbilanslyceephoto.jpg\" alt=\"\" width=\"134\" height=\"184\" srcset=\"https:\/\/www.pedagogie.ac-nice.fr\/mathematiques\/wp-content\/uploads\/sites\/30\/2020\/09\/brochbilanslyceephoto.jpg 316w, https:\/\/www.pedagogie.ac-nice.fr\/mathematiques\/wp-content\/uploads\/sites\/30\/2020\/09\/brochbilanslyceephoto-218x300.jpg 218w, https:\/\/www.pedagogie.ac-nice.fr\/mathematiques\/wp-content\/uploads\/sites\/30\/2020\/09\/brochbilanslyceephoto-109x150.jpg 109w\" sizes=\"(max-width: 134px) 100vw, 134px\" \/><span style=\"font-size: 12pt;\"><strong>Bilans de connaissances et de comp\u00e9tences en math\u00e9matiques au lyc\u00e9e<\/strong><\/span><\/p>\n<p>La brochure acad\u00e9mique <a href=\"https:\/\/www.pedagogie.ac-nice.fr\/mathematiques\/wp-content\/uploads\/sites\/30\/2020\/10\/Brochure-BILANS-ATTENDUS-FIN-ANNEE-Groupe-de-Reflexion-Academique-Lycee_maths-2019-2020_V8.pdf\" target=\"_blank\" rel=\"noopener noreferrer\">\u00ab\u00a0Bilans de connaissances et de comp\u00e9tences en math\u00e9matiques au lyc\u00e9e\u00a0\u00bb <\/a>regroupe en un seul fichier tous les bilans \u00e9labor\u00e9s par le G.R.A.L. pour les classes de Seconde, Premi\u00e8re Voie Technologique et Voie G\u00e9n\u00e9rale. Les liens figurant dans la brochure renvoient \u00e0 des dossiers zipp\u00e9s le cas \u00e9ch\u00e9ant.<\/p>\n<p>&nbsp;<\/p>\n<p>&nbsp;<\/p>\n<p>&nbsp;<\/p>\n<p style=\"text-align: center;\"><span style=\"font-size: 14pt;\"><strong>Niveau : Seconde GT<\/strong> <\/span><\/p>\n<table class=\" aligncenter\" style=\"height: 829px; width: 90.766%;\">\n<tbody>\n<tr style=\"height: 48px;\">\n<td style=\"vertical-align: middle; width: 32.8431%; border-style: solid; border-color: #b8b2b2; background-color: #ebe4e4; text-align: center; height: 48px;\" width=\"202\"><span style=\"font-size: 10pt;\"><strong>Partie du programme<\/strong><\/span><\/td>\n<td style=\"vertical-align: middle; width: 33.3333%; border-style: solid; border-color: #b8b2b2; background-color: #ebe4e4; text-align: center; height: 48px;\" width=\"205\"><span style=\"font-size: 10pt;\"><strong>Th\u00e8me<\/strong><\/span><\/td>\n<td style=\"vertical-align: middle; width: 41.1765%; border-style: solid; border-color: #b8b2b2; background-color: #ebe4e4; text-align: center; height: 48px;\" width=\"198\"><span style=\"font-size: 10pt;\"><strong>Bilan de connaissances et de comp\u00e9tences<\/strong><\/span><\/td>\n<\/tr>\n<tr style=\"height: 128px;\">\n<td style=\"vertical-align: middle; width: 32.8431%; border-style: solid; border-color: #b8b2b2; background-color: #ebe4e4; text-align: center; height: 128px;\" width=\"202\"><span style=\"font-size: 10pt;\">Nombres et calculs<\/span><\/td>\n<td style=\"vertical-align: middle; width: 33.3333%; border-style: solid; border-color: #b8b2b2; background-color: #ebe4e4; text-align: center; height: 128px;\" width=\"205\"><span style=\"font-size: 10pt;\">Entretien des automatismes de calcul (num\u00e9rique, comme litt\u00e9ral)<\/span><\/td>\n<td style=\"vertical-align: middle; width: 41.1765%; border-style: solid; border-color: #b8b2b2; background-color: #ebe4e4; text-align: center; height: 128px;\" width=\"198\"><em><a href=\"https:\/\/www.pedagogie.ac-nice.fr\/mathematiques\/wp-content\/uploads\/sites\/30\/2020\/05\/Automatismes_Nombres_et_Calculs-Secondes.pdf\" target=\"_blank\" rel=\"noopener noreferrer\"><span style=\"font-size: 10pt;\">Automatismes Nombres et Calculs<\/span><\/a><\/em><\/p>\n<p><em><span style=\"font-size: 10pt;\"><a href=\"https:\/\/www.pedagogie.ac-nice.fr\/mathematiques\/wp-content\/uploads\/sites\/30\/2020\/05\/Bilan_Nombres_et_Calculs-Secondes.pdf\" target=\"_blank\" rel=\"noopener noreferrer\">Manipuler les nombres r\u00e9els \u2013 Effectuer des<\/a> <\/span><span style=\"font-size: 10pt;\"><a href=\"https:\/\/www.pedagogie.ac-nice.fr\/mathematiques\/wp-content\/uploads\/sites\/30\/2020\/05\/Bilan_Nombres_et_Calculs-Secondes.pdf\" target=\"_blank\" rel=\"noopener noreferrer\">calculs num\u00e9riques ou litt\u00e9raux<\/a><\/span><\/em><\/td>\n<\/tr>\n<tr style=\"height: 24px;\">\n<td style=\"vertical-align: middle; width: 32.8431%; border-style: solid; border-color: #b8b2b2; background-color: #ebe4e4; text-align: center; height: 24px;\" width=\"202\"><span style=\"font-size: 10pt;\">Nombres et calculs<\/span><\/td>\n<td style=\"vertical-align: middle; width: 33.3333%; border-style: solid; border-color: #b8b2b2; background-color: #ebe4e4; text-align: center; height: 24px;\" width=\"205\"><span style=\"font-size: 10pt;\">Travail sur les in\u00e9galit\u00e9s<\/span><\/td>\n<td style=\"vertical-align: middle; width: 41.1765%; border-style: solid; border-color: #b8b2b2; background-color: #ebe4e4; text-align: center; height: 24px;\" width=\"198\"><em><a href=\"https:\/\/www.pedagogie.ac-nice.fr\/mathematiques\/wp-content\/uploads\/sites\/30\/2020\/05\/Travail-sur-les-in\u00e9galit\u00e9s.pdf\" target=\"_blank\" rel=\"noopener noreferrer\"><span style=\"font-size: 10pt;\">Travail sur les in\u00e9galit\u00e9s<\/span><\/a><\/em><\/td>\n<\/tr>\n<tr style=\"height: 72px;\">\n<td style=\"vertical-align: middle; width: 32.8431%; border-style: solid; border-color: #b8b2b2; background-color: #ebe4e4; text-align: center; height: 72px;\" width=\"202\"><span style=\"font-size: 10pt;\">G\u00e9om\u00e9trie<\/span><\/td>\n<td style=\"vertical-align: middle; width: 33.3333%; border-style: solid; border-color: #b8b2b2; background-color: #ebe4e4; text-align: center; height: 72px;\" width=\"205\"><span style=\"font-size: 10pt;\">Etude de la colin\u00e9arit\u00e9 de deux vecteurs dans le plan muni d\u2019un rep\u00e8re<\/span><\/td>\n<td style=\"vertical-align: middle; width: 41.1765%; border-style: solid; border-color: #b8b2b2; background-color: #ebe4e4; text-align: center; height: 72px;\" width=\"198\"><em><a href=\"https:\/\/www.pedagogie.ac-nice.fr\/mathematiques\/wp-content\/uploads\/sites\/30\/2020\/05\/BILAN-2-Colinearite-de-deux-vecteurs.pdf\" target=\"_blank\" rel=\"noopener noreferrer\"><span style=\"font-size: 10pt;\">Etude la colin\u00e9arit\u00e9 de deux vecteurs dans le plan muni d\u2019un rep\u00e8re<\/span><\/a><br \/>\n<a href=\"https:\/\/www.pedagogie.ac-nice.fr\/mathematiques\/wp-content\/uploads\/sites\/30\/2020\/06\/Seconde-Colinearite-de-deux-vecteurs.zip\" target=\"_blank\" rel=\"noopener noreferrer\"><span style=\"color: #ff6600;\"><strong>Bilan Moodle<\/strong><\/span><\/a><\/em><\/td>\n<\/tr>\n<tr style=\"height: 48px;\">\n<td style=\"vertical-align: middle; width: 32.8431%; border-style: solid; border-color: #b8b2b2; background-color: #ebe4e4; text-align: center; height: 48px;\" width=\"202\"><span style=\"font-size: 10pt;\">G\u00e9om\u00e9trie<\/span><\/td>\n<td style=\"vertical-align: middle; width: 33.3333%; border-style: solid; border-color: #b8b2b2; background-color: #ebe4e4; text-align: center; height: 48px;\" width=\"205\"><span style=\"font-size: 10pt;\">Ma\u00eetrise des \u00e9quations de droites<\/span><\/td>\n<td style=\"vertical-align: middle; width: 41.1765%; border-style: solid; border-color: #b8b2b2; background-color: #ebe4e4; text-align: center; height: 48px;\" width=\"198\"><em><a href=\"https:\/\/www.pedagogie.ac-nice.fr\/mathematiques\/wp-content\/uploads\/sites\/30\/2020\/05\/Bilan-EquationsDroites-Seconde.pdf\" target=\"_blank\" rel=\"noopener noreferrer\"><span style=\"font-size: 10pt;\">Equations de droites<\/span><\/a><br \/>\n<a href=\"https:\/\/www.pedagogie.ac-nice.fr\/mathematiques\/wp-content\/uploads\/sites\/30\/2020\/06\/Seconde-Equations-de-droites.zip\" target=\"_blank\" rel=\"noopener noreferrer\"><span style=\"color: #ff6600;\"><strong>Bilan Moodle<\/strong><\/span><\/a><\/em><\/td>\n<\/tr>\n<tr style=\"height: 24px;\">\n<td style=\"vertical-align: middle; width: 32.8431%; border-style: solid; border-color: #b8b2b2; background-color: #ebe4e4; text-align: center; height: 24px;\" width=\"202\"><span style=\"font-size: 10pt;\">Fonctions<\/span><\/td>\n<td style=\"vertical-align: middle; width: 33.3333%; border-style: solid; border-color: #b8b2b2; background-color: #ebe4e4; text-align: center; height: 24px;\" width=\"205\"><span style=\"font-size: 10pt;\">Etude des variations des fonctions<\/span><\/td>\n<td style=\"vertical-align: middle; width: 41.1765%; border-style: solid; border-color: #b8b2b2; background-color: #ebe4e4; text-align: center; height: 24px;\" width=\"198\"><em><a href=\"https:\/\/www.pedagogie.ac-nice.fr\/mathematiques\/wp-content\/uploads\/sites\/30\/2020\/05\/Bilan-VariationsFonctions-Seconde.pdf\" target=\"_blank\" rel=\"noopener noreferrer\"><span style=\"font-size: 10pt;\">Variations de fonctions<\/span><\/a><\/em><\/td>\n<\/tr>\n<tr style=\"height: 121px;\">\n<td style=\"vertical-align: middle; width: 32.8431%; border-style: solid; border-color: #b8b2b2; background-color: #ebe4e4; text-align: center; height: 121px;\" width=\"202\"><span style=\"font-size: 10pt;\">Fonctions<\/span><\/td>\n<td style=\"vertical-align: middle; width: 33.3333%; border-style: solid; border-color: #b8b2b2; background-color: #ebe4e4; text-align: center; height: 121px;\" width=\"205\"><span style=\"font-size: 10pt;\">Ma\u00eetrise des fonctions de r\u00e9f\u00e9rence et visualisation de leur courbe repr\u00e9sentative<\/span><\/td>\n<td style=\"vertical-align: middle; width: 41.1765%; border-style: solid; border-color: #b8b2b2; background-color: #ebe4e4; text-align: center; height: 121px;\" width=\"198\"><em><a href=\"https:\/\/www.pedagogie.ac-nice.fr\/mathematiques\/wp-content\/uploads\/sites\/30\/2020\/05\/Ma\u00eetrise-des-fcts-de-r\u00e9f\u00e9rence-Fonction-affine.pdf\" target=\"_blank\" rel=\"noopener noreferrer\"><span style=\"font-size: 10pt;\">Fonctions affines<\/span><\/a><\/em><br \/>\n<em><a href=\"https:\/\/www.pedagogie.ac-nice.fr\/mathematiques\/wp-content\/uploads\/sites\/30\/2020\/05\/Ma\u00eetrise-des-fcts-de-r\u00e9f\u00e9rence-Fonction-carr\u00e9.pdf\" target=\"_blank\" rel=\"noopener noreferrer\"><span style=\"font-size: 10pt;\">Fonction carr\u00e9<\/span><\/a><\/em><br \/>\n<em><a href=\"https:\/\/www.pedagogie.ac-nice.fr\/mathematiques\/wp-content\/uploads\/sites\/30\/2020\/05\/Ma\u00eetrise-des-fcts-de-r\u00e9f\u00e9rence-Fonction-cube.pdf\" target=\"_blank\" rel=\"noopener noreferrer\"><span style=\"font-size: 10pt;\">Fonction cube<\/span><\/a><\/em><br \/>\n<em><a href=\"https:\/\/www.pedagogie.ac-nice.fr\/mathematiques\/wp-content\/uploads\/sites\/30\/2020\/05\/Ma\u00eetrise-des-fcts-de-r\u00e9f\u00e9rence-Fonction-inverse.pdf\" target=\"_blank\" rel=\"noopener noreferrer\"><span style=\"font-size: 10pt;\">Fonction inverse<\/span><\/a><\/em><br \/>\n<em><a href=\"https:\/\/www.pedagogie.ac-nice.fr\/mathematiques\/wp-content\/uploads\/sites\/30\/2020\/05\/Ma\u00eetrise-des-fcts-de-r\u00e9f\u00e9rence-Fonction-racine-carr\u00e9e.pdf\" target=\"_blank\" rel=\"noopener noreferrer\"><span style=\"font-size: 10pt;\">Fonction racine carr\u00e9e<\/span><\/a><\/em><\/td>\n<\/tr>\n<tr style=\"height: 48px;\">\n<td style=\"vertical-align: middle; width: 32.8431%; border-style: solid; border-color: #b8b2b2; background-color: #ebe4e4; text-align: center; height: 48px;\" width=\"202\"><span style=\"font-size: 10pt;\">Statistiques et probabilit\u00e9s<\/span><\/td>\n<td style=\"vertical-align: middle; width: 33.3333%; border-style: solid; border-color: #b8b2b2; background-color: #ebe4e4; text-align: center; height: 48px;\" width=\"205\"><span style=\"font-size: 10pt;\">Consolidation du travail sur les pourcentages<\/span><\/td>\n<td style=\"vertical-align: middle; width: 41.1765%; border-style: solid; border-color: #b8b2b2; background-color: #ebe4e4; text-align: center; height: 48px;\" width=\"198\"><em><span style=\"font-size: 10pt;\"><a href=\"https:\/\/www.pedagogie.ac-nice.fr\/mathematiques\/wp-content\/uploads\/sites\/30\/2020\/05\/Larregain_seconde_VG_pourcentages.pdf\" target=\"_blank\" rel=\"noopener noreferrer\">Pourcentages<\/a><br \/>\n<\/span><a href=\"https:\/\/www.pedagogie.ac-nice.fr\/mathematiques\/wp-content\/uploads\/sites\/30\/2020\/05\/BILAN-2-Taux-evolution.pdf\" target=\"_blank\" rel=\"noopener noreferrer\"><span style=\"font-size: 10pt;\">Taux d\u2019\u00e9volution<\/span><\/a><\/em><\/td>\n<\/tr>\n<tr style=\"height: 191px;\">\n<td style=\"vertical-align: middle; width: 32.8431%; border-style: solid; border-color: #b8b2b2; background-color: #ebe4e4; text-align: center; height: 191px;\" width=\"202\"><span style=\"font-size: 10pt;\">Statistiques et probabilit\u00e9s<\/span><\/td>\n<td style=\"vertical-align: middle; width: 33.3333%; border-style: solid; border-color: #b8b2b2; background-color: #ebe4e4; text-align: center; height: 191px;\" width=\"205\"><span style=\"font-size: 10pt;\">Calculs de probabilit\u00e9s dans des cas simples \u00e0 l\u2019aide de tableaux ou d\u2019arbres de d\u00e9nombrement ; exp\u00e9riences al\u00e9atoires \u00e0 deux ou trois \u00e9preuves<\/span><\/td>\n<td style=\"vertical-align: middle; width: 41.1765%; border-style: solid; border-color: #b8b2b2; background-color: #ebe4e4; text-align: center; height: 191px;\" width=\"198\"><em><a href=\"https:\/\/www.pedagogie.ac-nice.fr\/mathematiques\/wp-content\/uploads\/sites\/30\/2020\/05\/JORRO_probabilites_2nde.pdf\" target=\"_blank\" rel=\"noopener noreferrer\"><span style=\"font-size: 10pt;\">C<\/span><span style=\"font-size: 10pt;\">alculer des probabilit\u00e9s<\/span><\/a><br \/>\n<a href=\"https:\/\/www.pedagogie.ac-nice.fr\/mathematiques\/wp-content\/uploads\/sites\/30\/2020\/06\/Seconde-Probabilites.zip\" target=\"_blank\" rel=\"noopener noreferrer\"><span style=\"color: #ff6600;\"><strong>Bilan Moodle<\/strong><\/span><\/a><\/em><\/td>\n<\/tr>\n<tr style=\"height: 48px;\">\n<td style=\"vertical-align: middle; width: 32.8431%; border-style: solid; border-color: #b8b2b2; background-color: #ebe4e4; text-align: center; height: 48px;\" width=\"202\"><span style=\"font-size: 10pt;\">Algorithmique et programmation<\/span><\/td>\n<td style=\"vertical-align: middle; width: 33.3333%; border-style: solid; border-color: #b8b2b2; background-color: #ebe4e4; text-align: center; height: 48px;\" width=\"205\"><span style=\"font-size: 10pt;\">Notion de fonction informatique<\/span><\/td>\n<td style=\"vertical-align: middle; width: 41.1765%; border-style: solid; border-color: #b8b2b2; background-color: #ebe4e4; text-align: center; height: 48px;\" width=\"198\"><em><a href=\"https:\/\/www.pedagogie.ac-nice.fr\/mathematiques\/wp-content\/uploads\/sites\/30\/2020\/05\/bilan-sur-les-fonctions-Python.zip\" target=\"_blank\" rel=\"noopener noreferrer\"><span style=\"font-size: 10pt;\">Notion de fonction en<br \/>\ninformatique &#8211; Python (fichier ZIP)<\/span><\/a><\/em><\/td>\n<\/tr>\n<\/tbody>\n<\/table>\n<p>&nbsp;<\/p>\n<p>&nbsp;<\/p>\n<p>&nbsp;<\/p>\n<p>&nbsp;<\/p>\n<p>&nbsp;<\/p>\n<p>&nbsp;<\/p>\n<p style=\"text-align: center;\"><span style=\"font-size: 14pt;\"><strong>Niveau : Premi\u00e8re sp\u00e9cialit\u00e9 math\u00e9matiques<\/strong><\/span><\/p>\n<table class=\" aligncenter\" style=\"height: 888px; width: 89.2333%;\">\n<tbody>\n<tr style=\"height: 47px;\">\n<td style=\"vertical-align: middle; height: 47px; text-align: center; border-style: solid; border-color: #9e9b9b; background-color: #e8dfdf; width: 29.5615%;\" width=\"205\"><span style=\"font-size: 10pt;\"><strong>Partie du programme<\/strong><\/span><\/td>\n<td style=\"vertical-align: middle; height: 47px; text-align: center; border-style: solid; border-color: #9e9b9b; background-color: #e8dfdf; width: 29.5615%;\" width=\"205\"><span style=\"font-size: 10pt;\"><strong>Th\u00e8me<\/strong><\/span><\/td>\n<td style=\"vertical-align: middle; height: 47px; text-align: center; border-style: solid; border-color: #9e9b9b; background-color: #e8dfdf; width: 29.9919%;\" width=\"205\"><span style=\"font-size: 10pt;\"><strong>Bilan de connaissances et de comp\u00e9tences<\/strong><\/span><\/td>\n<\/tr>\n<tr style=\"height: 47px;\">\n<td style=\"vertical-align: middle; height: 47px; text-align: center; border-style: solid; border-color: #9e9b9b; background-color: #e8dfdf; width: 29.5615%;\" width=\"205\"><span style=\"font-size: 10pt;\">Alg\u00e8bre<\/span><\/td>\n<td style=\"vertical-align: middle; height: 47px; text-align: center; border-style: solid; border-color: #9e9b9b; background-color: #e8dfdf; width: 29.5615%;\" width=\"205\"><span style=\"font-size: 10pt;\">Automatismes sur les fonctions polyn\u00f4mes de degr\u00e9 2<\/span><\/td>\n<td style=\"vertical-align: middle; height: 47px; text-align: center; border-style: solid; border-color: #9e9b9b; background-color: #e8dfdf; width: 29.9919%;\" width=\"205\"><em><span style=\"font-size: 10pt;\"><a href=\"https:\/\/www.pedagogie.ac-nice.fr\/mathematiques\/wp-content\/uploads\/sites\/30\/2020\/06\/Bilans2ndDegr\u00e9Sp\u00e91\u00e8reG\u00e9n\u00e9rale.pdf\" target=\"_blank\" rel=\"noopener noreferrer\">Automatismes sur les fonctions<\/a> <\/span><\/em><\/td>\n<\/tr>\n<tr style=\"height: 47px;\">\n<td style=\"vertical-align: middle; height: 47px; text-align: center; border-style: solid; border-color: #9e9b9b; background-color: #e8dfdf; width: 29.5615%;\" width=\"205\"><span style=\"font-size: 10pt;\">Alg\u00e8bre<\/span><\/td>\n<td style=\"vertical-align: middle; height: 47px; text-align: center; border-style: solid; border-color: #9e9b9b; background-color: #e8dfdf; width: 29.5615%;\" width=\"205\"><span style=\"font-size: 10pt;\">Mod\u00e9lisation par une suite arithm\u00e9tique ou g\u00e9om\u00e9trique<\/span><\/td>\n<td style=\"vertical-align: middle; height: 47px; text-align: center; border-style: solid; border-color: #9e9b9b; background-color: #e8dfdf; width: 29.9919%;\" width=\"205\"><em><a href=\"https:\/\/www.pedagogie.ac-nice.fr\/mathematiques\/wp-content\/uploads\/sites\/30\/2020\/05\/JORRO_modeliser_suites_1ere.pdf\" target=\"_blank\" rel=\"noopener noreferrer\"><span style=\"font-size: 10pt;\">Mod\u00e9lisation par une suite arithm\u00e9tique ou g\u00e9om\u00e9trique<\/span><\/a><\/em><\/td>\n<\/tr>\n<tr style=\"height: 71px;\">\n<td style=\"vertical-align: middle; height: 71px; text-align: center; border-style: solid; border-color: #9e9b9b; background-color: #e8dfdf; width: 29.5615%;\" width=\"205\"><span style=\"font-size: 10pt;\">Alg\u00e8bre<\/span><\/td>\n<td style=\"vertical-align: middle; height: 71px; text-align: center; border-style: solid; border-color: #9e9b9b; background-color: #e8dfdf; width: 29.5615%;\" width=\"205\"><span style=\"font-size: 10pt;\">Calcul du terme g\u00e9n\u00e9ral d\u2019une suite arithm\u00e9tique ou g\u00e9om\u00e9trique<\/span><\/td>\n<td style=\"vertical-align: middle; height: 71px; text-align: center; border-style: solid; border-color: #9e9b9b; background-color: #e8dfdf; width: 29.9919%;\" width=\"205\"><em><a href=\"https:\/\/www.pedagogie.ac-nice.fr\/mathematiques\/wp-content\/uploads\/sites\/30\/2020\/06\/JORRO_suites_termegeneral_1ere.pdf\" target=\"_blank\" rel=\"noopener noreferrer\"><span style=\"font-size: 10pt;\">Pour une suite arithm\u00e9tique ou g\u00e9om\u00e9trique, calculer le terme g\u00e9n\u00e9ral.<\/span><\/a><br \/>\n<a href=\"https:\/\/www.pedagogie.ac-nice.fr\/mathematiques\/wp-content\/uploads\/sites\/30\/2020\/06\/Premiere-Suites-arithmetiques-et-geometriques-1.zip\" target=\"_blank\" rel=\"noopener noreferrer\"><span style=\"color: #ff6600;\"><strong>Bilan Moodle<\/strong><\/span><\/a><\/em><\/td>\n<\/tr>\n<tr style=\"height: 95px;\">\n<td style=\"vertical-align: middle; height: 95px; text-align: center; border-style: solid; border-color: #9e9b9b; background-color: #e8dfdf; width: 29.5615%;\" width=\"205\"><span style=\"font-size: 10pt;\">Analyse<\/span><\/td>\n<td style=\"vertical-align: middle; height: 95px; text-align: center; border-style: solid; border-color: #9e9b9b; background-color: #e8dfdf; width: 29.5615%;\" width=\"205\"><span style=\"font-size: 10pt;\">Lien entre sens de variation d\u2019une fonction d\u00e9rivable sur un intervalle et signe de sa fonction d\u00e9riv\u00e9e<\/span><\/td>\n<td style=\"vertical-align: middle; height: 95px; text-align: center; border-style: solid; border-color: #9e9b9b; background-color: #e8dfdf; width: 29.9919%;\" width=\"205\"><em><a href=\"https:\/\/www.pedagogie.ac-nice.fr\/mathematiques\/wp-content\/uploads\/sites\/30\/2020\/06\/LienSigneD\u00e9riv\u00e9eVariationsFonctionSp\u00e91\u00e8reG\u00e9n\u00e9rale.pdf\" target=\"_blank\" rel=\"noopener noreferrer\"><span style=\"font-size: 10pt;\">Sens de variation d\u2019une fonction d\u00e9rivable sur un intervalle et signe de sa fonction d\u00e9riv\u00e9e<\/span><\/a><\/em><\/td>\n<\/tr>\n<tr style=\"height: 47px;\">\n<td style=\"vertical-align: middle; height: 47px; text-align: center; border-style: solid; border-color: #9e9b9b; background-color: #e8dfdf; width: 29.5615%;\" width=\"205\"><span style=\"font-size: 10pt;\">Analyse<\/span><\/td>\n<td style=\"vertical-align: middle; height: 47px; text-align: center; border-style: solid; border-color: #9e9b9b; background-color: #e8dfdf; width: 29.5615%;\" width=\"205\"><span style=\"font-size: 10pt;\">Calculs de d\u00e9riv\u00e9es dans des cas simples<\/span><\/td>\n<td style=\"vertical-align: middle; height: 47px; text-align: center; border-style: solid; border-color: #9e9b9b; background-color: #e8dfdf; width: 29.9919%;\" width=\"205\"><a href=\"https:\/\/www.pedagogie.ac-nice.fr\/mathematiques\/wp-content\/uploads\/sites\/30\/2020\/06\/JORRO_calculs_derivees_1er_G.pdf\" target=\"_blank\" rel=\"noopener noreferrer\"><em><span style=\"font-size: 10pt;\">Calculs de d\u00e9riv\u00e9es dans des cas simples<\/span><\/em><\/a><\/td>\n<\/tr>\n<tr style=\"height: 47px;\">\n<td style=\"vertical-align: middle; height: 47px; text-align: center; border-style: solid; border-color: #9e9b9b; background-color: #e8dfdf; width: 29.5615%;\" width=\"205\"><span style=\"font-size: 10pt;\">Analyse<\/span><\/td>\n<td style=\"vertical-align: middle; height: 47px; text-align: center; border-style: solid; border-color: #9e9b9b; background-color: #e8dfdf; width: 29.5615%;\" width=\"205\"><span style=\"font-size: 10pt;\">Ma\u00eetrise de la fonction exponentielle<\/span><\/td>\n<td style=\"vertical-align: middle; height: 47px; text-align: center; border-style: solid; border-color: #9e9b9b; background-color: #e8dfdf; width: 29.9919%;\" width=\"205\"><a href=\"https:\/\/www.pedagogie.ac-nice.fr\/mathematiques\/wp-content\/uploads\/sites\/30\/2020\/06\/Bilanfonctionexponentielle.pdf\" target=\"_blank\" rel=\"noopener noreferrer\"><em><span style=\"font-size: 10pt;\">Fonction exponentielle<\/span><\/em><\/a><br \/>\n<a href=\"https:\/\/www.pedagogie.ac-nice.fr\/mathematiques\/wp-content\/uploads\/sites\/30\/2020\/06\/Premiere-Fonction-exponentielle.zip\" target=\"_blank\" rel=\"noopener noreferrer\"><span style=\"color: #ff6600;\"><strong><em>Bilan Moodle<\/em><\/strong><\/span><\/a><\/td>\n<\/tr>\n<tr style=\"height: 95px;\">\n<td style=\"vertical-align: middle; height: 95px; text-align: center; border-style: solid; border-color: #9e9b9b; background-color: #e8dfdf; width: 29.5615%;\" width=\"205\"><span style=\"font-size: 10pt;\">G\u00e9om\u00e9trie<\/span><\/td>\n<td style=\"vertical-align: middle; height: 95px; text-align: center; border-style: solid; border-color: #9e9b9b; background-color: #e8dfdf; width: 29.5615%;\" width=\"205\"><span style=\"font-size: 10pt;\">Expression du produit scalaire dans un rep\u00e8re orthonorm\u00e9 ; ma\u00eetrise du crit\u00e8re d\u2019orthogonalit\u00e9<\/span><\/td>\n<td style=\"vertical-align: middle; height: 95px; text-align: center; border-style: solid; border-color: #9e9b9b; background-color: #e8dfdf; width: 29.9919%;\" width=\"205\"><em><a href=\"https:\/\/www.pedagogie.ac-nice.fr\/mathematiques\/wp-content\/uploads\/sites\/30\/2020\/05\/Expression-dans-un-RON-du-produit-scalaire.pdf\" target=\"_blank\" rel=\"noopener noreferrer\"><span style=\"font-size: 10pt;\">Expression du produit scalaire dans un rep\u00e8re orthonorm\u00e9<\/span><\/a><\/em><\/td>\n<\/tr>\n<tr style=\"height: 95px;\">\n<td style=\"vertical-align: middle; height: 95px; text-align: center; border-style: solid; border-color: #9e9b9b; background-color: #e8dfdf; width: 29.5615%;\" width=\"205\"><span style=\"font-size: 10pt;\">G\u00e9om\u00e9trie<\/span><\/td>\n<td style=\"vertical-align: middle; height: 95px; text-align: center; border-style: solid; border-color: #9e9b9b; background-color: #e8dfdf; width: 29.5615%;\" width=\"205\"><span style=\"font-size: 10pt;\">D\u00e9termination d\u2019une \u00e9quation cart\u00e9sienne d\u2019une droite connaissant un point et un vecteur normal<br \/>\n<\/span><\/td>\n<td style=\"vertical-align: middle; height: 95px; text-align: center; border-style: solid; border-color: #9e9b9b; background-color: #e8dfdf; width: 29.9919%;\" width=\"205\"><em><a href=\"https:\/\/www.pedagogie.ac-nice.fr\/mathematiques\/wp-content\/uploads\/sites\/30\/2020\/05\/Vecteur-normal_eq_cartesienne-Premi\u00e8re-VG_SPE.pdf\" target=\"_blank\" rel=\"noopener noreferrer\"><span style=\"font-size: 10pt;\">Equation cart\u00e9sienne d\u2019une droite<\/span><\/a><br \/>\n<a href=\"https:\/\/www.pedagogie.ac-nice.fr\/mathematiques\/wp-content\/uploads\/sites\/30\/2020\/06\/Premiere-Geometrie-repere-et-equations-de-droites.zip\" target=\"_blank\" rel=\"noopener noreferrer\"><span style=\"color: #ff6600;\"><strong>Bilan Moodle<\/strong><\/span><\/a><\/em><\/td>\n<\/tr>\n<tr style=\"height: 23px;\">\n<td style=\"vertical-align: middle; height: 23px; text-align: center; border-style: solid; border-color: #9e9b9b; background-color: #e8dfdf; width: 29.5615%;\" width=\"205\"><span style=\"font-size: 10pt;\">Statistiques et probabilit\u00e9s<\/span><\/td>\n<td style=\"vertical-align: middle; height: 23px; text-align: center; border-style: solid; border-color: #9e9b9b; background-color: #e8dfdf; width: 29.5615%;\" width=\"205\"><span style=\"font-size: 10pt;\">Probabilit\u00e9s conditionnelles<\/span><\/td>\n<td style=\"vertical-align: middle; height: 23px; text-align: center; border-style: solid; border-color: #9e9b9b; background-color: #e8dfdf; width: 29.9919%;\" width=\"205\"><em><a href=\"https:\/\/www.pedagogie.ac-nice.fr\/mathematiques\/wp-content\/uploads\/sites\/30\/2020\/05\/Larregain_premiere_spe_VG_probabilites_conditionnelles.pdf\" target=\"_blank\" rel=\"noopener noreferrer\"><span style=\"font-size: 10pt;\">Probabilit\u00e9s conditionnelles<\/span><\/a><\/em><\/td>\n<\/tr>\n<tr style=\"height: 47px;\">\n<td style=\"vertical-align: middle; height: 47px; text-align: center; border-style: solid; border-color: #9e9b9b; background-color: #e8dfdf; width: 29.5615%;\" width=\"205\"><span style=\"font-size: 10pt;\">Statistiques et probabilit\u00e9s<\/span><\/td>\n<td style=\"vertical-align: middle; height: 47px; text-align: center; border-style: solid; border-color: #9e9b9b; background-color: #e8dfdf; width: 29.5615%;\" width=\"205\"><span style=\"font-size: 10pt;\">R\u00e9p\u00e9tition de deux \u00e9preuves ind\u00e9pendantes<\/span><\/td>\n<td style=\"vertical-align: middle; height: 47px; text-align: center; border-style: solid; border-color: #9e9b9b; background-color: #e8dfdf; width: 29.9919%;\" width=\"205\"><em><a href=\"https:\/\/www.pedagogie.ac-nice.fr\/mathematiques\/wp-content\/uploads\/sites\/30\/2020\/06\/R\u00e9p\u00e9tition-de-2-\u00e9preuves-.pdf\" target=\"_blank\" rel=\"noopener noreferrer\"><span style=\"font-size: 10pt;\">Succession de deux \u00e9preuves ind\u00e9pendantes<\/span><\/a><\/em><\/td>\n<\/tr>\n<tr style=\"height: 47px;\">\n<td style=\"vertical-align: middle; height: 47px; text-align: center; border-style: solid; border-color: #9e9b9b; background-color: #e8dfdf; width: 29.5615%;\" width=\"205\"><span style=\"font-size: 10pt;\">Statistiques et probabilit\u00e9s<\/span><\/td>\n<td style=\"vertical-align: middle; height: 47px; text-align: center; border-style: solid; border-color: #9e9b9b; background-color: #e8dfdf; width: 29.5615%;\" width=\"205\"><span style=\"font-size: 10pt;\">Notion de variable al\u00e9atoire et de loi de probabilit\u00e9<\/span><\/td>\n<td style=\"vertical-align: middle; height: 47px; text-align: center; border-style: solid; border-color: #9e9b9b; background-color: #e8dfdf; width: 29.9919%;\" width=\"205\"><a href=\"https:\/\/www.pedagogie.ac-nice.fr\/mathematiques\/wp-content\/uploads\/sites\/30\/2020\/06\/Variables-al\u00e9atoires-Loi-de-probabilit\u00e9.pdf\" target=\"_blank\" rel=\"noopener noreferrer\"><em><span style=\"font-size: 10pt;\">Variables al\u00e9atoires<\/span><\/em><\/a><br \/>\n<a href=\"https:\/\/www.pedagogie.ac-nice.fr\/mathematiques\/wp-content\/uploads\/sites\/30\/2020\/06\/Premiere-Variables-aleatoires.zip\" target=\"_blank\" rel=\"noopener noreferrer\"><span style=\"color: #ff6600;\"><strong><em>Bilan Moodle<\/em><\/strong><\/span><\/a><\/td>\n<\/tr>\n<tr style=\"height: 71px;\">\n<td style=\"vertical-align: middle; height: 71px; text-align: center; border-style: solid; border-color: #9e9b9b; background-color: #e8dfdf; width: 29.5615%;\" width=\"205\"><span style=\"font-size: 10pt;\">Algorithmique et programmation<\/span><\/td>\n<td style=\"vertical-align: middle; height: 71px; text-align: center; border-style: solid; border-color: #9e9b9b; background-color: #e8dfdf; width: 29.5615%;\" width=\"205\"><span style=\"font-size: 10pt;\">Consolidation de ce qui a \u00e9t\u00e9 vu en seconde et en d\u00e9but de premi\u00e8re<\/span><\/td>\n<td style=\"vertical-align: middle; height: 71px; text-align: center; border-style: solid; border-color: #9e9b9b; background-color: #e8dfdf; width: 29.9919%;\" width=\"205\"><a href=\"https:\/\/www.pedagogie.ac-nice.fr\/mathematiques\/wp-content\/uploads\/sites\/30\/2020\/06\/Bilalgoprog1\u00e8re.pdf\" target=\"_blank\" rel=\"noopener noreferrer\"><em><span style=\"font-size: 10pt;\">Bilan algorithmique et programmation<\/span><\/em><\/a><\/td>\n<\/tr>\n<\/tbody>\n<\/table>\n<p>&nbsp;<\/p>\n<p>&nbsp;<\/p>\n<p>&nbsp;<\/p>\n<p>&nbsp;<\/p>\n<p>&nbsp;<\/p>\n<p>&nbsp;<\/p>\n<p>&nbsp;<\/p>\n<p>&nbsp;<\/p>\n<p>&nbsp;<\/p>\n<p>&nbsp;<\/p>\n<p style=\"text-align: center;\"><span style=\"font-size: 14pt;\"><strong>Niveau : Tronc commun premi\u00e8re technologique<\/strong><\/span><\/p>\n<table class=\" aligncenter\" style=\"height: 807px; width: 88.8241%;\">\n<tbody>\n<tr style=\"height: 48px;\">\n<td style=\"border-style: solid; border-color: #9e9b9b; background-color: #e8dfdf; vertical-align: middle; text-align: center; width: 29.5615%; height: 48px;\" width=\"205\"><strong><span style=\"font-size: 10pt;\">Partie du programme<\/span><\/strong><\/td>\n<td style=\"border-style: solid; border-color: #9e9b9b; background-color: #e8dfdf; vertical-align: middle; text-align: center; width: 29.5615%; height: 48px;\" width=\"205\"><strong><span style=\"font-size: 10pt;\">Th\u00e8me<\/span><\/strong><\/td>\n<td style=\"border-style: solid; border-color: #9e9b9b; background-color: #e8dfdf; vertical-align: middle; text-align: center; width: 36.5797%; height: 48px;\" width=\"205\"><strong><span style=\"font-size: 10pt;\">Bilan de connaissances et de comp\u00e9tences<\/span><\/strong><\/td>\n<\/tr>\n<tr style=\"height: 72px;\">\n<td style=\"border-style: solid; border-color: #9e9b9b; background-color: #e8dfdf; vertical-align: middle; text-align: center; width: 29.5615%; height: 72px;\" width=\"205\"><span style=\"font-size: 10pt;\">Automatismes<\/span><\/td>\n<td style=\"border-style: solid; border-color: #9e9b9b; background-color: #e8dfdf; vertical-align: middle; text-align: center; width: 29.5615%; height: 72px;\" width=\"205\"><span style=\"font-size: 10pt;\">Calculs sur les proportions et les pourcentages, les \u00e9volutions et les variations<\/span><\/td>\n<td style=\"border-style: solid; border-color: #9e9b9b; background-color: #e8dfdf; vertical-align: middle; text-align: center; width: 36.5797%; height: 72px;\" width=\"205\"><em><a href=\"https:\/\/www.pedagogie.ac-nice.fr\/mathematiques\/wp-content\/uploads\/sites\/30\/2020\/05\/Automatismes_Proportions_et_pourcentages-Premi\u00e8re-Techno.pdf\" target=\"_blank\" rel=\"noopener noreferrer\"><span style=\"font-size: 10pt;\">Automatismes sur les proportions et<\/span><\/a><\/em><br \/>\n<em><span style=\"font-size: 10pt;\"><a href=\"https:\/\/www.pedagogie.ac-nice.fr\/mathematiques\/wp-content\/uploads\/sites\/30\/2020\/05\/Automatismes_Proportions_et_pourcentages-Premi%C3%A8re-Techno.pdf\" target=\"_blank\" rel=\"noopener noreferrer\">pourcentages &#8211; Evolutions et variations<\/a><\/span><\/em><\/td>\n<\/tr>\n<tr style=\"height: 24px;\">\n<td style=\"border-style: solid; border-color: #9e9b9b; background-color: #e8dfdf; vertical-align: middle; text-align: center; width: 29.5615%; height: 24px;\" width=\"205\"><span style=\"font-size: 10pt;\">Automatismes<\/span><\/td>\n<td style=\"border-style: solid; border-color: #9e9b9b; background-color: #e8dfdf; vertical-align: middle; text-align: center; width: 29.5615%; height: 24px;\" width=\"205\"><span style=\"font-size: 10pt;\">Calcul num\u00e9rique et alg\u00e9brique<\/span><\/td>\n<td style=\"border-style: solid; border-color: #9e9b9b; background-color: #e8dfdf; vertical-align: middle; text-align: center; width: 36.5797%; height: 24px;\" width=\"205\"><a href=\"https:\/\/www.pedagogie.ac-nice.fr\/mathematiques\/wp-content\/uploads\/sites\/30\/2020\/06\/Automatismes_Calculs_num\u00e9riques_alg\u00e9briques-1\u00e8re-technologique.pdf\" target=\"_blank\" rel=\"noopener noreferrer\"><em><span style=\"font-size: 10pt;\">Manipuler les nombres \u2013 Effectuer des calculs<br \/>\nnum\u00e9riques ou litt\u00e9raux<\/span><\/em><\/a><\/td>\n<\/tr>\n<tr style=\"height: 24px;\">\n<td style=\"border-style: solid; border-color: #9e9b9b; background-color: #e8dfdf; vertical-align: middle; text-align: center; width: 29.5615%; height: 24px;\" width=\"205\"><span style=\"font-size: 10pt;\">Automatismes<\/span><\/td>\n<td style=\"border-style: solid; border-color: #9e9b9b; background-color: #e8dfdf; vertical-align: middle; text-align: center; width: 29.5615%; height: 24px;\" width=\"205\"><span style=\"font-size: 10pt;\">Repr\u00e9sentation des fonctions<\/span><\/td>\n<td style=\"border-style: solid; border-color: #9e9b9b; background-color: #e8dfdf; vertical-align: middle; text-align: center; width: 36.5797%; height: 24px;\" width=\"205\"><a href=\"https:\/\/www.pedagogie.ac-nice.fr\/mathematiques\/wp-content\/uploads\/sites\/30\/2020\/06\/Repr\u00e9sentation_des_fonctions.pdf\" target=\"_blank\" rel=\"noopener noreferrer\"><em><span style=\"font-size: 10pt;\">Compr\u00e9hension des repr\u00e9sentations graphiques de fonctions<\/span><\/em><\/a><\/td>\n<\/tr>\n<tr style=\"height: 48px;\">\n<td style=\"border-style: solid; border-color: #9e9b9b; background-color: #e8dfdf; vertical-align: middle; text-align: center; width: 29.5615%; height: 48px;\" width=\"205\"><span style=\"font-size: 10pt;\">Suites<\/span><\/td>\n<td style=\"border-style: solid; border-color: #9e9b9b; background-color: #e8dfdf; vertical-align: middle; text-align: center; width: 29.5615%; height: 48px;\" width=\"205\"><span style=\"font-size: 10pt;\">Etude des suites arithm\u00e9tiques et g\u00e9om\u00e9triques<\/span><\/td>\n<td style=\"border-style: solid; border-color: #9e9b9b; background-color: #e8dfdf; vertical-align: middle; text-align: center; width: 36.5797%; height: 48px;\" width=\"205\"><em><a href=\"https:\/\/www.pedagogie.ac-nice.fr\/mathematiques\/wp-content\/uploads\/sites\/30\/2020\/05\/Etude-des-suites-arithm\u00e9tiques-et-g\u00e9om\u00e9triques.pdf\" target=\"_blank\" rel=\"noopener noreferrer\"><span style=\"font-size: 10pt;\">Suites num\u00e9riques<\/span><\/a><\/em><\/td>\n<\/tr>\n<tr style=\"height: 48px;\">\n<td style=\"border-style: solid; border-color: #9e9b9b; background-color: #e8dfdf; vertical-align: middle; text-align: center; width: 29.5615%; height: 48px;\" width=\"205\"><span style=\"font-size: 10pt;\">Fonctions<\/span><\/td>\n<td style=\"border-style: solid; border-color: #9e9b9b; background-color: #e8dfdf; vertical-align: middle; text-align: center; width: 29.5615%; height: 48px;\" width=\"205\"><span style=\"font-size: 10pt;\">Etude des fonctions polyn\u00f4mes de degr\u00e9 2<\/span><\/td>\n<td style=\"border-style: solid; border-color: #9e9b9b; background-color: #e8dfdf; vertical-align: middle; text-align: center; width: 36.5797%; height: 48px;\" width=\"205\"><em><a href=\"https:\/\/www.pedagogie.ac-nice.fr\/mathematiques\/wp-content\/uploads\/sites\/30\/2020\/05\/Etude-des-fonctions-polyn\u00f4mes-de-degr\u00e9-2.pdf\" target=\"_blank\" rel=\"noopener noreferrer\"><span style=\"font-size: 10pt;\">Fonctions de la variable r\u00e9elle<\/span><\/a><\/em><\/td>\n<\/tr>\n<tr style=\"height: 24px;\">\n<td style=\"border-style: solid; border-color: #9e9b9b; background-color: #e8dfdf; vertical-align: middle; text-align: center; width: 29.5615%; height: 24px;\" width=\"205\"><span style=\"font-size: 10pt;\">Fonctions<\/span><\/td>\n<td style=\"border-style: solid; border-color: #9e9b9b; background-color: #e8dfdf; vertical-align: middle; text-align: center; width: 29.5615%; height: 24px;\" width=\"205\"><span style=\"font-size: 10pt;\">D\u00e9rivation<\/span><\/td>\n<td style=\"border-style: solid; border-color: #9e9b9b; background-color: #e8dfdf; vertical-align: middle; text-align: center; width: 36.5797%; height: 24px;\" width=\"205\"><em><a href=\"https:\/\/www.pedagogie.ac-nice.fr\/mathematiques\/wp-content\/uploads\/sites\/30\/2020\/05\/Bilan_D\u00e9rivation-Premi\u00e8re-VT_tronc_commun.pdf\" target=\"_blank\" rel=\"noopener noreferrer\"><span style=\"font-size: 10pt;\">D\u00e9rivation<\/span><\/a><\/em><\/td>\n<\/tr>\n<tr style=\"height: 48px;\">\n<td style=\"border-style: solid; border-color: #9e9b9b; background-color: #e8dfdf; vertical-align: middle; text-align: center; width: 29.5615%; height: 48px;\" width=\"205\"><span style=\"font-size: 10pt;\">Croisement de deux variables cat\u00e9gorielles<\/span><\/td>\n<td style=\"border-style: solid; border-color: #9e9b9b; background-color: #e8dfdf; vertical-align: middle; text-align: center; width: 29.5615%; height: 48px;\" width=\"205\"><span style=\"font-size: 10pt;\">Interpr\u00e9tation des tableaux crois\u00e9s d\u2019effectifs<\/span><\/td>\n<td style=\"border-style: solid; border-color: #9e9b9b; background-color: #e8dfdf; vertical-align: middle; text-align: center; width: 36.5797%; height: 48px;\" width=\"205\"><em><a href=\"https:\/\/www.pedagogie.ac-nice.fr\/mathematiques\/wp-content\/uploads\/sites\/30\/2020\/05\/Tableaux-crois\u00e9s-.pdf\" target=\"_blank\" rel=\"noopener noreferrer\"><span style=\"font-size: 10pt;\">Tableaux crois\u00e9s d&rsquo;effectifs : interpr\u00e9tation, <\/span><span style=\"font-size: 10pt;\">calcul d&rsquo;effectifs<\/span><\/a><\/em><\/td>\n<\/tr>\n<tr style=\"height: 48px;\">\n<td style=\"border-style: solid; border-color: #9e9b9b; background-color: #e8dfdf; vertical-align: middle; text-align: center; width: 29.5615%; height: 48px;\" width=\"205\"><span style=\"font-size: 10pt;\">Croisement de deux variables cat\u00e9gorielles<\/span><\/td>\n<td style=\"border-style: solid; border-color: #9e9b9b; background-color: #e8dfdf; vertical-align: middle; text-align: center; width: 29.5615%; height: 48px;\" width=\"205\"><span style=\"font-size: 10pt;\">Calculs de fr\u00e9quences conditionnelles et marginales<\/span><\/td>\n<td style=\"border-style: solid; border-color: #9e9b9b; background-color: #e8dfdf; vertical-align: middle; text-align: center; width: 36.5797%; height: 48px;\" width=\"205\"><em><a href=\"https:\/\/www.pedagogie.ac-nice.fr\/mathematiques\/wp-content\/uploads\/sites\/30\/2020\/05\/Fr\u00e9quences-marginales-et-conditionnelles.pdf\" target=\"_blank\" rel=\"noopener noreferrer\">Tableaux crois\u00e9s de fr\u00e9quences<\/a><\/em><\/td>\n<\/tr>\n<tr style=\"height: 24px;\">\n<td style=\"border-style: solid; border-color: #9e9b9b; background-color: #e8dfdf; vertical-align: middle; text-align: center; width: 29.5615%; height: 24px;\" width=\"205\"><span style=\"font-size: 10pt;\">Probabilit\u00e9s<\/span><\/td>\n<td style=\"border-style: solid; border-color: #9e9b9b; background-color: #e8dfdf; vertical-align: middle; text-align: center; width: 29.5615%; height: 24px;\" width=\"205\"><span style=\"font-size: 10pt;\">Calculs de probabilit\u00e9s conditionnelles<\/span><\/td>\n<td style=\"border-style: solid; border-color: #9e9b9b; background-color: #e8dfdf; vertical-align: middle; text-align: center; width: 36.5797%; height: 24px;\" width=\"205\"><em><a href=\"https:\/\/www.pedagogie.ac-nice.fr\/mathematiques\/wp-content\/uploads\/sites\/30\/2020\/06\/Probabilit\u00e9s-conditionnelles.pdf\" target=\"_blank\" rel=\"noopener noreferrer\"><span style=\"font-size: 10pt;\">Probabilit\u00e9s conditionnelles<\/span><\/a><\/em><\/td>\n<\/tr>\n<tr style=\"height: 121px;\">\n<td style=\"border-style: solid; border-color: #9e9b9b; background-color: #e8dfdf; vertical-align: middle; text-align: center; width: 29.5615%; height: 121px;\" width=\"205\"><span style=\"font-size: 10pt;\">Probabilit\u00e9s<\/span><\/td>\n<td style=\"border-style: solid; border-color: #9e9b9b; background-color: #e8dfdf; vertical-align: middle; text-align: center; width: 29.5615%; height: 121px;\" width=\"205\"><span style=\"font-size: 10pt;\">Repr\u00e9sentation par un arbre de probabilit\u00e9 de la r\u00e9p\u00e9tition de plusieurs \u00e9preuves identiques et ind\u00e9pendantes de Bernoulli et calcul des probabilit\u00e9s associ\u00e9es<\/span><\/td>\n<td style=\"border-style: solid; border-color: #9e9b9b; background-color: #e8dfdf; vertical-align: middle; text-align: center; width: 36.5797%; height: 121px;\" width=\"205\"><em><a href=\"https:\/\/www.pedagogie.ac-nice.fr\/mathematiques\/wp-content\/uploads\/sites\/30\/2020\/06\/R\u00e9p\u00e9tition-d\u00e9preuves-de-Bernoulli.pdf\" target=\"_blank\" rel=\"noopener noreferrer\"><span style=\"font-size: 10pt;\">Exp\u00e9rience al\u00e9atoire \u00e0 plusieurs \u00e9preuves ind\u00e9pendantes<\/span><\/a><\/em><\/td>\n<\/tr>\n<tr style=\"height: 72px;\">\n<td style=\"border-style: solid; border-color: #9e9b9b; background-color: #e8dfdf; vertical-align: middle; text-align: center; width: 29.5615%; height: 72px;\" width=\"205\"><span style=\"font-size: 10pt;\">Probabilit\u00e9s<\/span><\/td>\n<td style=\"border-style: solid; border-color: #9e9b9b; background-color: #e8dfdf; vertical-align: middle; text-align: center; width: 29.5615%; height: 72px;\" width=\"205\"><span style=\"font-size: 10pt;\">Compr\u00e9hension de la notion de variable al\u00e9atoire, calcul et interpr\u00e9tation de l\u2019esp\u00e9rance d\u2019une variable al\u00e9atoire<\/span><\/td>\n<td style=\"border-style: solid; border-color: #9e9b9b; background-color: #e8dfdf; vertical-align: middle; text-align: center; width: 36.5797%; height: 72px;\" width=\"205\"><em><a href=\"https:\/\/www.pedagogie.ac-nice.fr\/mathematiques\/wp-content\/uploads\/sites\/30\/2020\/06\/Variables-al\u00e9atoires.pdf\" target=\"_blank\" rel=\"noopener noreferrer\"><span style=\"font-size: 10pt;\">Variables al\u00e9atoires<\/span><\/a><\/em><\/td>\n<\/tr>\n<\/tbody>\n<\/table>\n<p>&nbsp;<\/p>\n<p>&nbsp;<\/p>\n<p>&nbsp;<\/p>\n<p>&nbsp;<\/p>\n<p>&nbsp;<\/p>\n<p>&nbsp;<\/p>\n<p>&nbsp;<\/p>\n<p>&nbsp;<\/p>\n<p>&nbsp;<\/p>\n<p>&nbsp;<\/p>\n<p>&nbsp;<\/p>\n<p>&nbsp;<\/p>\n<p style=\"text-align: left; padding-left: 160px;\"><span style=\"font-size: 14pt;\"><strong>Des Escape Games pour faire des bilans<\/strong><\/span><\/p>\n<table style=\"width: 88%; border-collapse: collapse;\">\n<tbody>\n<tr>\n<td style=\"width: 50%; text-align: center; vertical-align: middle; border-style: solid; border-color: #9e9b9b; background-color: #e8dfdf;\"><span style=\"font-size: 10pt;\"><strong>Niveau de classe<\/strong><\/span><\/td>\n<td style=\"width: 50%; text-align: center; vertical-align: middle; border-style: solid; border-color: #9e9b9b; background-color: #e8dfdf;\"><span style=\"font-size: 10pt;\"><strong>Escape Game propos\u00e9<\/strong><\/span><\/td>\n<\/tr>\n<tr>\n<td style=\"width: 50%; text-align: center; vertical-align: middle; border-style: solid; border-color: #9e9b9b; background-color: #e8dfdf;\"><span style=\"font-size: 10pt;\">Fin de troisi\u00e8me<\/span><\/td>\n<td style=\"width: 50%; text-align: center; vertical-align: middle; border-style: solid; border-color: #9e9b9b; background-color: #e8dfdf;\"><span style=\"font-size: 10pt;\"><em><a href=\"https:\/\/www.pedagogie.ac-nice.fr\/mathematiques\/wp-content\/uploads\/sites\/30\/2020\/06\/Continuit\u00e9-p\u00e9dagogique-Bilan-sous-forme-descape-game.pdf\" target=\"_blank\" rel=\"noopener noreferrer\">Pr\u00e9sentation<\/a>\u00a0 &#8211; \u00a0<a href=\"https:\/\/view.genial.ly\/5ed3ac2c8d32391119640d2c\/interactive-content-gnd-troisieme-voyage-a-disneyland-paris\" target=\"_blank\" rel=\"noopener noreferrer\">ESCG<\/a><\/em><\/span><\/td>\n<\/tr>\n<tr>\n<td style=\"width: 50%; text-align: center; vertical-align: middle; border-style: solid; border-color: #9e9b9b; background-color: #e8dfdf;\"><span style=\"font-size: 10pt;\">Fin de seconde g\u00e9n\u00e9rale<\/span><\/td>\n<td style=\"width: 50%; text-align: center; vertical-align: middle; border-style: solid; border-color: #9e9b9b; background-color: #e8dfdf;\"><span style=\"font-size: 10pt;\"><em><a href=\"https:\/\/www.pedagogie.ac-nice.fr\/mathematiques\/wp-content\/uploads\/sites\/30\/2020\/06\/Continuit\u00e9-p\u00e9dagogique-Bilan-sous-forme-descape-game.pdf\" target=\"_blank\" rel=\"noopener noreferrer\">Pr\u00e9sentation<\/a>\u00a0 &#8211;\u00a0 <a href=\"https:\/\/view.genial.ly\/5ecf519895a58b0d8d8c81ed\/interactive-content-gnd-seconde-voyage-a-disneyland-paris\" target=\"_blank\" rel=\"noopener noreferrer\">ESCG<\/a><\/em><\/span><\/td>\n<\/tr>\n<tr>\n<td style=\"width: 50%; text-align: center; vertical-align: middle; border-style: solid; border-color: #9e9b9b; background-color: #e8dfdf;\"><span style=\"font-size: 10pt;\">Fin de premi\u00e8re g\u00e9n\u00e9rale sur<\/span><br \/>\n<span style=\"font-size: 10pt;\">le programme de la sp\u00e9cialit\u00e9<\/span><\/td>\n<td style=\"width: 50%; text-align: center; vertical-align: middle; border-style: solid; border-color: #9e9b9b; background-color: #e8dfdf;\"><span style=\"font-size: 10pt;\"><em><a href=\"https:\/\/www.pedagogie.ac-nice.fr\/mathematiques\/wp-content\/uploads\/sites\/30\/2020\/06\/Continuit\u00e9-p\u00e9dagogique-Bilan-sous-forme-descape-game.pdf\" target=\"_blank\" rel=\"noopener noreferrer\">Pr\u00e9sentation<\/a>\u00a0 &#8211;\u00a0 <a href=\"https:\/\/view.genial.ly\/5ecfcc885173f90db7dc2279\/interactive-content-gnd-premiere-voyage-a-disneyland-paris\" target=\"_blank\" rel=\"noopener noreferrer\">ESCG<\/a><\/em><\/span><\/td>\n<\/tr>\n<\/tbody>\n<\/table>\n<p>&nbsp;<\/p>\n","protected":false},"excerpt":{"rendered":"<p>Le Groupe de R\u00e9flexion Acad\u00e9mique Lyc\u00e9e (GRAL) de l&rsquo;acad\u00e9mie de Nice ainsi que le Groupe Num\u00e9rique Disciplinaire (GND) proposent des bilans de connaissances et de comp\u00e9tences pour les niveaux de Seconde, Premi\u00e8re Enseignement de Sp\u00e9cialit\u00e9 math\u00e9matiques et Premi\u00e8re voie Technologique. Chaque bilan correspond \u00e0 un th\u00e8me d&rsquo;une partie du programme en vigueur. Ces bilans permettent [&hellip;]<\/p>\n","protected":false},"author":202,"featured_media":0,"comment_status":"closed","ping_status":"closed","sticky":false,"template":"","format":"standard","meta":{"_et_pb_use_builder":"","_et_pb_old_content":"","_et_gb_content_width":"","ngg_post_thumbnail":0,"footnotes":""},"categories":[172,169],"tags":[],"class_list":["post-2941","post","type-post","status-publish","format-standard","hentry","category-au-lycee-2","category-continuite-pedagogique","et-doesnt-have-format-content","et_post_format-et-post-format-standard"],"rttpg_featured_image_url":null,"rttpg_author":{"display_name":"admin","author_link":"https:\/\/www.pedagogie.ac-nice.fr\/mathematiques\/author\/opilorget\/"},"rttpg_comment":0,"rttpg_category":"<a href=\"https:\/\/www.pedagogie.ac-nice.fr\/mathematiques\/category\/au-lycee-2\/\" rel=\"category tag\">Au lyc\u00e9e<\/a> <a href=\"https:\/\/www.pedagogie.ac-nice.fr\/mathematiques\/category\/continuite-pedagogique\/\" rel=\"category tag\">Continuit\u00e9 p\u00e9dagogique<\/a>","rttpg_excerpt":"Le Groupe de R\u00e9flexion Acad\u00e9mique Lyc\u00e9e (GRAL) de l&rsquo;acad\u00e9mie de Nice ainsi que le Groupe Num\u00e9rique Disciplinaire (GND) proposent des bilans de connaissances et de comp\u00e9tences pour les niveaux de Seconde, Premi\u00e8re Enseignement de Sp\u00e9cialit\u00e9 math\u00e9matiques et Premi\u00e8re voie Technologique. Chaque bilan correspond \u00e0 un th\u00e8me d&rsquo;une partie du programme en vigueur. Ces bilans permettent\u2026","post_mailing_queue_ids":[],"_links":{"self":[{"href":"https:\/\/www.pedagogie.ac-nice.fr\/mathematiques\/wp-json\/wp\/v2\/posts\/2941","targetHints":{"allow":["GET"]}}],"collection":[{"href":"https:\/\/www.pedagogie.ac-nice.fr\/mathematiques\/wp-json\/wp\/v2\/posts"}],"about":[{"href":"https:\/\/www.pedagogie.ac-nice.fr\/mathematiques\/wp-json\/wp\/v2\/types\/post"}],"author":[{"embeddable":true,"href":"https:\/\/www.pedagogie.ac-nice.fr\/mathematiques\/wp-json\/wp\/v2\/users\/202"}],"replies":[{"embeddable":true,"href":"https:\/\/www.pedagogie.ac-nice.fr\/mathematiques\/wp-json\/wp\/v2\/comments?post=2941"}],"version-history":[{"count":50,"href":"https:\/\/www.pedagogie.ac-nice.fr\/mathematiques\/wp-json\/wp\/v2\/posts\/2941\/revisions"}],"predecessor-version":[{"id":3293,"href":"https:\/\/www.pedagogie.ac-nice.fr\/mathematiques\/wp-json\/wp\/v2\/posts\/2941\/revisions\/3293"}],"wp:attachment":[{"href":"https:\/\/www.pedagogie.ac-nice.fr\/mathematiques\/wp-json\/wp\/v2\/media?parent=2941"}],"wp:term":[{"taxonomy":"category","embeddable":true,"href":"https:\/\/www.pedagogie.ac-nice.fr\/mathematiques\/wp-json\/wp\/v2\/categories?post=2941"},{"taxonomy":"post_tag","embeddable":true,"href":"https:\/\/www.pedagogie.ac-nice.fr\/mathematiques\/wp-json\/wp\/v2\/tags?post=2941"}],"curies":[{"name":"wp","href":"https:\/\/api.w.org\/{rel}","templated":true}]}}