{"id":3571,"date":"2020-11-19T22:52:49","date_gmt":"2020-11-19T21:52:49","guid":{"rendered":"https:\/\/www.pedagogie.ac-nice.fr\/mathematiques\/?p=3571"},"modified":"2020-11-21T04:17:25","modified_gmt":"2020-11-21T03:17:25","slug":"le-rendez-vous-des-jeunes-mathematiciennes-et-informaticiennes-rjmi","status":"publish","type":"post","link":"https:\/\/www.pedagogie.ac-nice.fr\/mathematiques\/le-rendez-vous-des-jeunes-mathematiciennes-et-informaticiennes-rjmi\/","title":{"rendered":"Le \u00ab\u00a0Rendez-vous des Jeunes Math\u00e9maticiennes et Informaticiennes\u00a0\u00bb (RJMI)"},"content":{"rendered":"<p><img loading=\"lazy\" decoding=\"async\" class=\" wp-image-3573 alignleft\" src=\"https:\/\/www.pedagogie.ac-nice.fr\/mathematiques\/wp-content\/uploads\/sites\/30\/2020\/11\/RJMI.jpg\" alt=\"\" width=\"282\" height=\"108\">Le Rendez-vous des \u00ab\u00a0Jeunes Math\u00e9maticiennes et Informaticiennes\u00a0\u00bb de Nice se d\u00e9roulera<strong> le samedi 5 d\u00e9cembre 2020 en ligne<\/strong>, organis\u00e9 par une \u00e9quipe de chercheuses et chercheurs en math\u00e9matiques de l&rsquo;Universit\u00e9 C\u00f4te d&rsquo;Azur avec les associations Animath et Femmes &amp; maths.<\/p>\n<p>Cet \u00e9v\u00e9nement virtuel est \u00e0 destination des lyc\u00e9ennes de classe de Premi\u00e8re et Terminale qui suivent l\u2019enseignement de sp\u00e9cialit\u00e9 Math\u00e9matiques et\/ou Num\u00e9rique et sciences informatiques.<br \/>\nPendant quelques jours, elles travaillent sur des probl\u00e8mes de math\u00e9matiques et d\u2019informatique, discutent avec des math\u00e9maticiennes et informaticiennes et r\u00e9fl\u00e9chissent \u00e0 la place que ces mati\u00e8res peuvent avoir dans leurs \u00e9tudes et leur futur parcours professionnel.<br \/>\nL\u2019objectif est de les encourager \u00e0 affirmer leur int\u00e9r\u00eat pour les math\u00e9matiques et l\u2019informatique et \u00e0 formuler un projet ambitieux d\u2019\u00e9tudes scientifiques.<\/p>\n<h2><span style=\"font-size: 18pt;\"><em><strong><span style=\"font-size: 14pt;\">Le programme pr\u00e9visionnel de la journ\u00e9e<\/span>&nbsp;<\/strong> <\/em><\/span><\/h2>\n<p dir=\"ltr\">Le Rendez-vous des Jeunes Math\u00e9maticiennes et Informaticiennes est constitu\u00e9 notamment d\u2019un atelier encadr\u00e9 par des chercheuses et chercheurs en math\u00e9matiques de l&rsquo;Universit\u00e9 C\u00f4te d&rsquo;Azur ainsi que de discussions en petits groupes avec des math\u00e9maticiennes et informaticiennes, en visioconf\u00e9rences. D&rsquo;autre part, les participantes sont accompagn\u00e9es dans leur r\u00e9flexion sur les \u00e9tudes et carri\u00e8res de math\u00e9matiques et informatique, ainsi que sur les st\u00e9r\u00e9otypes touchant les jeunes filles dans ces domaines, et sont incit\u00e9es \u00e0 s&rsquo;inscrire \u00e0 d&rsquo;autres activit\u00e9s p\u00e9riscolaires de math\u00e9matiques et d&rsquo;informatiques, qui sont pour leur part mixtes.<\/p>\n<p dir=\"ltr\" style=\"padding-left: 80px;\">&nbsp;&nbsp;&nbsp; 9h-12h : Ateliers de math\u00e9matiques avec production de vid\u00e9o par les \u00e9l\u00e8ves participantes<br \/>\n&nbsp;&nbsp;&nbsp; 13h \u2013 13h30 : Caf\u00e9 virtuel<br \/>\n&nbsp;&nbsp;&nbsp; 13h30 \u2013 14h15 : Conf\u00e9rence de Florence Marcotte, charg\u00e9e de recherche \u00e0 Inria Sophia Antipolis<br \/>\n&nbsp;&nbsp;&nbsp; 14h30 \u2013 15h30 : Speed-meeting<br \/>\n&nbsp;&nbsp;&nbsp; 15h45 \u2013 16h45 : Atelier de discussion sur les st\u00e9r\u00e9otypes<br \/>\n&nbsp;&nbsp;&nbsp; 17h \u2013 18h : Pr\u00e9sentation des vid\u00e9os r\u00e9alis\u00e9es, suivie d\u2019un jeu-concours<\/p>\n<h2><strong><em><span style=\"font-size: 14pt;\">Modalit\u00e9s pratiques<\/span><\/em><\/strong><\/h2>\n<p>En raison de la situation sanitaire, cet \u00e9v\u00e9nement aura lieu exclusivement en ligne. Nous utiliserons des visioconf\u00e9rences par petits groupes, men\u00e9es en parall\u00e8le, ainsi qu\u2019une diffusion de vid\u00e9o en direct accompagn\u00e9e d\u2019un tchat \u00e9crit, le tout sur un canal priv\u00e9.<\/p>\n<p>Une fois les \u00e9l\u00e8ves inscrites, elles recevront par mail le lien vers une page web avec mot de passe, contenant les liens pour participer.<\/p>\n<p dir=\"ltr\" style=\"text-align: center;\"><b>Les \u00e9l\u00e8ves volontaires doivent s&rsquo;inscrire avant le lundi 30 novembre sur cette page :<br \/>\n<\/b><b><a href=\"https:\/\/filles-et-maths.fr\/evenements\/rjmi-2020-nice\/\" target=\"_blank\" rel=\"noopener noreferrer\">https:\/\/filles-et-maths.fr\/evenements\/rjmi-2020-nice\/<\/a><\/b><\/p>\n<p dir=\"ltr\">&nbsp;<\/p>\n<p><img loading=\"lazy\" decoding=\"async\" class=\"wp-image-3586 aligncenter\" src=\"https:\/\/www.pedagogie.ac-nice.fr\/mathematiques\/wp-content\/uploads\/sites\/30\/2020\/11\/partrjmi.jpg\" alt=\"\" width=\"548\" height=\"162\" srcset=\"https:\/\/www.pedagogie.ac-nice.fr\/mathematiques\/wp-content\/uploads\/sites\/30\/2020\/11\/partrjmi.jpg 548w, https:\/\/www.pedagogie.ac-nice.fr\/mathematiques\/wp-content\/uploads\/sites\/30\/2020\/11\/partrjmi-480x142.jpg 480w\" sizes=\"(min-width: 0px) and (max-width: 480px) 480px, (min-width: 481px) 548px, 100vw\" \/><\/p>\n","protected":false},"excerpt":{"rendered":"<p>Le Rendez-vous des \u00ab\u00a0Jeunes Math\u00e9maticiennes et Informaticiennes\u00a0\u00bb de Nice se d\u00e9roulera le samedi 5 d\u00e9cembre 2020 en ligne, organis\u00e9 par une \u00e9quipe de chercheuses et chercheurs en math\u00e9matiques de l&rsquo;Universit\u00e9 C\u00f4te d&rsquo;Azur avec les associations Animath et Femmes &amp; maths. Cet \u00e9v\u00e9nement virtuel est \u00e0 destination des lyc\u00e9ennes de classe de Premi\u00e8re et Terminale qui [&hellip;]<\/p>\n","protected":false},"author":202,"featured_media":0,"comment_status":"closed","ping_status":"closed","sticky":false,"template":"","format":"standard","meta":{"_et_pb_use_builder":"","_et_pb_old_content":"","_et_gb_content_width":"","ngg_post_thumbnail":0,"footnotes":""},"categories":[121],"tags":[],"class_list":["post-3571","post","type-post","status-publish","format-standard","hentry","category-evenements-culturels","et-doesnt-have-format-content","et_post_format-et-post-format-standard"],"rttpg_featured_image_url":null,"rttpg_author":{"display_name":"admin","author_link":"https:\/\/www.pedagogie.ac-nice.fr\/mathematiques\/author\/opilorget\/"},"rttpg_comment":0,"rttpg_category":"<a href=\"https:\/\/www.pedagogie.ac-nice.fr\/mathematiques\/category\/culture-mathematique\/evenements-culturels\/\" rel=\"category tag\">Ev\u00e9nements culturels<\/a>","rttpg_excerpt":"Le Rendez-vous des \u00ab\u00a0Jeunes Math\u00e9maticiennes et Informaticiennes\u00a0\u00bb de Nice se d\u00e9roulera le samedi 5 d\u00e9cembre 2020 en ligne, organis\u00e9 par une \u00e9quipe de chercheuses et chercheurs en math\u00e9matiques de l&rsquo;Universit\u00e9 C\u00f4te d&rsquo;Azur avec les associations Animath et Femmes &amp; maths. Cet \u00e9v\u00e9nement virtuel est \u00e0 destination des lyc\u00e9ennes de classe de Premi\u00e8re et Terminale qui\u2026","post_mailing_queue_ids":[],"_links":{"self":[{"href":"https:\/\/www.pedagogie.ac-nice.fr\/mathematiques\/wp-json\/wp\/v2\/posts\/3571","targetHints":{"allow":["GET"]}}],"collection":[{"href":"https:\/\/www.pedagogie.ac-nice.fr\/mathematiques\/wp-json\/wp\/v2\/posts"}],"about":[{"href":"https:\/\/www.pedagogie.ac-nice.fr\/mathematiques\/wp-json\/wp\/v2\/types\/post"}],"author":[{"embeddable":true,"href":"https:\/\/www.pedagogie.ac-nice.fr\/mathematiques\/wp-json\/wp\/v2\/users\/202"}],"replies":[{"embeddable":true,"href":"https:\/\/www.pedagogie.ac-nice.fr\/mathematiques\/wp-json\/wp\/v2\/comments?post=3571"}],"version-history":[{"count":5,"href":"https:\/\/www.pedagogie.ac-nice.fr\/mathematiques\/wp-json\/wp\/v2\/posts\/3571\/revisions"}],"predecessor-version":[{"id":3589,"href":"https:\/\/www.pedagogie.ac-nice.fr\/mathematiques\/wp-json\/wp\/v2\/posts\/3571\/revisions\/3589"}],"wp:attachment":[{"href":"https:\/\/www.pedagogie.ac-nice.fr\/mathematiques\/wp-json\/wp\/v2\/media?parent=3571"}],"wp:term":[{"taxonomy":"category","embeddable":true,"href":"https:\/\/www.pedagogie.ac-nice.fr\/mathematiques\/wp-json\/wp\/v2\/categories?post=3571"},{"taxonomy":"post_tag","embeddable":true,"href":"https:\/\/www.pedagogie.ac-nice.fr\/mathematiques\/wp-json\/wp\/v2\/tags?post=3571"}],"curies":[{"name":"wp","href":"https:\/\/api.w.org\/{rel}","templated":true}]}}