{"id":3590,"date":"2020-11-21T05:32:50","date_gmt":"2020-11-21T04:32:50","guid":{"rendered":"https:\/\/www.pedagogie.ac-nice.fr\/mathematiques\/?p=3590"},"modified":"2020-11-21T06:34:07","modified_gmt":"2020-11-21T05:34:07","slug":"conference-avec-mitch-resnick-le-createur-de-scratch","status":"publish","type":"post","link":"https:\/\/www.pedagogie.ac-nice.fr\/mathematiques\/conference-avec-mitch-resnick-le-createur-de-scratch\/","title":{"rendered":"Conf\u00e9rence avec Mitch Resnick, le cr\u00e9ateur de Scratch."},"content":{"rendered":"<h2 style=\"text-align: center;\"><span style=\"font-size: 18pt; color: #808080;\"><strong>Apprendre \u00e0 coder, ou Coder pour apprendre ?<\/strong><\/span><\/h2>\n<p>&nbsp;<\/p>\n<p><strong><img loading=\"lazy\" decoding=\"async\" class=\" wp-image-3594 alignleft\" src=\"https:\/\/www.pedagogie.ac-nice.fr\/mathematiques\/wp-content\/uploads\/sites\/30\/2020\/11\/scratch.jpg\" alt=\"\" width=\"143\" height=\"143\" srcset=\"https:\/\/www.pedagogie.ac-nice.fr\/mathematiques\/wp-content\/uploads\/sites\/30\/2020\/11\/scratch.jpg 225w, https:\/\/www.pedagogie.ac-nice.fr\/mathematiques\/wp-content\/uploads\/sites\/30\/2020\/11\/scratch-150x150.jpg 150w\" sizes=\"(max-width: 143px) 100vw, 143px\" \/>Mitch Resnick<\/strong>&nbsp;a cr\u00e9\u00e9, avec son \u00e9quipe du MIT Medialab,&nbsp;<strong>Scratch<\/strong>, la r\u00e9f\u00e9rence mondiale pour l\u2019initiation des jeunes \u00e0 la programmation.&nbsp;<\/p>\n<p>Cette conf\u00e9rence sera une occasion unique de l\u2019entendre en fran\u00e7ais sur les enjeux autour de l\u2019apprentissage du code, et de confronter cette vision \u00e0 la r\u00e9alit\u00e9 du terrain en France.<\/p>\n<p>Il sera accompagn\u00e9 de&nbsp;<strong>Margarida Romero<\/strong>,&nbsp;directrice du Laboratoire d\u2019Innovation et Num\u00e9rique pour l\u2019\u00c9ducation (LINE) de l\u2019Universit\u00e9 C\u00f4te d\u2019Azur, de&nbsp;<strong>David Belhassein<\/strong>, enseignant, directeur du 1er degr\u00e9 et formateur au Grand Lyc\u00e9e Franco-Libanais de Beyrouth, et de Romain Liblau, responsable p\u00e9dagogie et innovation de Magic Makers.<\/p>\n<p>La conf\u00e9rence sera anim\u00e9e par Claude Terosier, avec un&nbsp;<strong>format participatif&nbsp;<\/strong>pour ceux qui souhaiteraient \u00e9changer avec les intervenants.<\/p>\n<p>&nbsp;<\/p>\n<h2 class=\"text-body-large hide-small\"><em><strong><span style=\"font-size: 14pt; color: #808080;\">\u00c0 propos de cet \u00e9v\u00e9nement<\/span><\/strong><\/em><\/h2>\n<div class=\"has-user-generated-content\" data-automation=\"about-this-event-sc\">\n<div class=\"structured-content-rich-text structured-content__module l-align-left l-mar-vert-6 l-sm-mar-vert-4 text-body-medium\">\n<p>L\u2019apprentissage du code par les jeunes est devenu une r\u00e9alit\u00e9, et Scratch est maintenant utilis\u00e9 dans tous les coll\u00e8ges de France pour initier les jeunes \u00e0 la science informatique.<\/p>\n<p>Quel est l\u2019enjeu de cet apprentissage ?<\/p>\n<p>Pour <strong>Mitchel Resnick, qui a cr\u00e9\u00e9 Scratch avec son \u00e9quipe du MIT <\/strong>Medialab, il s\u2019agit de d\u00e9velopper les comp\u00e9tences de cr\u00e9ativit\u00e9, de communication et de collaboration, et c\u2019est au travers du jeu et de la cr\u00e9ation de projets informatiques bas\u00e9s sur leurs passions que les jeunes acqui\u00e8rent les comp\u00e9tences de la pens\u00e9e informatique.<br \/>\nComment cette approche r\u00e9sonne-t-elle dans le monde de l\u2019\u00e9ducation fran\u00e7ais ?<\/p>\n<p>&nbsp;<\/p>\n<\/div>\n<\/div>\n<p style=\"text-align: center;\"><span style=\"font-size: 12pt;\"><strong>mardi 8 d\u00e9cembre \u00e0 18h \u00e0 19h<\/strong><\/span><br \/>\n<span style=\"font-size: 12pt;\"><strong>en fran\u00e7ais ou en anglais<\/strong><\/span><br \/>\n<span style=\"font-size: 12pt;\"><strong>sur zoom en version participative et sur youtube en live<\/strong><\/span><\/p>\n<p style=\"text-align: center;\"><a href='https:\/\/magicmakers-dot-yamm-track.appspot.com\/Redirect?ukey=1Wjl_06mCDR_eoQo8-i0qZPJiKk3kcyL8fcX7OClAD-g-363985847&#038;key=YAMMID-53827591&#038;link=https%3A%2F%2Finfo.magicmakers.fr%2Fe2t%2Ftc%2FVWptxW4z2cnVW60FFPc1fmhc0W861hN74jn-NBN7MjfwL7SKxDV5X_Kf7Cg-JQW1x-YGQ5N2SgRW5vPpfK3k4P-WVr78Wg6WrPxYVQNBZJ1MK6PhN1KQW3Tz0pm9W249_cW2yVFp9N20tKsTT3MBDW2PM6HY2ywnKXVrCxhz29KxHNW2Cyzd88swJPpW7FhWft2wJw-sW3QY1mt7bYfq5W3kl3lk6Qh7bvVRrPV91vzVddW8NQnXQ1hgzp8N8wyNky3SJ7hW3X73Pq8bhfMFW5_SZ0p6_mfPZW8m1M1z2lhN1yN7W_hbpkg_8TW3rCRY36Q8B-PW7Q3q8l8YDKXFW5vNqXw5dHKggW6DrLGy51mzMfW2jf3zg24VTzKW1nyfYW2FRW_2V2blfB4xtTDfW8GYyFv6dr1WRW3f9g-Q5xf1dyW69gTdV92C6p5W5RZQ7D4HfwPdN8rVvDTtJCntW8sPwYr3gmgY1W1GHz9K27z5dKW38Vdg72dTzV6W8BwDzG4wwBxgW43SmWX77r2scW8VhH4q63GZ2qW1BrTSJ6Y2w2VW1_CGv22SR9jPW3Zxpcj8_GjXkW8P8hxx91kP35V5qgCd8cD6L5W6VfZ-Z7KV7ksVY-9JN8lP4vrW5Dsm9x5XZxtzW17lPrN98ptp6W3MW4rl8CdCgH3b2H1' class='small-button smallblue' target=\"_blank\"><span style=\"font-size: 12pt;\"><em><strong>Pour s&rsquo;inscrire \u00e0 la conf\u00e9rence<\/strong><\/em><\/span><\/a><\/p>\n<p style=\"padding-left: 80px;\"><img loading=\"lazy\" decoding=\"async\" class=\"alignnone wp-image-3598\" src=\"https:\/\/www.pedagogie.ac-nice.fr\/mathematiques\/wp-content\/uploads\/sites\/30\/2020\/11\/unnamed.png\" alt=\"\" width=\"171\" height=\"171\"> &nbsp; &nbsp; &nbsp; &nbsp; <img loading=\"lazy\" decoding=\"async\" class=\"alignnone wp-image-3599\" src=\"https:\/\/www.pedagogie.ac-nice.fr\/mathematiques\/wp-content\/uploads\/sites\/30\/2020\/11\/images.png\" alt=\"\" width=\"160\" height=\"160\" srcset=\"https:\/\/www.pedagogie.ac-nice.fr\/mathematiques\/wp-content\/uploads\/sites\/30\/2020\/11\/images.png 225w, https:\/\/www.pedagogie.ac-nice.fr\/mathematiques\/wp-content\/uploads\/sites\/30\/2020\/11\/images-150x150.png 150w\" sizes=\"(max-width: 160px) 100vw, 160px\" \/> &nbsp; &nbsp; &nbsp;&nbsp; <img loading=\"lazy\" decoding=\"async\" class=\"alignnone wp-image-3600\" src=\"https:\/\/www.pedagogie.ac-nice.fr\/mathematiques\/wp-content\/uploads\/sites\/30\/2020\/11\/YLUzaRgn.jpg\" alt=\"\" width=\"205\" height=\"205\" srcset=\"https:\/\/www.pedagogie.ac-nice.fr\/mathematiques\/wp-content\/uploads\/sites\/30\/2020\/11\/YLUzaRgn.jpg 400w, https:\/\/www.pedagogie.ac-nice.fr\/mathematiques\/wp-content\/uploads\/sites\/30\/2020\/11\/YLUzaRgn-300x300.jpg 300w, https:\/\/www.pedagogie.ac-nice.fr\/mathematiques\/wp-content\/uploads\/sites\/30\/2020\/11\/YLUzaRgn-150x150.jpg 150w\" sizes=\"(max-width: 205px) 100vw, 205px\" \/><\/p>\n","protected":false},"excerpt":{"rendered":"<p>Apprendre \u00e0 coder, ou Coder pour apprendre ? &nbsp; Mitch Resnick&nbsp;a cr\u00e9\u00e9, avec son \u00e9quipe du MIT Medialab,&nbsp;Scratch, la r\u00e9f\u00e9rence mondiale pour l\u2019initiation des jeunes \u00e0 la programmation.&nbsp; Cette conf\u00e9rence sera une occasion unique de l\u2019entendre en fran\u00e7ais sur les enjeux autour de l\u2019apprentissage du code, et de confronter cette vision \u00e0 la r\u00e9alit\u00e9 du [&hellip;]<\/p>\n","protected":false},"author":202,"featured_media":0,"comment_status":"closed","ping_status":"closed","sticky":false,"template":"","format":"standard","meta":{"_et_pb_use_builder":"","_et_pb_old_content":"","_et_gb_content_width":"","ngg_post_thumbnail":0,"footnotes":""},"categories":[174,1],"tags":[],"class_list":["post-3590","post","type-post","status-publish","format-standard","hentry","category-conferences","category-non-classe","et-doesnt-have-format-content","et_post_format-et-post-format-standard"],"rttpg_featured_image_url":null,"rttpg_author":{"display_name":"admin","author_link":"https:\/\/www.pedagogie.ac-nice.fr\/mathematiques\/author\/opilorget\/"},"rttpg_comment":0,"rttpg_category":"<a href=\"https:\/\/www.pedagogie.ac-nice.fr\/mathematiques\/category\/culture-mathematique\/conferences\/\" rel=\"category tag\">Conf\u00e9rences<\/a> <a href=\"https:\/\/www.pedagogie.ac-nice.fr\/mathematiques\/category\/non-classe\/\" rel=\"category tag\">Non class\u00e9<\/a>","rttpg_excerpt":"Apprendre \u00e0 coder, ou Coder pour apprendre ? &nbsp; Mitch Resnick&nbsp;a cr\u00e9\u00e9, avec son \u00e9quipe du MIT Medialab,&nbsp;Scratch, la r\u00e9f\u00e9rence mondiale pour l\u2019initiation des jeunes \u00e0 la programmation.&nbsp; Cette conf\u00e9rence sera une occasion unique de l\u2019entendre en fran\u00e7ais sur les enjeux autour de l\u2019apprentissage du code, et de confronter cette vision \u00e0 la r\u00e9alit\u00e9 du\u2026","post_mailing_queue_ids":[],"_links":{"self":[{"href":"https:\/\/www.pedagogie.ac-nice.fr\/mathematiques\/wp-json\/wp\/v2\/posts\/3590","targetHints":{"allow":["GET"]}}],"collection":[{"href":"https:\/\/www.pedagogie.ac-nice.fr\/mathematiques\/wp-json\/wp\/v2\/posts"}],"about":[{"href":"https:\/\/www.pedagogie.ac-nice.fr\/mathematiques\/wp-json\/wp\/v2\/types\/post"}],"author":[{"embeddable":true,"href":"https:\/\/www.pedagogie.ac-nice.fr\/mathematiques\/wp-json\/wp\/v2\/users\/202"}],"replies":[{"embeddable":true,"href":"https:\/\/www.pedagogie.ac-nice.fr\/mathematiques\/wp-json\/wp\/v2\/comments?post=3590"}],"version-history":[{"count":7,"href":"https:\/\/www.pedagogie.ac-nice.fr\/mathematiques\/wp-json\/wp\/v2\/posts\/3590\/revisions"}],"predecessor-version":[{"id":3602,"href":"https:\/\/www.pedagogie.ac-nice.fr\/mathematiques\/wp-json\/wp\/v2\/posts\/3590\/revisions\/3602"}],"wp:attachment":[{"href":"https:\/\/www.pedagogie.ac-nice.fr\/mathematiques\/wp-json\/wp\/v2\/media?parent=3590"}],"wp:term":[{"taxonomy":"category","embeddable":true,"href":"https:\/\/www.pedagogie.ac-nice.fr\/mathematiques\/wp-json\/wp\/v2\/categories?post=3590"},{"taxonomy":"post_tag","embeddable":true,"href":"https:\/\/www.pedagogie.ac-nice.fr\/mathematiques\/wp-json\/wp\/v2\/tags?post=3590"}],"curies":[{"name":"wp","href":"https:\/\/api.w.org\/{rel}","templated":true}]}}