{"id":3745,"date":"2021-01-14T00:24:20","date_gmt":"2021-01-13T23:24:20","guid":{"rendered":"https:\/\/www.pedagogie.ac-nice.fr\/mathematiques\/?p=3745"},"modified":"2021-01-18T19:42:02","modified_gmt":"2021-01-18T18:42:02","slug":"un-texte-un-mathematicien-cycle-de-conferences-a-la-bnf","status":"publish","type":"post","link":"https:\/\/www.pedagogie.ac-nice.fr\/mathematiques\/un-texte-un-mathematicien-cycle-de-conferences-a-la-bnf\/","title":{"rendered":"\u00ab Un texte un math\u00e9maticien \u00bb : cycle de conf\u00e9rences \u00e0 la BnF"},"content":{"rendered":"<p style=\"text-align: center;\"><strong> <img loading=\"lazy\" decoding=\"async\" class=\"alignnone wp-image-3747\" src=\"https:\/\/www.pedagogie.ac-nice.fr\/mathematiques\/wp-content\/uploads\/sites\/30\/2021\/01\/logo-smf.png\" alt=\"\" width=\"126\" height=\"126\" srcset=\"https:\/\/www.pedagogie.ac-nice.fr\/mathematiques\/wp-content\/uploads\/sites\/30\/2021\/01\/logo-smf.png 225w, https:\/\/www.pedagogie.ac-nice.fr\/mathematiques\/wp-content\/uploads\/sites\/30\/2021\/01\/logo-smf-150x150.png 150w\" sizes=\"(max-width: 126px) 100vw, 126px\" \/> &nbsp;&nbsp;&nbsp;&nbsp;&nbsp; <img loading=\"lazy\" decoding=\"async\" class=\"alignnone wp-image-1498\" src=\"https:\/\/www.pedagogie.ac-nice.fr\/mathematiques\/wp-content\/uploads\/sites\/30\/2019\/09\/logo-animath.jpg\" alt=\"\" width=\"295\" height=\"118\" srcset=\"https:\/\/www.pedagogie.ac-nice.fr\/mathematiques\/wp-content\/uploads\/sites\/30\/2019\/09\/logo-animath.jpg 350w, https:\/\/www.pedagogie.ac-nice.fr\/mathematiques\/wp-content\/uploads\/sites\/30\/2019\/09\/logo-animath-150x60.jpg 150w, https:\/\/www.pedagogie.ac-nice.fr\/mathematiques\/wp-content\/uploads\/sites\/30\/2019\/09\/logo-animath-300x120.jpg 300w\" sizes=\"(max-width: 295px) 100vw, 295px\" \/> &nbsp; <img loading=\"lazy\" decoding=\"async\" class=\"alignnone wp-image-3750\" src=\"https:\/\/www.pedagogie.ac-nice.fr\/mathematiques\/wp-content\/uploads\/sites\/30\/2021\/01\/logo-bnf.png\" alt=\"\" width=\"256\" height=\"128\" srcset=\"https:\/\/www.pedagogie.ac-nice.fr\/mathematiques\/wp-content\/uploads\/sites\/30\/2021\/01\/logo-bnf.png 318w, https:\/\/www.pedagogie.ac-nice.fr\/mathematiques\/wp-content\/uploads\/sites\/30\/2021\/01\/logo-bnf-300x150.png 300w, https:\/\/www.pedagogie.ac-nice.fr\/mathematiques\/wp-content\/uploads\/sites\/30\/2021\/01\/logo-bnf-150x75.png 150w\" sizes=\"(max-width: 256px) 100vw, 256px\" \/><br \/>\n<\/strong><\/p>\n<p>&nbsp;<\/p>\n<p><img loading=\"lazy\" decoding=\"async\" class=\"wp-image-3748 alignleft\" src=\"https:\/\/www.pedagogie.ac-nice.fr\/mathematiques\/wp-content\/uploads\/sites\/30\/2021\/01\/BNF-2021-BD.jpg\" alt=\"\" width=\"190\" height=\"283\">Le cycle de conf\u00e9rences \u00ab\u00a0<strong><a href=\"https:\/\/animath.fr\/actions\/un-texte-un-mathematicien\/\" target=\"_blank\" rel=\"noopener\">Un texte, un math\u00e9maticien<\/a>\u00a0\u00bb <\/strong>est co-organis\u00e9 par la Soci\u00e9t\u00e9 math\u00e9matique de France et la Biblioth\u00e8que Nationale de France, en partenariat avec Animath.<\/p>\n<p>Il s\u2019agit de <strong>quatre conf\u00e9rences de math\u00e9matiques grand public<\/strong>, principalement adress\u00e9es aux classes de lyc\u00e9e. Elles traitent de recherches math\u00e9matiques actuelles, expliqu\u00e9es \u00e0 partir d\u2019un texte math\u00e9matique historique. Animath organise la participation des \u00e9l\u00e8ves de <strong>premi\u00e8re et terminale, en priorit\u00e9 des lyc\u00e9es publics<\/strong>, et en particulier en politique de la Ville.<\/p>\n<p><em><a href=\"https:\/\/www.pedagogie.ac-nice.fr\/mathematiques\/wp-content\/uploads\/sites\/30\/2021\/01\/BNF-2021-BD.jpg\" target=\"_blank\" rel=\"noopener\">T\u00e9l\u00e9charger l&rsquo;affiche de l&rsquo;\u00e9v\u00e8nement<\/a><br \/>\n<a href=\"https:\/\/www.pedagogie.ac-nice.fr\/mathematiques\/wp-content\/uploads\/sites\/30\/2021\/01\/Plaquette-Lycees-maj-2021.pdf\" target=\"_blank\" rel=\"noopener\">T\u00e9l\u00e9charger le Flyer<\/a><\/em><\/p>\n<p>&nbsp;<\/p>\n<p>Pour la premi\u00e8re fois, la participation \u00e0 distance est possible : toutes les conf\u00e9rences seront <strong>diffus\u00e9es en ligne en direct<\/strong>, une discussion en visioconf\u00e9rence avec un chercheur ou une chercheuse est propos\u00e9e, ainsi qu\u2019une d\u00e9couverte virtuelle des ressources de la BnF.<\/p>\n<p>Pour l\u2019ann\u00e9e 2021, nous aurons l\u2019occasion d\u2019\u00e9couter :&nbsp;<\/p>\n<ul>\n<li style=\"list-style-type: none;\">\n<ul style=\"list-style-type: disc;\">\n<li><strong>Julie Delon<\/strong>, professeure \u00e0 l\u2019Universit\u00e9 Paris-Descartes, le <strong>20 janvier<\/strong> pour la conf\u00e9rence<br \/>\n&nbsp;&nbsp;&nbsp;&nbsp;&nbsp;&nbsp;&nbsp;&nbsp;&nbsp; \u201c<strong>Des tas de sable aux pixels, deux si\u00e8cles et demi de transport optimal depuis Monge<\/strong>\u201d<\/li>\n<li><strong>Vincent Beffara<\/strong>, directeur de recherche au CNRS \u00e0 l\u2019Institut Fourier \u00e0 Grenoble, le <strong>10 f\u00e9vrier<\/strong> pour la conf\u00e9rence<br \/>\n&nbsp;&nbsp;&nbsp;&nbsp;&nbsp;&nbsp;&nbsp;&nbsp;&nbsp; \u201c<strong>J.W. Gibbs : les math\u00e9matiques du hasard au c\u0153ur de la physique ?<\/strong>\u201d<\/li>\n<li><strong>Patrick Popescu-Pampu<\/strong>, professeur \u00e0 l\u2019universit\u00e9 de Lille, le <strong>17 mars<\/strong> pour la conf\u00e9rence<br \/>\n&nbsp;&nbsp;&nbsp;&nbsp;&nbsp;&nbsp;&nbsp;&nbsp;&nbsp; \u201c<strong>Ren\u00e9 Thom et le dynamisme des formes instables<\/strong>\u201d<\/li>\n<li><strong>Marie Th\u00e9ret<\/strong>, professeure \u00e0 l\u2019Universit\u00e9 Paris-Nanterre, le <strong>14 avril<\/strong> pour la conf\u00e9rence<br \/>\n&nbsp;&nbsp;&nbsp;&nbsp;&nbsp;&nbsp;&nbsp;&nbsp;&nbsp; \u201c<strong>Hammersley, feux de for\u00eat, porosit\u00e9 et r\u00e9seaux<\/strong>\u201d<\/li>\n<\/ul>\n<\/li>\n<\/ul>\n<p>&nbsp;<\/p>\n<p style=\"text-align: center;\"><span style=\"font-size: 14pt;\"><em><strong>Pour s&rsquo;inscrire<br \/>\n<\/strong><\/em> <\/span><br \/>\nLes inscriptions se font par les enseignants ou individuellement par les \u00e9l\u00e8ves jusqu\u2019\u00e0 un mois avant la conf\u00e9rence sur :<br \/>\n<a href=\"https:\/\/animath.fr\/actions\/un-texte-un-mathematicien\/\" target=\"_blank\" rel=\"noopener\">https:\/\/animath.fr\/actions\/un-texte-un-mathematicien\/<\/a><\/p>\n<p>&nbsp;<\/p>\n<p>&nbsp;<\/p>\n<p>&nbsp;<\/p>\n","protected":false},"excerpt":{"rendered":"<p>&nbsp;&nbsp;&nbsp;&nbsp;&nbsp; &nbsp; &nbsp; Le cycle de conf\u00e9rences \u00ab\u00a0Un texte, un math\u00e9maticien\u00a0\u00bb est co-organis\u00e9 par la Soci\u00e9t\u00e9 math\u00e9matique de France et la Biblioth\u00e8que Nationale de France, en partenariat avec Animath. Il s\u2019agit de quatre conf\u00e9rences de math\u00e9matiques grand public, principalement adress\u00e9es aux classes de lyc\u00e9e. Elles traitent de recherches math\u00e9matiques actuelles, expliqu\u00e9es \u00e0 partir d\u2019un texte [&hellip;]<\/p>\n","protected":false},"author":202,"featured_media":0,"comment_status":"closed","ping_status":"closed","sticky":false,"template":"","format":"standard","meta":{"_et_pb_use_builder":"","_et_pb_old_content":"","_et_gb_content_width":"","ngg_post_thumbnail":0,"footnotes":""},"categories":[174,1],"tags":[],"class_list":["post-3745","post","type-post","status-publish","format-standard","hentry","category-conferences","category-non-classe","et-doesnt-have-format-content","et_post_format-et-post-format-standard"],"rttpg_featured_image_url":null,"rttpg_author":{"display_name":"admin","author_link":"https:\/\/www.pedagogie.ac-nice.fr\/mathematiques\/author\/opilorget\/"},"rttpg_comment":0,"rttpg_category":"<a href=\"https:\/\/www.pedagogie.ac-nice.fr\/mathematiques\/category\/culture-mathematique\/conferences\/\" rel=\"category tag\">Conf\u00e9rences<\/a> <a href=\"https:\/\/www.pedagogie.ac-nice.fr\/mathematiques\/category\/non-classe\/\" rel=\"category tag\">Non class\u00e9<\/a>","rttpg_excerpt":"&nbsp;&nbsp;&nbsp;&nbsp;&nbsp; &nbsp; &nbsp; Le cycle de conf\u00e9rences \u00ab\u00a0Un texte, un math\u00e9maticien\u00a0\u00bb est co-organis\u00e9 par la Soci\u00e9t\u00e9 math\u00e9matique de France et la Biblioth\u00e8que Nationale de France, en partenariat avec Animath. Il s\u2019agit de quatre conf\u00e9rences de math\u00e9matiques grand public, principalement adress\u00e9es aux classes de lyc\u00e9e. Elles traitent de recherches math\u00e9matiques actuelles, expliqu\u00e9es \u00e0 partir d\u2019un texte\u2026","post_mailing_queue_ids":[],"_links":{"self":[{"href":"https:\/\/www.pedagogie.ac-nice.fr\/mathematiques\/wp-json\/wp\/v2\/posts\/3745","targetHints":{"allow":["GET"]}}],"collection":[{"href":"https:\/\/www.pedagogie.ac-nice.fr\/mathematiques\/wp-json\/wp\/v2\/posts"}],"about":[{"href":"https:\/\/www.pedagogie.ac-nice.fr\/mathematiques\/wp-json\/wp\/v2\/types\/post"}],"author":[{"embeddable":true,"href":"https:\/\/www.pedagogie.ac-nice.fr\/mathematiques\/wp-json\/wp\/v2\/users\/202"}],"replies":[{"embeddable":true,"href":"https:\/\/www.pedagogie.ac-nice.fr\/mathematiques\/wp-json\/wp\/v2\/comments?post=3745"}],"version-history":[{"count":5,"href":"https:\/\/www.pedagogie.ac-nice.fr\/mathematiques\/wp-json\/wp\/v2\/posts\/3745\/revisions"}],"predecessor-version":[{"id":3777,"href":"https:\/\/www.pedagogie.ac-nice.fr\/mathematiques\/wp-json\/wp\/v2\/posts\/3745\/revisions\/3777"}],"wp:attachment":[{"href":"https:\/\/www.pedagogie.ac-nice.fr\/mathematiques\/wp-json\/wp\/v2\/media?parent=3745"}],"wp:term":[{"taxonomy":"category","embeddable":true,"href":"https:\/\/www.pedagogie.ac-nice.fr\/mathematiques\/wp-json\/wp\/v2\/categories?post=3745"},{"taxonomy":"post_tag","embeddable":true,"href":"https:\/\/www.pedagogie.ac-nice.fr\/mathematiques\/wp-json\/wp\/v2\/tags?post=3745"}],"curies":[{"name":"wp","href":"https:\/\/api.w.org\/{rel}","templated":true}]}}