{"id":3909,"date":"2021-04-05T08:52:25","date_gmt":"2021-04-05T06:52:25","guid":{"rendered":"https:\/\/www.pedagogie.ac-nice.fr\/mathematiques\/?p=3909"},"modified":"2025-07-02T09:47:17","modified_gmt":"2025-07-02T07:47:17","slug":"continuite-pedagogique-mars-2021","status":"publish","type":"post","link":"https:\/\/www.pedagogie.ac-nice.fr\/mathematiques\/continuite-pedagogique-mars-2021\/","title":{"rendered":"Continuit\u00e9 p\u00e9dagogique au lyc\u00e9e &#8211; 2021 &#8211; Maj du 24\/04\/2021"},"content":{"rendered":"<p>Cet article regroupe des <strong>retours d&rsquo;exp\u00e9rience<\/strong> du <strong>Groupe de R\u00e9flexion Acad\u00e9mique Lyc\u00e9e<\/strong> (GRAL) et du <strong>Groupe Num\u00e9rique Disciplinaire<\/strong> (GND) concernant la continuit\u00e9 p\u00e9dagogique 2020-2021.<br \/>\nCes exemples ne sont pas des mod\u00e8les \u00e0 reproduire, et aucun de ces dispositifs n\u2019est fig\u00e9 dans la forme ou le contenu. Ils visent \u00e0 donner des pistes de r\u00e9flexion aux professeurs.<\/p>\n<p>&nbsp;<\/p>\n<table style=\"height: 446px; width: 98%; border-collapse: collapse; background-color: #e0dada;\">\n<tbody>\n<tr style=\"height: 24px;\">\n<td style=\"width: 33.3333%; text-align: center; height: 24px; border-color: #e8e6e6;\"><span style=\"font-size: 12pt;\"><strong>Titre<\/strong><\/span><\/td>\n<td style=\"width: 33.3333%; text-align: center; height: 24px; border-color: #e8e6e6;\"><span style=\"font-size: 12pt;\"><strong>Outil<\/strong><\/span><\/td>\n<td style=\"width: 33.3333%; text-align: center; height: 24px; border-color: #e8e6e6;\"><strong><span style=\"font-size: 12pt;\">Mat\u00e9riel<\/span><\/strong><\/td>\n<\/tr>\n<tr style=\"height: 23px;\">\n<td style=\"width: 33.3333%; text-align: center; height: 23px; border-color: #e8e6e6;\"><a href=\"https:\/\/www.pedagogie.ac-nice.fr\/mathematiques\/wp-content\/uploads\/sites\/30\/2021\/04\/Retex-sur-la-classe-hybride-synchroneV2.pdf\" target=\"_blank\" rel=\"noopener\"><strong>Enseignement hybride synchrone au lyc\u00e9e<\/strong><\/a><\/td>\n<td style=\"width: 33.3333%; text-align: center; height: 23px; border-color: #e8e6e6;\">Classe virtuelle du CNED<\/td>\n<td style=\"width: 33.3333%; text-align: center; height: 23px; border-color: #e8e6e6;\">Tablettes num\u00e9riques<br \/>\nStylet<\/td>\n<\/tr>\n<tr style=\"height: 23px;\">\n<td style=\"width: 33.3333%; text-align: center; height: 23px; border-color: #e8e6e6;\"><a href=\"https:\/\/www.pedagogie.ac-nice.fr\/mathematiques\/wp-content\/uploads\/sites\/30\/2021\/04\/Larregain_VG_classe_hybride_synchrone.pdf\" target=\"_blank\" rel=\"noopener\"><strong>Enseignement hybride synchrone au lyc\u00e9e<\/strong><\/a><\/td>\n<td style=\"width: 33.3333%; text-align: center; height: 23px; border-color: #e8e6e6;\">Classe virtuelle du CNED<\/td>\n<td style=\"width: 33.3333%; text-align: center; height: 23px; border-color: #e8e6e6;\">Vid\u00e9oprojecteur<br \/>\nCam\u00e9ra avec micro dans la salle<\/td>\n<\/tr>\n<tr style=\"height: 23px;\">\n<td style=\"width: 33.3333%; text-align: center; height: 23px; border-color: #e8e6e6;\"><a href=\"https:\/\/www.pedagogie.ac-nice.fr\/mathematiques\/wp-content\/uploads\/sites\/30\/2021\/04\/Temoignage-RETEX-sur-lhybridation-au-lycee.pdf\" target=\"_blank\" rel=\"noopener\"><strong>Enseignement hybride synchrone au lyc\u00e9e<\/strong><\/a><\/td>\n<td style=\"width: 33.3333%; text-align: center; height: 23px; border-color: #e8e6e6;\">Moodle et capsules vid\u00e9o<\/td>\n<td style=\"width: 33.3333%; text-align: center; height: 23px; border-color: #e8e6e6;\">Ordinateur, tablette ou smartphone connect\u00e9 \u00e0 internet<\/td>\n<\/tr>\n<tr style=\"height: 23px;\">\n<td style=\"width: 33.3333%; text-align: center; height: 23px; border-color: #e8e6e6;\"><a href=\"https:\/\/www.pedagogie.ac-nice.fr\/mathematiques\/wp-content\/uploads\/sites\/30\/2021\/04\/Larregain_VG_Quizizz.pdf\" target=\"_blank\" rel=\"noopener\"><strong>Entra\u00eener les \u00e9l\u00e8ves \u00e0 l&rsquo;aide de quiz interactifs au lyc\u00e9e<\/strong><\/a><\/td>\n<td style=\"width: 33.3333%; text-align: center; height: 23px; border-color: #e8e6e6;\">Site Quizizz<\/td>\n<td style=\"width: 33.3333%; text-align: center; height: 23px; border-color: #e8e6e6;\">Ordinateur, tablette ou smartphone connect\u00e9 \u00e0 internet<\/td>\n<\/tr>\n<tr style=\"height: 142px;\">\n<td style=\"width: 33.3333%; text-align: center; border-color: #e8e6e6; height: 142px;\"><strong><a href=\"https:\/\/www.pedagogie.ac-nice.fr\/mathematiques\/wp-content\/uploads\/sites\/30\/2021\/04\/Temoignage-RETEX-Hybridation-au-Lycee-n\u00b02-1.pdf\" target=\"_blank\" rel=\"noopener\">Enseignement hybride synchrone au lyc\u00e9e<\/a><br \/>\n<\/strong><\/td>\n<td style=\"width: 33.3333%; border-color: #e8e6e6; text-align: center; height: 142px;\">Classe virtuelle du CNED<br \/>\nMoodle<br \/>\n<span style=\"color: #ff6600;\">Formulaire PDF \u00e0 remplir<br \/>\n-&gt; ex1 : <strong><a style=\"color: #ff6600;\" href=\"https:\/\/www.pedagogie.ac-nice.fr\/mathematiques\/wp-content\/uploads\/sites\/30\/2021\/04\/Activite_Exercices_Identites_remarquables.pdf\" target=\"_blank\" rel=\"noopener\">Activit\u00e9<\/a><\/strong><br \/>\n-&gt; ex2 : <strong><a style=\"color: #ff6600;\" href=\"https:\/\/www.pedagogie.ac-nice.fr\/mathematiques\/wp-content\/uploads\/sites\/30\/2021\/04\/QCM_Factorisation.pdf\" target=\"_blank\" rel=\"noopener\">QCM<\/a><\/strong>&nbsp;&nbsp;<br \/>\n-&gt; ex3 : <strong><a style=\"color: #ff6600;\" href=\"https:\/\/www.pedagogie.ac-nice.fr\/mathematiques\/wp-content\/uploads\/sites\/30\/2021\/04\/TD_Racine_Carree.pdf\" target=\"_blank\" rel=\"noopener\">TD<\/a>&nbsp;&nbsp;<\/strong>&nbsp;&nbsp;&nbsp; <\/span><\/td>\n<td style=\"width: 33.3333%; text-align: center; border-color: #e8e6e6; height: 142px;\">Vid\u00e9oprojecteur<br \/>\nWebcam avec micro dans la salle<\/td>\n<\/tr>\n<tr style=\"height: 47px;\">\n<td style=\"width: 33.3333%; text-align: center; border-color: #e8e6e6; height: 47px;\"><a href=\"https:\/\/www.pedagogie.ac-nice.fr\/mathematiques\/wp-content\/uploads\/sites\/30\/2021\/04\/JORRO_2NDE_Feuillederoute.pdf\" target=\"_blank\" rel=\"noopener\"><strong>Feuille de route pour enseignement en distanciel<\/strong><\/a><\/td>\n<td style=\"width: 33.3333%; border-color: #e8e6e6; text-align: center; height: 47px;\">WIMS et SOCRATIVE, Visio avec Jitsi Meet via Atrium<\/td>\n<td style=\"width: 33.3333%; text-align: center; border-color: #e8e6e6; height: 47px;\">Ordinateur, tablette ou smartphone connect\u00e9 \u00e0 internet<\/td>\n<\/tr>\n<tr style=\"height: 47px;\">\n<td style=\"width: 33.3333%; text-align: center; border-color: #e8e6e6; height: 47px;\"><a href=\"https:\/\/www.pedagogie.ac-nice.fr\/mathematiques\/wp-content\/uploads\/sites\/30\/2021\/04\/ContinuitePedagogique-Wooclap.pdf\" target=\"_blank\" rel=\"noopener\"><strong>Engagement actif des \u00e9l\u00e8ves en distanciel<\/strong><\/a><\/td>\n<td style=\"width: 33.3333%; border-color: #e8e6e6; text-align: center; height: 47px;\">Wooclap<\/td>\n<td style=\"width: 33.3333%; text-align: center; border-color: #e8e6e6; height: 47px;\">Ordinateur, tablette ou smartphone connect\u00e9 \u00e0 internet<\/td>\n<\/tr>\n<tr style=\"height: 47px;\">\n<td style=\"width: 33.3333%; text-align: center; border-color: #e8e6e6; height: 47px;\"><a href=\"https:\/\/www.pedagogie.ac-nice.fr\/mathematiques\/wp-content\/uploads\/sites\/30\/2021\/04\/JORRO_1TECHNO_Automatismes.pdf\" target=\"_blank\" rel=\"noopener\"><strong>Les automatismes en classe de 1ere technologique<\/strong><\/a><\/td>\n<td style=\"width: 33.3333%; border-color: #e8e6e6; text-align: center; height: 47px;\"><span style=\"color: #ff6600;\"><strong><a style=\"color: #ff6600;\" href=\"https:\/\/view.genial.ly\/60786fdae9b5e00db703e04c\/presentation-automatismes-1eres-technologiques\" target=\"_blank\" rel=\"noopener\">Genially<\/a><br \/>\n<\/strong><span style=\"color: #333333;\">(mdp : GRAL21)<\/span><strong><br \/>\n<\/strong><\/span><\/td>\n<td style=\"width: 33.3333%; text-align: center; border-color: #e8e6e6; height: 47px;\">Ordinateur, tablette ou smartphone connect\u00e9 \u00e0 internet<\/td>\n<\/tr>\n<tr style=\"height: 47px;\">\n<td style=\"width: 33.3333%; text-align: center; border-color: #e8e6e6; height: 47px;\"><a href=\"https:\/\/www.pedagogie.ac-nice.fr\/mathematiques\/wp-content\/uploads\/sites\/30\/2021\/04\/Groupes_de_travail.pdf\" target=\"_blank\" rel=\"noopener\"><strong>Diff\u00e9renciation par groupes de travail par Classe Virtuelle, en classe de Seconde (les probabilit\u00e9s)<\/strong><\/a><\/td>\n<td style=\"width: 33.3333%; border-color: #e8e6e6; text-align: center; height: 47px;\">Classe virtuelle du CNED<\/td>\n<td style=\"width: 33.3333%; text-align: center; border-color: #e8e6e6; height: 47px;\">Ordinateur, tablette ou smartphone connect\u00e9 \u00e0 internet<\/td>\n<\/tr>\n<tr>\n<td style=\"width: 33.3333%; text-align: center; border-color: #e8e6e6;\"><a href=\"https:\/\/www.pedagogie.ac-nice.fr\/mathematiques\/wp-content\/uploads\/sites\/30\/2021\/04\/JORRO_2NDE_genially_vecteurscolineaires.pdf\" target=\"_blank\" rel=\"noopener\"><strong>R\u00e9viser avec Genially (automatismes et approfondissement), en classe de Seconde (les vecteurs)<\/strong><\/a><\/td>\n<td style=\"width: 33.3333%; border-color: #e8e6e6; text-align: center;\"><strong><span style=\"color: #ff6600;\"><a style=\"color: #ff6600;\" href=\"https:\/\/view.genial.ly\/607eb2c7d2a0500dab966e0d\/presentation-regate-vectorielle\" target=\"_blank\" rel=\"noopener\">Genially<\/a><\/span><\/strong><\/td>\n<td style=\"width: 33.3333%; text-align: center; border-color: #e8e6e6;\">Ordinateur, tablette ou smartphone connect\u00e9 \u00e0 internet<\/td>\n<\/tr>\n<\/tbody>\n<\/table>\n<p>&nbsp;<\/p>\n","protected":false},"excerpt":{"rendered":"<p>Cet article regroupe des retours d&rsquo;exp\u00e9rience du Groupe de R\u00e9flexion Acad\u00e9mique Lyc\u00e9e (GRAL) et du Groupe Num\u00e9rique Disciplinaire (GND) concernant la continuit\u00e9 p\u00e9dagogique 2020-2021. Ces exemples ne sont pas des mod\u00e8les \u00e0 reproduire, et aucun de ces dispositifs n\u2019est fig\u00e9 dans la forme ou le contenu. Ils visent \u00e0 donner des pistes de r\u00e9flexion aux [&hellip;]<\/p>\n","protected":false},"author":202,"featured_media":0,"comment_status":"closed","ping_status":"closed","sticky":false,"template":"","format":"standard","meta":{"_et_pb_use_builder":"","_et_pb_old_content":"","_et_gb_content_width":"","ngg_post_thumbnail":0,"footnotes":""},"categories":[155,148,1],"tags":[],"class_list":["post-3909","post","type-post","status-publish","format-standard","hentry","category-au-lycee","category-groupe-dintegration-pedagogique-des-outils-numeriques-dans-les-classes","category-non-classe","et-doesnt-have-format-content","et_post_format-et-post-format-standard"],"rttpg_featured_image_url":null,"rttpg_author":{"display_name":"admin","author_link":"https:\/\/www.pedagogie.ac-nice.fr\/mathematiques\/author\/opilorget\/"},"rttpg_comment":0,"rttpg_category":"<a href=\"https:\/\/www.pedagogie.ac-nice.fr\/mathematiques\/category\/enseigner\/ressources-academiques\/au-lycee\/\" rel=\"category tag\">Au lyc\u00e9e<\/a> <a href=\"https:\/\/www.pedagogie.ac-nice.fr\/mathematiques\/category\/se-former\/groupe-dintegration-pedagogique-des-outils-numeriques-dans-les-classes\/\" rel=\"category tag\">Groupe d'int\u00e9gration p\u00e9dagogique des outils num\u00e9riques dans les classes<\/a> <a href=\"https:\/\/www.pedagogie.ac-nice.fr\/mathematiques\/category\/non-classe\/\" rel=\"category tag\">Non class\u00e9<\/a>","rttpg_excerpt":"Cet article regroupe des retours d&rsquo;exp\u00e9rience du Groupe de R\u00e9flexion Acad\u00e9mique Lyc\u00e9e (GRAL) et du Groupe Num\u00e9rique Disciplinaire (GND) concernant la continuit\u00e9 p\u00e9dagogique 2020-2021. Ces exemples ne sont pas des mod\u00e8les \u00e0 reproduire, et aucun de ces dispositifs n\u2019est fig\u00e9 dans la forme ou le contenu. Ils visent \u00e0 donner des pistes de r\u00e9flexion aux\u2026","post_mailing_queue_ids":[],"_links":{"self":[{"href":"https:\/\/www.pedagogie.ac-nice.fr\/mathematiques\/wp-json\/wp\/v2\/posts\/3909","targetHints":{"allow":["GET"]}}],"collection":[{"href":"https:\/\/www.pedagogie.ac-nice.fr\/mathematiques\/wp-json\/wp\/v2\/posts"}],"about":[{"href":"https:\/\/www.pedagogie.ac-nice.fr\/mathematiques\/wp-json\/wp\/v2\/types\/post"}],"author":[{"embeddable":true,"href":"https:\/\/www.pedagogie.ac-nice.fr\/mathematiques\/wp-json\/wp\/v2\/users\/202"}],"replies":[{"embeddable":true,"href":"https:\/\/www.pedagogie.ac-nice.fr\/mathematiques\/wp-json\/wp\/v2\/comments?post=3909"}],"version-history":[{"count":30,"href":"https:\/\/www.pedagogie.ac-nice.fr\/mathematiques\/wp-json\/wp\/v2\/posts\/3909\/revisions"}],"predecessor-version":[{"id":3968,"href":"https:\/\/www.pedagogie.ac-nice.fr\/mathematiques\/wp-json\/wp\/v2\/posts\/3909\/revisions\/3968"}],"wp:attachment":[{"href":"https:\/\/www.pedagogie.ac-nice.fr\/mathematiques\/wp-json\/wp\/v2\/media?parent=3909"}],"wp:term":[{"taxonomy":"category","embeddable":true,"href":"https:\/\/www.pedagogie.ac-nice.fr\/mathematiques\/wp-json\/wp\/v2\/categories?post=3909"},{"taxonomy":"post_tag","embeddable":true,"href":"https:\/\/www.pedagogie.ac-nice.fr\/mathematiques\/wp-json\/wp\/v2\/tags?post=3909"}],"curies":[{"name":"wp","href":"https:\/\/api.w.org\/{rel}","templated":true}]}}