{"id":4066,"date":"2021-06-15T14:03:11","date_gmt":"2021-06-15T12:03:11","guid":{"rendered":"https:\/\/www.pedagogie.ac-nice.fr\/mathematiques\/?p=4066"},"modified":"2021-07-02T10:26:20","modified_gmt":"2021-07-02T08:26:20","slug":"le-palmares-academique-des-olympiades-2021","status":"publish","type":"post","link":"https:\/\/www.pedagogie.ac-nice.fr\/mathematiques\/le-palmares-academique-des-olympiades-2021\/","title":{"rendered":"Le palmar\u00e8s acad\u00e9mique des Olympiades 2021"},"content":{"rendered":"<p><img loading=\"lazy\" decoding=\"async\" class=\" wp-image-3733 alignleft\" src=\"https:\/\/www.pedagogie.ac-nice.fr\/mathematiques\/wp-content\/uploads\/sites\/30\/2021\/01\/2021_olympiades_affiches_A3_v4_Mathematiques-scaled.jpg\" alt=\"\" width=\"276\" height=\"382\">Les \u00e9preuves des Olympiades de math\u00e9matiques se sont d\u00e9roul\u00e9es le <strong>mardi 23 mars de 12h \u00e0 16h10<\/strong>. Pr\u00e8s de <strong>400 candidats<\/strong> y ont particip\u00e9, en individuel ou en \u00e9quipe pour la partie acad\u00e9mique.<\/p>\n<p>Les candidats ont \u00e9t\u00e9 class\u00e9s s\u00e9par\u00e9ment par voie g\u00e9n\u00e9rale et voie technologique.<\/p>\n<p>Est pr\u00e9cis\u00e9 le mode de passation du candidat pour la partie acad\u00e9mique de l&rsquo;\u00e9preuve : \u00e9quipe ou Individuel<\/p>\n<p>Chaque copie a re\u00e7u une appr\u00e9ciation pour la partie nationale et pour la partie acad\u00e9mique sous forme de mention de la mani\u00e8re suivante :<br \/>\n&nbsp;&nbsp;&nbsp; H : copie honorable<br \/>\n&nbsp; &nbsp; S : copie satisfaisante<br \/>\n&nbsp; &nbsp; TS : copie tr\u00e8s satisfaisante<br \/>\n&nbsp;&nbsp;&nbsp; E : copie excellente<br \/>\n&nbsp;&nbsp;&nbsp; Mention acad\u00e9mique : E Prim\u00e9 : copie excellente prim\u00e9e au jury acad\u00e9mique<br \/>\n&nbsp;&nbsp; Mention nationale : E : copie excellente transmise au jury national<\/p>\n<p style=\"text-align: center;\"><em><strong><span style=\"font-size: 14pt;\">Consulter<\/span><\/strong><\/em><\/p>\n<ul>\n<li>Les <a href=\"https:\/\/www.pedagogie.ac-nice.fr\/mathematiques\/wp-content\/uploads\/sites\/30\/2021\/06\/3.Palmares-academique_-OAM_2021_-classement-par-etablissement.pdf\" target=\"_blank\" rel=\"noopener\"><strong>appr\u00e9ciations re\u00e7ues pour chaque candidat <\/strong><\/a>(classement par \u00e9tablissement )<\/li>\n<li>Le <a href=\"https:\/\/www.pedagogie.ac-nice.fr\/mathematiques\/wp-content\/uploads\/sites\/30\/2021\/06\/1.Palmares-OAM_academie-de-Nice_session-2021_alphabetique.pdf\" target=\"_blank\" rel=\"noopener\"><strong>palmar\u00e8s acad\u00e9mique par ordre alphab\u00e9tique<\/strong><\/a>&nbsp; et <strong><a href=\"https:\/\/www.pedagogie.ac-nice.fr\/mathematiques\/wp-content\/uploads\/sites\/30\/2021\/07\/Palmares-OAM_academie-de-Nice_session-2021_bis.pdf\" target=\"_blank\" rel=\"noopener\">le classement au m\u00e9rite<\/a><br \/>\n<\/strong><\/li>\n<li>La <strong><a href=\"https:\/\/www.pedagogie.ac-nice.fr\/mathematiques\/wp-content\/uploads\/sites\/30\/2021\/06\/4.Bordereau-Copies-academie-de-Nice-2021_selection-pour-jury-national.pdf\" target=\"_blank\" rel=\"noopener\">liste des candidats de l\u2019acad\u00e9mie de Nice dont la copie a \u00e9t\u00e9 transmise au jury national<\/a> <\/strong>(classement alphab\u00e9tique par s\u00e9rie) et<a href=\"https:\/\/www.pedagogie.ac-nice.fr\/mathematiques\/wp-content\/uploads\/sites\/30\/2021\/06\/5.Bordereau-Copies-academie-de-Nice-2021_laureats-nationaux.pdf\" target=\"_blank\" rel=\"noopener\"><strong> les laur\u00e9ats de l&rsquo;acad\u00e9mie de Nice prim\u00e9 au national<\/strong><\/a>.<\/li>\n<\/ul>\n","protected":false},"excerpt":{"rendered":"<p>Les \u00e9preuves des Olympiades de math\u00e9matiques se sont d\u00e9roul\u00e9es le mardi 23 mars de 12h \u00e0 16h10. Pr\u00e8s de 400 candidats y ont particip\u00e9, en individuel ou en \u00e9quipe pour la partie acad\u00e9mique. Les candidats ont \u00e9t\u00e9 class\u00e9s s\u00e9par\u00e9ment par voie g\u00e9n\u00e9rale et voie technologique. Est pr\u00e9cis\u00e9 le mode de passation du candidat pour la [&hellip;]<\/p>\n","protected":false},"author":202,"featured_media":0,"comment_status":"closed","ping_status":"closed","sticky":false,"template":"","format":"standard","meta":{"_et_pb_use_builder":"","_et_pb_old_content":"","_et_gb_content_width":"","ngg_post_thumbnail":0,"footnotes":""},"categories":[1,157],"tags":[],"class_list":["post-4066","post","type-post","status-publish","format-standard","hentry","category-non-classe","category-olympiades","et-doesnt-have-format-content","et_post_format-et-post-format-standard"],"rttpg_featured_image_url":null,"rttpg_author":{"display_name":"admin","author_link":"https:\/\/www.pedagogie.ac-nice.fr\/mathematiques\/author\/opilorget\/"},"rttpg_comment":0,"rttpg_category":"<a href=\"https:\/\/www.pedagogie.ac-nice.fr\/mathematiques\/category\/non-classe\/\" rel=\"category tag\">Non class\u00e9<\/a> <a href=\"https:\/\/www.pedagogie.ac-nice.fr\/mathematiques\/category\/culture-mathematique\/rallyes-et-concours\/olympiades\/\" rel=\"category tag\">Olympiades<\/a>","rttpg_excerpt":"Les \u00e9preuves des Olympiades de math\u00e9matiques se sont d\u00e9roul\u00e9es le mardi 23 mars de 12h \u00e0 16h10. Pr\u00e8s de 400 candidats y ont particip\u00e9, en individuel ou en \u00e9quipe pour la partie acad\u00e9mique. Les candidats ont \u00e9t\u00e9 class\u00e9s s\u00e9par\u00e9ment par voie g\u00e9n\u00e9rale et voie technologique. Est pr\u00e9cis\u00e9 le mode de passation du candidat pour la\u2026","post_mailing_queue_ids":[],"_links":{"self":[{"href":"https:\/\/www.pedagogie.ac-nice.fr\/mathematiques\/wp-json\/wp\/v2\/posts\/4066","targetHints":{"allow":["GET"]}}],"collection":[{"href":"https:\/\/www.pedagogie.ac-nice.fr\/mathematiques\/wp-json\/wp\/v2\/posts"}],"about":[{"href":"https:\/\/www.pedagogie.ac-nice.fr\/mathematiques\/wp-json\/wp\/v2\/types\/post"}],"author":[{"embeddable":true,"href":"https:\/\/www.pedagogie.ac-nice.fr\/mathematiques\/wp-json\/wp\/v2\/users\/202"}],"replies":[{"embeddable":true,"href":"https:\/\/www.pedagogie.ac-nice.fr\/mathematiques\/wp-json\/wp\/v2\/comments?post=4066"}],"version-history":[{"count":9,"href":"https:\/\/www.pedagogie.ac-nice.fr\/mathematiques\/wp-json\/wp\/v2\/posts\/4066\/revisions"}],"predecessor-version":[{"id":4183,"href":"https:\/\/www.pedagogie.ac-nice.fr\/mathematiques\/wp-json\/wp\/v2\/posts\/4066\/revisions\/4183"}],"wp:attachment":[{"href":"https:\/\/www.pedagogie.ac-nice.fr\/mathematiques\/wp-json\/wp\/v2\/media?parent=4066"}],"wp:term":[{"taxonomy":"category","embeddable":true,"href":"https:\/\/www.pedagogie.ac-nice.fr\/mathematiques\/wp-json\/wp\/v2\/categories?post=4066"},{"taxonomy":"post_tag","embeddable":true,"href":"https:\/\/www.pedagogie.ac-nice.fr\/mathematiques\/wp-json\/wp\/v2\/tags?post=4066"}],"curies":[{"name":"wp","href":"https:\/\/api.w.org\/{rel}","templated":true}]}}