{"id":4254,"date":"2021-09-20T15:24:26","date_gmt":"2021-09-20T13:24:26","guid":{"rendered":"https:\/\/www.pedagogie.ac-nice.fr\/mathematiques\/?p=4254"},"modified":"2021-09-20T16:40:20","modified_gmt":"2021-09-20T14:40:20","slug":"les-maths-en-scene-regards-de-geometre","status":"publish","type":"post","link":"https:\/\/www.pedagogie.ac-nice.fr\/mathematiques\/les-maths-en-scene-regards-de-geometre\/","title":{"rendered":"Les Maths en Sc\u00e8ne &#8211; \u00ab\u00a0Regards de g\u00e9om\u00e8tre\u00a0\u00bb"},"content":{"rendered":"<p><strong><img loading=\"lazy\" decoding=\"async\" class=\"wp-image-4256 alignleft\" src=\"https:\/\/www.pedagogie.ac-nice.fr\/mathematiques\/wp-content\/uploads\/sites\/30\/2021\/09\/Plan-de-travail-1@2x.png\" alt=\"\" width=\"329\" height=\"107\" srcset=\"https:\/\/www.pedagogie.ac-nice.fr\/mathematiques\/wp-content\/uploads\/sites\/30\/2021\/09\/Plan-de-travail-1@2x.png 1134w, https:\/\/www.pedagogie.ac-nice.fr\/mathematiques\/wp-content\/uploads\/sites\/30\/2021\/09\/Plan-de-travail-1@2x-300x98.png 300w, https:\/\/www.pedagogie.ac-nice.fr\/mathematiques\/wp-content\/uploads\/sites\/30\/2021\/09\/Plan-de-travail-1@2x-1024x333.png 1024w, https:\/\/www.pedagogie.ac-nice.fr\/mathematiques\/wp-content\/uploads\/sites\/30\/2021\/09\/Plan-de-travail-1@2x-150x49.png 150w, https:\/\/www.pedagogie.ac-nice.fr\/mathematiques\/wp-content\/uploads\/sites\/30\/2021\/09\/Plan-de-travail-1@2x-768x250.png 768w, https:\/\/www.pedagogie.ac-nice.fr\/mathematiques\/wp-content\/uploads\/sites\/30\/2021\/09\/Plan-de-travail-1@2x-1080x351.png 1080w\" sizes=\"(max-width: 329px) 100vw, 329px\" \/><\/strong>Pour l\u2019ann\u00e9e scolaire 2021-2022, <a href=\"https:\/\/lesmathsenscene.fr\/\" target=\"_blank\" rel=\"noopener\">l\u2019association <strong>\u00abLes Maths en sc\u00e8ne\u00bb<\/strong><\/a> lance la <strong>5\u00e8me \u00e9dition du dispositif \u201c<a href=\"https:\/\/lesmathsenscene.fr\/regards-de-geometre\/\" target=\"_blank\" rel=\"noopener\">Regards de G\u00e9om\u00e8tre<\/a>\u201d<\/strong>. Le dispositif a pour objectif de faire d\u00e9couvrir la culture math\u00e9matique via le monde artistique et scientifique.<\/p>\n<p>&nbsp;<\/p>\n<p>Ce projet s\u2019adresse aux \u00e9l\u00e8ves de la maternelle jusqu\u2019au lyc\u00e9e (lyc\u00e9es g\u00e9n\u00e9raux, technologiques et professionnels) et aux \u00e9l\u00e8ves des EREA.<\/p>\n<p><strong><img loading=\"lazy\" decoding=\"async\" class=\" wp-image-4255 alignright\" src=\"https:\/\/www.pedagogie.ac-nice.fr\/mathematiques\/wp-content\/uploads\/sites\/30\/2021\/09\/logo_RDG.jpg\" alt=\"\" width=\"360\" height=\"270\" srcset=\"https:\/\/www.pedagogie.ac-nice.fr\/mathematiques\/wp-content\/uploads\/sites\/30\/2021\/09\/logo_RDG.jpg 622w, https:\/\/www.pedagogie.ac-nice.fr\/mathematiques\/wp-content\/uploads\/sites\/30\/2021\/09\/logo_RDG-300x225.jpg 300w, https:\/\/www.pedagogie.ac-nice.fr\/mathematiques\/wp-content\/uploads\/sites\/30\/2021\/09\/logo_RDG-150x113.jpg 150w\" sizes=\"(max-width: 360px) 100vw, 360px\" \/>\u00ab\u00a0Regards de g\u00e9om\u00e8tre\u00a0\u00bb<\/strong> est un dispositif national qui permet de donner une nouvelle dimension \u00e0 la p\u00e9dagogie de projet et d&rsquo;enrichir les pratiques de classes par une ouverture \u00e0 la culture math\u00e9matique, en lien avec les disciplines artistiques et scientifiques et le monde de la recherche. Il permet de nourrir le parcours avenir, le parcours d\u2019\u00e9ducation artistique et culturelle et le parcours citoyen.<\/p>\n<p>Ce projet interdisciplinaire et collaboratif donne l&rsquo;opportunit\u00e9 aux classes inscrites de r\u00e9aliser une production artistique ou num\u00e9rique (infographie, application num\u00e9rique, film d\u2019animation, ch\u00e2ssis, sculpture, sayn\u00e8te, mus\u00e9e virtuel, image augment\u00e9e, visite guid\u00e9e en 360\u00b0 (Vizor), livre num\u00e9rique, BD, nouvelle, \u2026), sur <strong>un th\u00e8me choisi parmi <a href=\"https:\/\/lesmathsenscene.fr\/regards-de-geometre\/\" target=\"_blank\" rel=\"noopener\">60 propos\u00e9s<\/a><\/strong>, tout en b\u00e9n\u00e9ficiant des comp\u00e9tences d&rsquo;un <strong>r\u00e9f\u00e9rent scientifique<\/strong> et d\u2019un <strong>r\u00e9f\u00e9rent artistique<\/strong>.<\/p>\n<section class=\"elementor-element elementor-element-6fb0b25 elementor-section-boxed elementor-section-height-default elementor-section-height-default elementor-section elementor-top-section\" data-id=\"6fb0b25\" data-element_type=\"section\">\n<div class=\"elementor-container elementor-column-gap-default\">\n<div class=\"elementor-row\">\n<div class=\"elementor-element elementor-element-2b6b622 elementor-column elementor-col-100 elementor-top-column\" data-id=\"2b6b622\" data-element_type=\"column\">\n<div class=\"elementor-column-wrap elementor-element-populated\">\n<div class=\"elementor-widget-wrap\">\n<div class=\"elementor-element elementor-element-251adbc elementor-widget elementor-widget-text-editor\" data-id=\"251adbc\" data-element_type=\"widget\" data-widget_type=\"text-editor.default\">\n<div class=\"elementor-widget-container\">\n<div class=\"elementor-text-editor elementor-clearfix\">\n<p dir=\"ltr\">Le dernier trimestre de l\u2019ann\u00e9e scolaire 2021-2022, chaque projet sera pr\u00e9sent\u00e9 par les \u00e9l\u00e8ves lors du colloque <strong>\u00ab Regards de g\u00e9om\u00e8tre: Arts, Maths et Culture \u00bb<\/strong>.&nbsp;<\/p>\n<p dir=\"ltr\">L\u2019ensemble des productions artistiques ou num\u00e9riques et leurs fiches descriptives seront expos\u00e9es au <strong>mus\u00e9e des Beaux-Arts de Nice du 17 au 29 mai 2022<\/strong>.<\/p>\n<p dir=\"ltr\">&nbsp;<\/p>\n<\/div>\n<\/div>\n<\/div>\n<\/div>\n<\/div>\n<\/div>\n<\/div>\n<\/div>\n<\/section>\n<h3><span style=\"color: #4444a6;\">Inscriptions<\/span><\/h3>\n<p>Les coll\u00e8gues int\u00e9ress\u00e9s peuvent <strong>s&rsquo;inscrire jusqu&rsquo;au 25 septembre 2021 <\/strong>en compl\u00e9tant le <a href=\"https:\/\/forms.gle\/Ura7kEYxMp1oRUK36\" target=\"_blank\" rel=\"noopener\">formulaire en ligne<\/a> dans lequel il est demand\u00e9 de d\u00e9crire le projet d\u00e9pos\u00e9 dans le cadre du dispositif :&nbsp;<\/p>\n<p>Pour cette ann\u00e9e,&nbsp;<strong>20 projets seront retenus<\/strong>. Les enseignants inscrits au projet seront invit\u00e9s \u00e0 une r\u00e9union d&rsquo;information.<br \/>\nIls pourront s&rsquo;appuyer sur l&rsquo;\u00e9quipe d\u2019ambassadrices de l&rsquo;association \u00ab Les Maths en Sc\u00e8ne \u00bb de l\u2019acad\u00e9mie tout au long de leur projet :&nbsp;<a title=\"Composer un message \u00e0 ons.chedly@ac-nice.fr\">ons.chedly@ac-nice.fr<\/a> et&nbsp; <a title=\"Composer un message \u00e0 isabelle.lovreglio@ac-nice.fr\">isabelle.lovreglio@ac-nice.fr<\/a><\/p>\n<h3><span style=\"color: #4444a6;\">En savoir plus &#8230;<\/span><\/h3>\n<ul>\n<li>Le site Les Maths En Sc\u00e8ne : <a href=\"https:\/\/lesmathsenscene.fr\/\" target=\"_blank\" rel=\"noopener\">https:\/\/lesmathsenscene.fr\/<\/a><\/li>\n<li>Pour tout renseignement : <a href=\"mailto:regards.geometre@lesmathsenscene.fr\">regards.geometre@lesmathsenscene.fr<\/a><\/li>\n<li>Un Genially et un dossier complet sont disponibles pour d\u00e9tailler les diff\u00e9rentes \u00e9tapes du projet<\/li>\n<\/ul>\n<p>&nbsp;&nbsp;&nbsp;&nbsp;&nbsp;&nbsp;&nbsp;&nbsp;&nbsp;&nbsp;&nbsp;&nbsp;&nbsp;&nbsp;&nbsp;&nbsp;&nbsp;&nbsp;&nbsp;&nbsp;&nbsp;&nbsp;&nbsp;&nbsp; <a href='https:\/\/view.genial.ly\/610a48b0c34dbf0db5eeb14d\/presentation-regard-de-geometre#' class='big-button bigblue' target=\"_blank\">Genial.ly \u00ab\u00a0Regards de g\u00e9om\u00e8tre\u00a0\u00bb<\/a> <a href='https:\/\/drive.google.com\/file\/d\/1Vq5AccVqoA8kpijQFYDpZQb-CuEsotqJ\/view?usp=sharing' class='big-button bigblue' target=\"_blank\">Dossier \u00ab\u00a0Regards de g\u00e9om\u00e8tre\u00a0\u00bb<\/a> &nbsp;<\/p>\n<p>&nbsp;<\/p>\n","protected":false},"excerpt":{"rendered":"<p>Pour l\u2019ann\u00e9e scolaire 2021-2022, l\u2019association \u00abLes Maths en sc\u00e8ne\u00bb lance la 5\u00e8me \u00e9dition du dispositif \u201cRegards de G\u00e9om\u00e8tre\u201d. Le dispositif a pour objectif de faire d\u00e9couvrir la culture math\u00e9matique via le monde artistique et scientifique. &nbsp; Ce projet s\u2019adresse aux \u00e9l\u00e8ves de la maternelle jusqu\u2019au lyc\u00e9e (lyc\u00e9es g\u00e9n\u00e9raux, technologiques et professionnels) et aux \u00e9l\u00e8ves des [&hellip;]<\/p>\n","protected":false},"author":202,"featured_media":0,"comment_status":"closed","ping_status":"closed","sticky":false,"template":"","format":"standard","meta":{"_et_pb_use_builder":"","_et_pb_old_content":"","_et_gb_content_width":"","ngg_post_thumbnail":0,"footnotes":""},"categories":[181,1],"tags":[],"class_list":["post-4254","post","type-post","status-publish","format-standard","hentry","category-artsmaths","category-non-classe","et-doesnt-have-format-content","et_post_format-et-post-format-standard"],"rttpg_featured_image_url":null,"rttpg_author":{"display_name":"admin","author_link":"https:\/\/www.pedagogie.ac-nice.fr\/mathematiques\/author\/opilorget\/"},"rttpg_comment":0,"rttpg_category":"<a href=\"https:\/\/www.pedagogie.ac-nice.fr\/mathematiques\/category\/culture-mathematique\/artsmaths\/\" rel=\"category tag\">Arts&amp;Maths<\/a> <a href=\"https:\/\/www.pedagogie.ac-nice.fr\/mathematiques\/category\/non-classe\/\" rel=\"category tag\">Non class\u00e9<\/a>","rttpg_excerpt":"Pour l\u2019ann\u00e9e scolaire 2021-2022, l\u2019association \u00abLes Maths en sc\u00e8ne\u00bb lance la 5\u00e8me \u00e9dition du dispositif \u201cRegards de G\u00e9om\u00e8tre\u201d. Le dispositif a pour objectif de faire d\u00e9couvrir la culture math\u00e9matique via le monde artistique et scientifique. &nbsp; Ce projet s\u2019adresse aux \u00e9l\u00e8ves de la maternelle jusqu\u2019au lyc\u00e9e (lyc\u00e9es g\u00e9n\u00e9raux, technologiques et professionnels) et aux \u00e9l\u00e8ves des\u2026","post_mailing_queue_ids":[],"_links":{"self":[{"href":"https:\/\/www.pedagogie.ac-nice.fr\/mathematiques\/wp-json\/wp\/v2\/posts\/4254","targetHints":{"allow":["GET"]}}],"collection":[{"href":"https:\/\/www.pedagogie.ac-nice.fr\/mathematiques\/wp-json\/wp\/v2\/posts"}],"about":[{"href":"https:\/\/www.pedagogie.ac-nice.fr\/mathematiques\/wp-json\/wp\/v2\/types\/post"}],"author":[{"embeddable":true,"href":"https:\/\/www.pedagogie.ac-nice.fr\/mathematiques\/wp-json\/wp\/v2\/users\/202"}],"replies":[{"embeddable":true,"href":"https:\/\/www.pedagogie.ac-nice.fr\/mathematiques\/wp-json\/wp\/v2\/comments?post=4254"}],"version-history":[{"count":12,"href":"https:\/\/www.pedagogie.ac-nice.fr\/mathematiques\/wp-json\/wp\/v2\/posts\/4254\/revisions"}],"predecessor-version":[{"id":4268,"href":"https:\/\/www.pedagogie.ac-nice.fr\/mathematiques\/wp-json\/wp\/v2\/posts\/4254\/revisions\/4268"}],"wp:attachment":[{"href":"https:\/\/www.pedagogie.ac-nice.fr\/mathematiques\/wp-json\/wp\/v2\/media?parent=4254"}],"wp:term":[{"taxonomy":"category","embeddable":true,"href":"https:\/\/www.pedagogie.ac-nice.fr\/mathematiques\/wp-json\/wp\/v2\/categories?post=4254"},{"taxonomy":"post_tag","embeddable":true,"href":"https:\/\/www.pedagogie.ac-nice.fr\/mathematiques\/wp-json\/wp\/v2\/tags?post=4254"}],"curies":[{"name":"wp","href":"https:\/\/api.w.org\/{rel}","templated":true}]}}