{"id":493,"date":"2018-06-13T20:43:36","date_gmt":"2018-06-13T18:43:36","guid":{"rendered":"https:\/\/www.pedagogie.ac-nice.fr\/mathematiques\/2018\/06\/13\/education-financiere-et-budgetaire\/"},"modified":"2022-11-08T21:22:51","modified_gmt":"2022-11-08T20:22:51","slug":"education-financiere-et-budgetaire","status":"publish","type":"post","link":"https:\/\/www.pedagogie.ac-nice.fr\/mathematiques\/education-financiere-et-budgetaire\/","title":{"rendered":"Education financi\u00e8re et budg\u00e9taire"},"content":{"rendered":"<p style=\"text-align: justify;\"><a href=\"http:\/\/www2.ac-nice.fr\/cid130995\/felicitations-aux-laureats-academiques-des-olympiades-de-mathematiques-et-de-geosciences-2018.html\" target=\"_blank\" rel=\"noopener noreferrer\"><img loading=\"lazy\" decoding=\"async\" class=\" alignleft size-full wp-image-488\" style=\"float: left;\" src=\"https:\/\/www.pedagogie.ac-nice.fr\/mathematiques\/wp-content\/uploads\/sites\/30\/2018\/06\/logo_bdf.jpg\" alt=\"logo bdf\" width=\"170\" height=\"80\" srcset=\"https:\/\/www.pedagogie.ac-nice.fr\/mathematiques\/wp-content\/uploads\/sites\/30\/2018\/06\/logo_bdf.jpg 1025w, https:\/\/www.pedagogie.ac-nice.fr\/mathematiques\/wp-content\/uploads\/sites\/30\/2018\/06\/logo_bdf-300x143.jpg 300w, https:\/\/www.pedagogie.ac-nice.fr\/mathematiques\/wp-content\/uploads\/sites\/30\/2018\/06\/logo_bdf-768x365.jpg 768w, https:\/\/www.pedagogie.ac-nice.fr\/mathematiques\/wp-content\/uploads\/sites\/30\/2018\/06\/logo_bdf-1024x487.jpg 1024w\" sizes=\"(max-width: 170px) 100vw, 170px\" \/><\/a><\/p>\n<p style=\"text-align: justify;\"><a href=\"https:\/\/www.mesquestionsdargent.fr\/\" target=\"_blank\" rel=\"noopener noreferrer\"><img loading=\"lazy\" decoding=\"async\" class=\" alignright size-full wp-image-489\" style=\"float: right;\" src=\"https:\/\/www.pedagogie.ac-nice.fr\/mathematiques\/wp-content\/uploads\/sites\/30\/2018\/06\/logoMesQuestionsArgent.png\" alt=\"logoMesQuestionsArgent\" width=\"366\" height=\"71\" \/><\/a><\/p>\n<p style=\"text-align: justify;\"><span style=\"font-size: 14pt;\">\u00a0<\/span><\/p>\n<p style=\"text-align: justify;\"><span style=\"font-size: 14pt;\">\u00a0<\/span><\/p>\n<p style=\"text-align: left;\"><span style=\"font-size: 14pt;\">R\u00e9unions d&rsquo;information Banque de France et Education nationale &#8211; Acad\u00e9mie de Nice :\u00a0 \u00e9ducation financi\u00e8re et budg\u00e9taire<\/span><\/p>\n<p style=\"text-align: left;\">Le besoin d&rsquo;une \u00e9ducation financi\u00e8re et budg\u00e9taire pour tous les citoyens a \u00e9t\u00e9 soulev\u00e9 dans le cadre du Plan pluriannuel contre la pauvret\u00e9 et pour l&rsquo;inclusion sociale (2013). Dans ce contexte, une strat\u00e9gie nationale d&rsquo;\u00e9ducation financi\u00e8re a \u00e9t\u00e9 adopt\u00e9e. Elle propose notamment le d\u00e9veloppement d&rsquo;une \u00e9ducation budg\u00e9taire et financi\u00e8re pour tous les \u00e9l\u00e8ves, d\u00e8s l&rsquo;\u00e9cole \u00e9l\u00e9mentaire et tout au long de la scolarit\u00e9.\u00a0 Les questions financi\u00e8res et budg\u00e9taires sont pr\u00e9sentes dans la vie quotidienne des \u00e9l\u00e8ves sans qu&rsquo;ils puissent toujours en comprendre le sens. L&rsquo;\u00e9ducation financi\u00e8re et budg\u00e9taire vise \u00e0 leur faire acqu\u00e9rir des connaissances et des comp\u00e9tences afin qu&rsquo;ils puissent mieux appr\u00e9hender la vie \u00e9conomique et faire des choix en citoyens \u00e9clair\u00e9s. Adoss\u00e9e aux programmes, l&rsquo;\u00e9ducation financi\u00e8re et budg\u00e9taire offre des situations concr\u00e8tes vari\u00e9es dans diff\u00e9rents champs d&rsquo;enseignement. Les math\u00e9matiques constituent un point d&rsquo;ancrage privil\u00e9gi\u00e9.<\/p>\n<p style=\"text-align: left;\">Quatre r\u00e9unions d&rsquo;information, anim\u00e9s par des repr\u00e9sentants de la banque de France, ont eu lieu dans notre acad\u00e9mie pour pr\u00e9senter les enjeux de l&rsquo;\u00e9ducation financi\u00e8re et budg\u00e9taire et les partenariats possibles avec la banque de France. Des formations seront propos\u00e9es au plan acad\u00e9mique de formation pour proposer une poursuite p\u00e9dagogique sur ces questions.<\/p>\n<table class=\" alignleft\" style=\"width: 84.44%;\" border=\"0\">\n<tbody>\n<tr>\n<td style=\"border: 1px solid #000000; width: 57.93%;\"><strong>Reunions d&rsquo;information<\/strong><\/td>\n<td style=\"border: 1px solid #000000; width: 15.86%;\"><strong>Intervenants<\/strong><\/td>\n<td style=\"border: 1px solid #000000; width: 24.7%;\"><strong>Fichiers de pr\u00e9sentation<\/strong><\/td>\n<\/tr>\n<tr>\n<td style=\"border: 1px solid #000000; width: 57.93%;\"><span style=\"font-family: 'Calibri', 'sans-serif';\">16 mai 2018 &#8211; Lyc\u00e9e Guillaume Apollinaire \u00e0 Nice de 14h30 \u00e0 16h30<\/span><\/td>\n<td style=\"border: 1px solid #000000; width: 15.86%;\">M. JEAMBRUN<\/td>\n<td style=\"border: 1px solid #000000; width: 24.7%; text-align: center;\"><a href=\"https:\/\/www.pedagogie.ac-nice.fr\/mathematiques\/wp-content\/uploads\/sites\/30\/2018\/06\/Intervention_prof_06_83_mai2018._jeambrun.pdf\" target=\"_blank\" rel=\"noopener noreferrer\">bdf_et_ressources<\/a><\/td>\n<\/tr>\n<tr>\n<td style=\"border: 1px solid #000000; width: 57.93%;\"><span style=\"font-family: 'Calibri', 'sans-serif';\">23 mai 2018 &#8211; Coll\u00e8ge les Muriers \u00e0 Cannes de 14h30 \u00e0 16h30<\/span><\/td>\n<td style=\"border: 1px solid #000000; width: 15.86%;\">M. PERRAUDIN<\/td>\n<td style=\"border: 1px solid #000000; width: 24.7%; text-align: center;\">\n<p style=\"text-align: center;\"><a href=\"https:\/\/www.pedagogie.ac-nice.fr\/mathematiques\/wp-content\/uploads\/sites\/30\/2018\/06\/DiaporamaInstitutionnel-VF-7mai2018_perraudin.pdf\" target=\"_blank\" rel=\"noopener noreferrer\">bdf<\/a> et <a href=\"https:\/\/www.pedagogie.ac-nice.fr\/mathematiques\/wp-content\/uploads\/sites\/30\/2018\/06\/Presentation-Ressources-enseignants_perraudin.pdf\" target=\"_blank\" rel=\"noopener noreferrer\">ressources<\/a><\/p>\n<\/td>\n<\/tr>\n<tr>\n<td style=\"border: 1px solid #000000; width: 57.93%;\"><span style=\"font-family: 'Calibri', 'sans-serif';\">30 mai 2018 &#8211; Coll\u00e8ge Maurice Genevoix \u00e0 Toulon de 14h30 \u00e0 16h30<\/span><\/td>\n<td style=\"border: 1px solid #000000; width: 15.86%;\">M. JEAMBRUN<\/td>\n<td style=\"border: 1px solid #000000; width: 24.7%; text-align: center;\"><a href=\"https:\/\/www.pedagogie.ac-nice.fr\/mathematiques\/wp-content\/uploads\/sites\/30\/2018\/06\/Intervention_prof_06_83_mai2018._jeambrun.pdf\" target=\"_blank\" rel=\"noopener noreferrer\">bdf_et_ressources<\/a><\/td>\n<\/tr>\n<tr>\n<td style=\"border: 1px solid #000000; width: 57.93%;\"><span style=\"font-family: 'Calibri', 'sans-serif';\">30 mai 2018 &#8211; Lyc\u00e9e du Val d&rsquo;Argens au Muy de 14h30 \u00e0 16h30<\/span><\/td>\n<td style=\"border: 1px solid #000000; width: 15.86%;\">M. PERRAUDIN<\/td>\n<td style=\"border: 1px solid #000000; width: 24.7%; text-align: center;\"><a href=\"https:\/\/www.pedagogie.ac-nice.fr\/mathematiques\/wp-content\/uploads\/sites\/30\/2018\/06\/DiaporamaInstitutionnel-VF-7mai2018_perraudin.pdf\" target=\"_blank\" rel=\"noopener noreferrer\">bdf<\/a> et <a href=\"https:\/\/www.pedagogie.ac-nice.fr\/mathematiques\/wp-content\/uploads\/sites\/30\/2018\/06\/Presentation-Ressources-enseignants_perraudin.pdf\" target=\"_blank\" rel=\"noopener noreferrer\">ressources<\/a><\/td>\n<\/tr>\n<\/tbody>\n<\/table>\n<p>&nbsp;<\/p>\n<p>&nbsp;<\/p>\n<p>&nbsp;<\/p>\n<p>&nbsp;<\/p>\n<p>&nbsp;<\/p>\n<p>&nbsp;<\/p>\n<p>&nbsp;<\/p>\n<p>&nbsp;<\/p>\n<p style=\"text-align: left;\">Pour aller plus loin :<\/p>\n<ul>\n<li style=\"text-align: left;\">Des ressources p\u00e9dagogiques des cyclles 2, 3 et 4 sur eduscol :\u00a0 <a href=\"http:\/\/eduscol.education.fr\/cid121293\/education-financiere-et-budgetaire.html\" target=\"_blank\" rel=\"noopener noreferrer\">consulter les ressources<\/a><\/li>\n<li style=\"text-align: left;\">Le portail national d&rsquo;\u00e9ducation \u00e9conomique, budg\u00e9taire et financi\u00e8res : <a href=\"https:\/\/www.mesquestionsdargent.fr\/\" target=\"_blank\" rel=\"noopener noreferrer\">mes questions d&rsquo;argent<\/a><\/li>\n<li style=\"text-align: left;\">Un site pour mieux comprendre l&rsquo;\u00e9conomie : <a href=\"https:\/\/www.citeco.fr\/\" target=\"_blank\" rel=\"noopener noreferrer\">cit\u00e9co<\/a><\/li>\n<li style=\"text-align: left;\">La banque de France propose des supports p\u00e9dagogiques grand public : <a href=\"https:\/\/abc-economie.banque-france.fr\/\" target=\"_blank\" rel=\"noopener noreferrer\">ABC de l&rsquo;\u00e9conomie<\/a><\/li>\n<\/ul>\n","protected":false},"excerpt":{"rendered":"<p>\u00a0 \u00a0 R\u00e9unions d&rsquo;information Banque de France et Education nationale &#8211; Acad\u00e9mie de Nice :\u00a0 \u00e9ducation financi\u00e8re et budg\u00e9taire Le besoin d&rsquo;une \u00e9ducation financi\u00e8re et budg\u00e9taire pour tous les citoyens a \u00e9t\u00e9 soulev\u00e9 dans le cadre du Plan pluriannuel contre la pauvret\u00e9 et pour l&rsquo;inclusion sociale (2013). Dans ce contexte, une strat\u00e9gie nationale d&rsquo;\u00e9ducation financi\u00e8re [&hellip;]<\/p>\n","protected":false},"author":201,"featured_media":0,"comment_status":"closed","ping_status":"closed","sticky":false,"template":"","format":"standard","meta":{"_et_pb_use_builder":"","_et_pb_old_content":"","_et_gb_content_width":"","ngg_post_thumbnail":0,"footnotes":""},"categories":[190],"tags":[],"class_list":["post-493","post","type-post","status-publish","format-standard","hentry","category-educfi","et-doesnt-have-format-content","et_post_format-et-post-format-standard"],"rttpg_featured_image_url":null,"rttpg_author":{"display_name":"lfaubourg","author_link":"https:\/\/www.pedagogie.ac-nice.fr\/mathematiques\/author\/lfaubourg\/"},"rttpg_comment":0,"rttpg_category":"<a href=\"https:\/\/www.pedagogie.ac-nice.fr\/mathematiques\/category\/enseigner\/educfi\/\" rel=\"category tag\">Educfi<\/a>","rttpg_excerpt":"\u00a0 \u00a0 R\u00e9unions d&rsquo;information Banque de France et Education nationale &#8211; Acad\u00e9mie de Nice :\u00a0 \u00e9ducation financi\u00e8re et budg\u00e9taire Le besoin d&rsquo;une \u00e9ducation financi\u00e8re et budg\u00e9taire pour tous les citoyens a \u00e9t\u00e9 soulev\u00e9 dans le cadre du Plan pluriannuel contre la pauvret\u00e9 et pour l&rsquo;inclusion sociale (2013). Dans ce contexte, une strat\u00e9gie nationale d&rsquo;\u00e9ducation financi\u00e8re\u2026","post_mailing_queue_ids":[],"_links":{"self":[{"href":"https:\/\/www.pedagogie.ac-nice.fr\/mathematiques\/wp-json\/wp\/v2\/posts\/493","targetHints":{"allow":["GET"]}}],"collection":[{"href":"https:\/\/www.pedagogie.ac-nice.fr\/mathematiques\/wp-json\/wp\/v2\/posts"}],"about":[{"href":"https:\/\/www.pedagogie.ac-nice.fr\/mathematiques\/wp-json\/wp\/v2\/types\/post"}],"author":[{"embeddable":true,"href":"https:\/\/www.pedagogie.ac-nice.fr\/mathematiques\/wp-json\/wp\/v2\/users\/201"}],"replies":[{"embeddable":true,"href":"https:\/\/www.pedagogie.ac-nice.fr\/mathematiques\/wp-json\/wp\/v2\/comments?post=493"}],"version-history":[{"count":6,"href":"https:\/\/www.pedagogie.ac-nice.fr\/mathematiques\/wp-json\/wp\/v2\/posts\/493\/revisions"}],"predecessor-version":[{"id":1436,"href":"https:\/\/www.pedagogie.ac-nice.fr\/mathematiques\/wp-json\/wp\/v2\/posts\/493\/revisions\/1436"}],"wp:attachment":[{"href":"https:\/\/www.pedagogie.ac-nice.fr\/mathematiques\/wp-json\/wp\/v2\/media?parent=493"}],"wp:term":[{"taxonomy":"category","embeddable":true,"href":"https:\/\/www.pedagogie.ac-nice.fr\/mathematiques\/wp-json\/wp\/v2\/categories?post=493"},{"taxonomy":"post_tag","embeddable":true,"href":"https:\/\/www.pedagogie.ac-nice.fr\/mathematiques\/wp-json\/wp\/v2\/tags?post=493"}],"curies":[{"name":"wp","href":"https:\/\/api.w.org\/{rel}","templated":true}]}}